{"id":19732,"date":"2026-04-30T14:17:35","date_gmt":"2026-04-30T10:17:35","guid":{"rendered":"https:\/\/etab.ac-reunion.fr\/clg-jules-solesse\/?p=19732"},"modified":"2026-04-30T14:19:58","modified_gmt":"2026-04-30T10:19:58","slug":"champions-de-la-reunion","status":"publish","type":"post","link":"https:\/\/etab.ac-reunion.fr\/clg-jules-solesse\/champions-de-la-reunion\/","title":{"rendered":"CHAMPIONS DE LA REUNION!!!!!!!!!!"},"content":{"rendered":"<blockquote><p><span style=\"font-family: trebuchet ms, geneva, sans-serif;font-size: 12pt\">Mais quelle journ\u00e9e!!!<\/span><\/p>\n<p><span style=\"font-family: trebuchet ms, geneva, sans-serif;font-size: 12pt\">Sous le soleil ardent du Port, se jouaient les finales acad\u00e9miques opposant les meilleures sections handball benjamines de la R\u00e9union.<\/span><\/p>\n<p><span style=\"font-family: trebuchet ms, geneva, sans-serif;font-size: 12pt\">Ces finales nous ont offert une superbe journ\u00e9e de sport, d&rsquo;engagement et d&rsquo;\u00e9motions. Sur les terrains, nos jeunes champions ont port\u00e9 fi\u00e8rement les couleurs de la section handball du coll\u00e8ge avec beaucoup d&rsquo;envie, de solidarit\u00e9 et de d\u00e9termination. Face \u00e0 une belle adversit\u00e9 venue de toute l&rsquo;\u00eele, les benjamins et les benjamines ont montr\u00e9 de r\u00e9els progr\u00e8s, aussi bien dans le jeu collectif que dans l&rsquo;\u00e9tat d&rsquo;esprit. Des encouragements, des chants, des rires, et enfin des sourires sur tous les visages pour la remise des r\u00e9compenses.<\/span><\/p>\n<p><span style=\"font-family: trebuchet ms, geneva, sans-serif;font-size: 12pt\">Les benjamins et benjamines du coll\u00e8ge repartent avec \u00e0 leur cou, la m\u00e9daille d&rsquo;or tant esp\u00e9r\u00e9e! Bravo \u00e0 tous pour cette superbe performance.<\/span><\/p>\n<p><span style=\"font-family: trebuchet ms, geneva, sans-serif;font-size: 12pt\">Nous soulignerons \u00e9galement la certification niveau d\u00e9partemental de Tom Janel en tant qu&rsquo;arbitre.<\/span><\/p><\/blockquote>\n<p><img loading=\"lazy\" decoding=\"async\" class=\"alignnone size-medium wp-image-19733\" src=\"https:\/\/etab.ac-reunion.fr\/clg-jules-solesse\/wp-content\/uploads\/sites\/151\/2026\/04\/BG-BF-2026-300x225.jpeg\" alt=\"\" width=\"300\" height=\"225\" srcset=\"https:\/\/etab.ac-reunion.fr\/clg-jules-solesse\/wp-content\/uploads\/sites\/151\/2026\/04\/BG-BF-2026-300x225.jpeg 300w, https:\/\/etab.ac-reunion.fr\/clg-jules-solesse\/wp-content\/uploads\/sites\/151\/2026\/04\/BG-BF-2026-1024x768.jpeg 1024w, https:\/\/etab.ac-reunion.fr\/clg-jules-solesse\/wp-content\/uploads\/sites\/151\/2026\/04\/BG-BF-2026-768x576.jpeg 768w, https:\/\/etab.ac-reunion.fr\/clg-jules-solesse\/wp-content\/uploads\/sites\/151\/2026\/04\/BG-BF-2026-1536x1152.jpeg 1536w, https:\/\/etab.ac-reunion.fr\/clg-jules-solesse\/wp-content\/uploads\/sites\/151\/2026\/04\/BG-BF-2026-2048x1536.jpeg 2048w, https:\/\/etab.ac-reunion.fr\/clg-jules-solesse\/wp-content\/uploads\/sites\/151\/2026\/04\/BG-BF-2026-150x113.jpeg 150w\" sizes=\"auto, (max-width: 300px) 100vw, 300px\" \/><\/p>\n<p><span style=\"font-size: 12pt\">Article r\u00e9dig\u00e9 par : Mme Catinat<\/span><\/p>\n<p>&nbsp;<\/p>\n","protected":false},"excerpt":{"rendered":"<p>Mais quelle journ\u00e9e!!! Sous le soleil ardent du Port, se jouaient les finales acad\u00e9miques opposant les meilleures sections handball benjamines de la R\u00e9union. Ces finales nous ont offert une superbe journ\u00e9e de sport, d&rsquo;engagement et d&rsquo;\u00e9motions. Sur les terrains, nos jeunes champions ont port\u00e9 fi\u00e8rement les couleurs de la section\u2026<\/p>\n<p class=\"continue-reading-button\"> <a class=\"continue-reading-link\" href=\"https:\/\/etab.ac-reunion.fr\/clg-jules-solesse\/champions-de-la-reunion\/\">Continue reading<i class=\"crycon-right-dir\"><\/i><\/a><\/p>\n","protected":false},"author":19915,"featured_media":19733,"comment_status":"closed","ping_status":"closed","sticky":false,"template":"","format":"standard","meta":{"footnotes":""},"categories":[92],"tags":[],"class_list":["post-19732","post","type-post","status-publish","format-standard","has-post-thumbnail","hentry","category-carrousel-sport"],"_links":{"self":[{"href":"https:\/\/etab.ac-reunion.fr\/clg-jules-solesse\/wp-json\/wp\/v2\/posts\/19732","targetHints":{"allow":["GET"]}}],"collection":[{"href":"https:\/\/etab.ac-reunion.fr\/clg-jules-solesse\/wp-json\/wp\/v2\/posts"}],"about":[{"href":"https:\/\/etab.ac-reunion.fr\/clg-jules-solesse\/wp-json\/wp\/v2\/types\/post"}],"author":[{"embeddable":true,"href":"https:\/\/etab.ac-reunion.fr\/clg-jules-solesse\/wp-json\/wp\/v2\/users\/19915"}],"replies":[{"embeddable":true,"href":"https:\/\/etab.ac-reunion.fr\/clg-jules-solesse\/wp-json\/wp\/v2\/comments?post=19732"}],"version-history":[{"count":4,"href":"https:\/\/etab.ac-reunion.fr\/clg-jules-solesse\/wp-json\/wp\/v2\/posts\/19732\/revisions"}],"predecessor-version":[{"id":19738,"href":"https:\/\/etab.ac-reunion.fr\/clg-jules-solesse\/wp-json\/wp\/v2\/posts\/19732\/revisions\/19738"}],"wp:featuredmedia":[{"embeddable":true,"href":"https:\/\/etab.ac-reunion.fr\/clg-jules-solesse\/wp-json\/wp\/v2\/media\/19733"}],"wp:attachment":[{"href":"https:\/\/etab.ac-reunion.fr\/clg-jules-solesse\/wp-json\/wp\/v2\/media?parent=19732"}],"wp:term":[{"taxonomy":"category","embeddable":true,"href":"https:\/\/etab.ac-reunion.fr\/clg-jules-solesse\/wp-json\/wp\/v2\/categories?post=19732"},{"taxonomy":"post_tag","embeddable":true,"href":"https:\/\/etab.ac-reunion.fr\/clg-jules-solesse\/wp-json\/wp\/v2\/tags?post=19732"}],"curies":[{"name":"wp","href":"https:\/\/api.w.org\/{rel}","templated":true}]}}