{"id":2740,"date":"2017-06-15T15:16:40","date_gmt":"2017-06-15T11:16:40","guid":{"rendered":"http:\/\/college-jules-solesse.ac-reunion.fr\/?p=2740"},"modified":"2019-04-09T12:50:08","modified_gmt":"2019-04-09T08:50:08","slug":"2740","status":"publish","type":"post","link":"https:\/\/etab.ac-reunion.fr\/clg-jules-solesse\/2740\/","title":{"rendered":"L&rsquo;inauguration de l&rsquo;espace d\u00e9tente"},"content":{"rendered":"<p><span style=\"font-family: 'book antiqua', palatino, serif;font-size: 16pt\"><img loading=\"lazy\" decoding=\"async\" class=\"wp-image-2220 alignleft\" src=\"https:\/\/etab.ac-reunion.fr\/clg-jules-solesse\/wp-content\/uploads\/sites\/151\/2017\/03\/tintin-appareil-photo.jpg\" alt=\"\" width=\"327\" height=\"184\" srcset=\"https:\/\/etab.ac-reunion.fr\/clg-jules-solesse\/wp-content\/uploads\/sites\/151\/2017\/03\/tintin-appareil-photo.jpg 480w, https:\/\/etab.ac-reunion.fr\/clg-jules-solesse\/wp-content\/uploads\/sites\/151\/2017\/03\/tintin-appareil-photo-300x169.jpg 300w, https:\/\/etab.ac-reunion.fr\/clg-jules-solesse\/wp-content\/uploads\/sites\/151\/2017\/03\/tintin-appareil-photo-150x84.jpg 150w\" sizes=\"auto, (max-width: 327px) 100vw, 327px\" \/><\/span><\/p>\n<p>&nbsp;<\/p>\n<blockquote><p><span style=\"font-family: 'book antiqua', palatino, serif;font-size: 16pt\">C&rsquo;est avec beaucoup de fiert\u00e9 que les \u00e9l\u00e8ves de la SEGPA ont inaugur\u00e9 le mercredi 14 juin, l&rsquo;espace d\u00e9tente qu&rsquo;ils ont pens\u00e9 et r\u00e9alis\u00e9 avec l&rsquo;aide de leurs professeurs.Tous les \u00e9l\u00e8ves du coll\u00e8ge peuvent d\u00e9sormais profiter de ce tr\u00e8s bel espace.<\/span><\/p><\/blockquote>\n<p>&nbsp;<\/p>\n<p>&nbsp;<\/p>\n<p><img loading=\"lazy\" decoding=\"async\" class=\"alignnone size-full wp-image-2741\" src=\"https:\/\/etab.ac-reunion.fr\/clg-jules-solesse\/wp-content\/uploads\/sites\/151\/2017\/06\/Inauguration-Juin-2017-001.jpg\" alt=\"\" width=\"800\" height=\"457\" srcset=\"https:\/\/etab.ac-reunion.fr\/clg-jules-solesse\/wp-content\/uploads\/sites\/151\/2017\/06\/Inauguration-Juin-2017-001.jpg 800w, https:\/\/etab.ac-reunion.fr\/clg-jules-solesse\/wp-content\/uploads\/sites\/151\/2017\/06\/Inauguration-Juin-2017-001-300x171.jpg 300w, https:\/\/etab.ac-reunion.fr\/clg-jules-solesse\/wp-content\/uploads\/sites\/151\/2017\/06\/Inauguration-Juin-2017-001-768x439.jpg 768w, https:\/\/etab.ac-reunion.fr\/clg-jules-solesse\/wp-content\/uploads\/sites\/151\/2017\/06\/Inauguration-Juin-2017-001-150x86.jpg 150w\" sizes=\"auto, (max-width: 800px) 100vw, 800px\" \/><\/p>\n<p><img loading=\"lazy\" decoding=\"async\" class=\"alignnone size-full wp-image-2743\" src=\"https:\/\/etab.ac-reunion.fr\/clg-jules-solesse\/wp-content\/uploads\/sites\/151\/2017\/06\/Inauguration-Juin-20171.jpg\" alt=\"\" width=\"800\" height=\"457\" srcset=\"https:\/\/etab.ac-reunion.fr\/clg-jules-solesse\/wp-content\/uploads\/sites\/151\/2017\/06\/Inauguration-Juin-20171.jpg 800w, https:\/\/etab.ac-reunion.fr\/clg-jules-solesse\/wp-content\/uploads\/sites\/151\/2017\/06\/Inauguration-Juin-20171-300x171.jpg 300w, https:\/\/etab.ac-reunion.fr\/clg-jules-solesse\/wp-content\/uploads\/sites\/151\/2017\/06\/Inauguration-Juin-20171-768x439.jpg 768w, https:\/\/etab.ac-reunion.fr\/clg-jules-solesse\/wp-content\/uploads\/sites\/151\/2017\/06\/Inauguration-Juin-20171-150x86.jpg 150w\" sizes=\"auto, (max-width: 800px) 100vw, 800px\" \/><\/p>\n<p><strong>Le discours de M Ferrero, directeur de la SEGPA&#8230;<\/strong><\/p>\n<p><img loading=\"lazy\" decoding=\"async\" class=\"alignnone size-full wp-image-2744\" src=\"https:\/\/etab.ac-reunion.fr\/clg-jules-solesse\/wp-content\/uploads\/sites\/151\/2017\/06\/Inauguration-Juin-20172.jpg\" alt=\"\" width=\"800\" height=\"640\" srcset=\"https:\/\/etab.ac-reunion.fr\/clg-jules-solesse\/wp-content\/uploads\/sites\/151\/2017\/06\/Inauguration-Juin-20172.jpg 800w, https:\/\/etab.ac-reunion.fr\/clg-jules-solesse\/wp-content\/uploads\/sites\/151\/2017\/06\/Inauguration-Juin-20172-300x240.jpg 300w, https:\/\/etab.ac-reunion.fr\/clg-jules-solesse\/wp-content\/uploads\/sites\/151\/2017\/06\/Inauguration-Juin-20172-768x614.jpg 768w, https:\/\/etab.ac-reunion.fr\/clg-jules-solesse\/wp-content\/uploads\/sites\/151\/2017\/06\/Inauguration-Juin-20172-150x120.jpg 150w\" sizes=\"auto, (max-width: 800px) 100vw, 800px\" \/><\/p>\n<p><strong><span style=\"font-family: georgia, palatino, serif\">&#8230; celui des \u00e9l\u00e8ves&#8230;.<\/span><\/strong><\/p>\n<p><img loading=\"lazy\" decoding=\"async\" class=\"alignnone size-full wp-image-2745\" src=\"https:\/\/etab.ac-reunion.fr\/clg-jules-solesse\/wp-content\/uploads\/sites\/151\/2017\/06\/Inauguration-Juin-20173.jpg\" alt=\"\" width=\"800\" height=\"800\" srcset=\"https:\/\/etab.ac-reunion.fr\/clg-jules-solesse\/wp-content\/uploads\/sites\/151\/2017\/06\/Inauguration-Juin-20173.jpg 800w, https:\/\/etab.ac-reunion.fr\/clg-jules-solesse\/wp-content\/uploads\/sites\/151\/2017\/06\/Inauguration-Juin-20173-150x150.jpg 150w, https:\/\/etab.ac-reunion.fr\/clg-jules-solesse\/wp-content\/uploads\/sites\/151\/2017\/06\/Inauguration-Juin-20173-300x300.jpg 300w, https:\/\/etab.ac-reunion.fr\/clg-jules-solesse\/wp-content\/uploads\/sites\/151\/2017\/06\/Inauguration-Juin-20173-768x768.jpg 768w\" sizes=\"auto, (max-width: 800px) 100vw, 800px\" \/><\/p>\n<p><strong><span style=\"font-family: georgia, palatino, serif\">&#8230;et de Mme Hoarau, professeur d\u00e9l\u00e9gu\u00e9 D\u00e9veloppement durable du bassin ouest.<\/span><\/strong><\/p>\n<p><img loading=\"lazy\" decoding=\"async\" class=\"alignnone size-full wp-image-2746\" src=\"https:\/\/etab.ac-reunion.fr\/clg-jules-solesse\/wp-content\/uploads\/sites\/151\/2017\/06\/Inauguration-Juin-20174.jpg\" alt=\"\" width=\"800\" height=\"800\" srcset=\"https:\/\/etab.ac-reunion.fr\/clg-jules-solesse\/wp-content\/uploads\/sites\/151\/2017\/06\/Inauguration-Juin-20174.jpg 800w, https:\/\/etab.ac-reunion.fr\/clg-jules-solesse\/wp-content\/uploads\/sites\/151\/2017\/06\/Inauguration-Juin-20174-150x150.jpg 150w, https:\/\/etab.ac-reunion.fr\/clg-jules-solesse\/wp-content\/uploads\/sites\/151\/2017\/06\/Inauguration-Juin-20174-300x300.jpg 300w, https:\/\/etab.ac-reunion.fr\/clg-jules-solesse\/wp-content\/uploads\/sites\/151\/2017\/06\/Inauguration-Juin-20174-768x768.jpg 768w\" sizes=\"auto, (max-width: 800px) 100vw, 800px\" \/><\/p>\n<p>&nbsp;<\/p>\n","protected":false},"excerpt":{"rendered":"<p>&nbsp; C&rsquo;est avec beaucoup de fiert\u00e9 que les \u00e9l\u00e8ves de la SEGPA ont inaugur\u00e9 le mercredi 14 juin, l&rsquo;espace d\u00e9tente qu&rsquo;ils ont pens\u00e9 et r\u00e9alis\u00e9 avec l&rsquo;aide de leurs professeurs.Tous les \u00e9l\u00e8ves du coll\u00e8ge peuvent d\u00e9sormais profiter de ce tr\u00e8s bel espace. &nbsp; &nbsp; Le discours de M Ferrero, directeur\u2026<\/p>\n<p class=\"continue-reading-button\"> <a class=\"continue-reading-link\" href=\"https:\/\/etab.ac-reunion.fr\/clg-jules-solesse\/2740\/\">Continue reading<i class=\"crycon-right-dir\"><\/i><\/a><\/p>\n","protected":false},"author":13197,"featured_media":2747,"comment_status":"open","ping_status":"open","sticky":false,"template":"","format":"standard","meta":{"footnotes":""},"categories":[82,34],"tags":[],"class_list":["post-2740","post","type-post","status-publish","format-standard","has-post-thumbnail","hentry","category-edd-avant-aout-2017","category-environnement-et-developpement-durable"],"_links":{"self":[{"href":"https:\/\/etab.ac-reunion.fr\/clg-jules-solesse\/wp-json\/wp\/v2\/posts\/2740","targetHints":{"allow":["GET"]}}],"collection":[{"href":"https:\/\/etab.ac-reunion.fr\/clg-jules-solesse\/wp-json\/wp\/v2\/posts"}],"about":[{"href":"https:\/\/etab.ac-reunion.fr\/clg-jules-solesse\/wp-json\/wp\/v2\/types\/post"}],"author":[{"embeddable":true,"href":"https:\/\/etab.ac-reunion.fr\/clg-jules-solesse\/wp-json\/wp\/v2\/users\/13197"}],"replies":[{"embeddable":true,"href":"https:\/\/etab.ac-reunion.fr\/clg-jules-solesse\/wp-json\/wp\/v2\/comments?post=2740"}],"version-history":[{"count":6,"href":"https:\/\/etab.ac-reunion.fr\/clg-jules-solesse\/wp-json\/wp\/v2\/posts\/2740\/revisions"}],"predecessor-version":[{"id":2784,"href":"https:\/\/etab.ac-reunion.fr\/clg-jules-solesse\/wp-json\/wp\/v2\/posts\/2740\/revisions\/2784"}],"wp:featuredmedia":[{"embeddable":true,"href":"https:\/\/etab.ac-reunion.fr\/clg-jules-solesse\/wp-json\/wp\/v2\/media\/2747"}],"wp:attachment":[{"href":"https:\/\/etab.ac-reunion.fr\/clg-jules-solesse\/wp-json\/wp\/v2\/media?parent=2740"}],"wp:term":[{"taxonomy":"category","embeddable":true,"href":"https:\/\/etab.ac-reunion.fr\/clg-jules-solesse\/wp-json\/wp\/v2\/categories?post=2740"},{"taxonomy":"post_tag","embeddable":true,"href":"https:\/\/etab.ac-reunion.fr\/clg-jules-solesse\/wp-json\/wp\/v2\/tags?post=2740"}],"curies":[{"name":"wp","href":"https:\/\/api.w.org\/{rel}","templated":true}]}}