{"id":3710,"date":"2026-02-15T10:04:28","date_gmt":"2026-02-15T06:04:28","guid":{"rendered":"http:\/\/college-jules-solesse.ac-reunion.fr\/?p=3710"},"modified":"2026-04-17T14:56:59","modified_gmt":"2026-04-17T10:56:59","slug":"les-propositions-lecture-de-la-doc","status":"publish","type":"post","link":"https:\/\/etab.ac-reunion.fr\/clg-jules-solesse\/les-propositions-lecture-de-la-doc\/","title":{"rendered":"Les propositions lecture de la Doc adultes"},"content":{"rendered":"<p><span style=\"font-size: 20pt\"><strong><span style=\"color: #ff6600\"><em><span style=\"font-family: 'book antiqua', palatino, serif\"><img loading=\"lazy\" decoding=\"async\" class=\"size-full wp-image-3737 alignleft\" src=\"https:\/\/etab.ac-reunion.fr\/clg-jules-solesse\/wp-content\/uploads\/sites\/151\/2017\/11\/la-doc-rouge-ovale.jpg\" alt=\"\" width=\"258\" height=\"268\" srcset=\"https:\/\/etab.ac-reunion.fr\/clg-jules-solesse\/wp-content\/uploads\/sites\/151\/2017\/11\/la-doc-rouge-ovale.jpg 258w, https:\/\/etab.ac-reunion.fr\/clg-jules-solesse\/wp-content\/uploads\/sites\/151\/2017\/11\/la-doc-rouge-ovale-144x150.jpg 144w\" sizes=\"auto, (max-width: 258px) 100vw, 258px\" \/><\/span><\/em><\/span><\/strong><\/span><\/p>\n<p><span style=\"font-size: 20pt\"><strong><span style=\"color: #ff6600\"><em><span style=\"font-family: 'book antiqua', palatino, serif\">Tr\u00e8s bons lecteurs et adultes<br \/>\n<\/span><\/em><\/span><\/strong><\/span><\/p>\n<p style=\"text-align: right\"><span style=\"font-family: 'book antiqua', palatino, serif;font-size: 12pt\">Les livres sont, bien s\u00fbr disponibles au CDI, ce ne sont pas forcement des nouveaut\u00e9s<\/span><\/p>\n<p>&nbsp;<\/p>\n<p>&nbsp;<\/p>\n<p>&nbsp;<\/p>\n<p>&nbsp;<\/p>\n<p>&nbsp;<\/p>\n<p><span style=\"font-family: trebuchet ms, geneva, sans-serif;font-size: 20pt\"><em>Fictions<\/em><\/span><\/p>\n<p><img loading=\"lazy\" decoding=\"async\" class=\"alignleft\" title=\"Les d\u00e9tectives du Yorkshire. 1 Rendez-vous avec le crime\" src=\"https:\/\/images-e.esidoc.fr\/-1036\/147\/9782221215494.jpg?d=20190130135934\" alt=\"Les d\u00e9tectives du Yorkshire. 1 Rendez-vous avec le crime\" width=\"149\" height=\"229\" \/><\/p>\n<p>&nbsp;<\/p>\n<p><span style=\"font-size: 14pt;font-family: trebuchet ms, geneva, sans-serif\">S\u00e9rie \u00ab\u00a0<strong>les D\u00e9tectives du Yorkshire\u00a0\u00bb<\/strong> de Julia Chapman<\/span><\/p>\n<p><span style=\"font-size: 14pt;font-family: trebuchet ms, geneva, sans-serif\">820 CHA<\/span><\/p>\n<p><span style=\"font-size: 14pt;font-family: trebuchet ms, geneva, sans-serif\">Samson O&rsquo;Brien est de retour dans son village natal de Bruncliffe dans le Yorkshire, o\u00f9 il monte une agence de d\u00e9tective priv\u00e9. Il est le locataire de Delilah Metcalfe, propri\u00e9taire d&rsquo;une soci\u00e9t\u00e9 de rencontres amoureuses en ligne. Sa premi\u00e8re mission, le pr\u00e9tendu suicide d&rsquo;un habitant de Bruncliffe, le m\u00e8ne \u00e0 l&rsquo;agence de Delilah. Contre son gr\u00e9, cette derni\u00e8re collabore avec lui.<\/span><\/p>\n<p>&nbsp;<\/p>\n<p>&nbsp;<\/p>\n<p><span style=\"font-size: 14pt;font-family: trebuchet ms, geneva, sans-serif\"><img loading=\"lazy\" decoding=\"async\" class=\"alignleft\" title=\"Sa majest\u00e9 m\u00e8ne l'enqu\u00eate. 1, Bal tragique \u00e0 Windsor\" src=\"https:\/\/images-e.esidoc.fr\/659\/112\/9782757892947.jpg?d=20220128132159\" alt=\"Sa majest\u00e9 m\u00e8ne l'enqu\u00eate. 1, Bal tragique \u00e0 Windsor\" width=\"147\" height=\"242\" \/><\/span><\/p>\n<p>&nbsp;<\/p>\n<p><span style=\"font-size: 14pt;font-family: trebuchet ms, geneva, sans-serif\">S\u00e9rie\u00a0 <strong>\u00ab\u00a0Sa majest\u00e9 m\u00e8ne l&rsquo;enqu\u00eate\u00a0\u00bb<\/strong> de S.J Bennett<\/span><\/p>\n<p><span style=\"font-size: 14pt;font-family: trebuchet ms, geneva, sans-serif\">820 BEN<\/span><\/p>\n<p><span style=\"font-size: 14pt;font-family: trebuchet ms, geneva, sans-serif\">Une s\u00e9rie de cosy crimes dont l\u2019h\u00e9ro\u00efne est Elizabeth II, reine d\u2019Angleterre. Quand Miss Marple rencontre The Crown !<\/span><\/p>\n<p>&nbsp;<\/p>\n<p>&nbsp;<\/p>\n<p>&nbsp;<\/p>\n<p><span style=\"font-size: 14pt;font-family: trebuchet ms, geneva, sans-serif\"><img loading=\"lazy\" decoding=\"async\" class=\"alignleft\" title=\"La Breizh brigade. 1 Bienvenue chez les Corrigan !\" src=\"https:\/\/images-e.esidoc.fr\/-790\/319\/9782365697019.jpg?d=20230921175306\" alt=\"La Breizh brigade. 1 Bienvenue chez les Corrigan !\" width=\"152\" height=\"234\" \/><\/span><\/p>\n<p>&nbsp;<\/p>\n<p><span style=\"font-size: 14pt;font-family: trebuchet ms, geneva, sans-serif\">S\u00e9rie <strong>\u00ab\u00a0La Breizh brigade\u00a0\u00bb<\/strong> de Mo Malo<\/span><\/p>\n<p><span style=\"font-size: 14pt;font-family: trebuchet ms, geneva, sans-serif\">843 MAL<\/span><\/p>\n<p><span style=\"font-size: 14pt;font-family: trebuchet ms, geneva, sans-serif\">Maggie Corrigan, sa fille Louise, institutrice, et sa petite-fille Enora, tiennent le Manoir des Corrigan, une maison d&rsquo;h\u00f4tes situ\u00e9e \u00e0 Saint-Malo. Ensemble, les trois femmes reforment la Breizh brigade pour enqu\u00eater sur le meurtre de Paul Le Tohic, joueur de cornemuse dont le corps a \u00e9t\u00e9 retrouv\u00e9 dans une maison d&rsquo;h\u00f4tes concurrente, le Repaire des corsaires.<\/span><\/p>\n<p>&nbsp;<\/p>\n<p><img loading=\"lazy\" decoding=\"async\" class=\"alignleft\" title=\"La ligne\" src=\"https:\/\/images-e.esidoc.fr\/-829\/992\/9782226481429.jpg?d=20230317082638\" alt=\"La ligne\" width=\"158\" height=\"231\" \/><\/p>\n<p><span style=\"font-family: trebuchet ms, geneva, sans-serif;font-size: 14pt\">La ligne de Jean-Christophe Tixier<\/span><\/p>\n<p><span style=\"font-family: trebuchet ms, geneva, sans-serif;font-size: 14pt\">843 TIX<\/span><\/p>\n<p><span style=\"font-family: trebuchet ms, geneva, sans-serif;font-size: 14pt\">Un matin, des villageois d\u00e9couvrent une ligne au sol qui s\u00e9pare la localit\u00e9 en deux. Une partition a \u00e9t\u00e9 d\u00e9cid\u00e9e par l\u2019\u00c9tat. \u00ab Nous avons toujours v\u00e9cu en paix les uns avec les autres \u00bb, clament d\u2019abord les habitants. Mais l\u2019\u00e9moi suscit\u00e9 est vif et ce trait de peinture devient l\u2019objet de toutes les pr\u00e9occupations. La ligne traverse les terres, d\u00e9chire les familles et les couples. Tr\u00e8s vite, Le climat d\u00e9g\u00e9n\u00e8re et les premiers accrochages surviennent, puis une disparition, un mort\u2026<\/span><\/p>\n<p>&nbsp;<\/p>\n<p><img loading=\"lazy\" decoding=\"async\" class=\"alignleft\" title=\"L'affaire de l'esclave Furcy : r\u00e9cit\" src=\"https:\/\/images-e.esidoc.fr\/1875\/348\/9782070443840.jpg?d=20181002174509\" alt=\"L'affaire de l'esclave Furcy : r\u00e9cit\" width=\"172\" height=\"284\" \/><\/p>\n<h1 class=\"\"><span style=\"font-family: trebuchet ms, geneva, sans-serif;font-size: 14pt\">L&rsquo;affaire de l&rsquo;esclave Furcy : r\u00e9cit\u00a0 de\u00a0<\/span><span style=\"font-family: trebuchet ms, geneva, sans-serif;font-size: 14pt\">Mohammed A\u00efssaoui<\/span><\/h1>\n<div><\/div>\n<div class=\"content-summary \">\n<p><span style=\"font-family: trebuchet ms, geneva, sans-serif;font-size: 14pt\">Le 16 mars 2005, les archives concernant L&rsquo;affaire de l&rsquo;esclave Furcy \u00e9taient mises aux ench\u00e8res, \u00e0 l&rsquo;h\u00f4tel Drouot.. Les archives r\u00e9v\u00e9laient un r\u00e9cit extraordinaire : celui de Furcy, un esclave \u00e2g\u00e9 de trente et un ans, qui, un jour d&rsquo;octobre 1817, dans l&rsquo;\u00eele de la R\u00e9union que l&rsquo;on appelle alors \u00eele Bourbon, d\u00e9cida de se rendre au tribunal d&rsquo;instance de Saint-Denis pour exiger sa libert\u00e9.<\/span><\/p>\n<p>&nbsp;<\/p>\n<\/div>\n<p>&nbsp;<\/p>\n<p>&nbsp;<\/p>\n<p><img loading=\"lazy\" decoding=\"async\" class=\"alignleft\" src=\"https:\/\/images-e.esidoc.fr\/-401\/341\/9782743639471.jpg?d=20190307020456\" alt=\"Un \u00e9t\u00e9 \u00e0 Key West\" width=\"161\" height=\"248\" \/><span style=\"font-size: 14pt;font-family: 'trebuchet ms', geneva, sans-serif\"><strong>Un \u00e9t\u00e9 \u00e0 Key West<\/strong> d&rsquo;Alison Lurie<\/span><\/p>\n<p><span style=\"font-size: 14pt;font-family: 'trebuchet ms', geneva, sans-serif\">820 LUR<\/span><\/p>\n<p><span style=\"font-size: 14pt;font-family: 'trebuchet ms', geneva, sans-serif\">Jenny, 46 ans, est l&rsquo;\u00e9pouse et l&rsquo;assistante d\u00e9vou\u00e9e de Wilkie Walker, un ancien professeur d&rsquo;universit\u00e9 doubl\u00e9 d&rsquo;un c\u00e9l\u00e8bre naturaliste et \u00e9crivain, d\u00e9sormais retrait\u00e9. Or, Wilkie, \u00e2g\u00e9 de 70 ans, se croit atteint d&rsquo;un cancer. Il accepte, pour fuir l&rsquo;hiver rigoureux de la Nouvelle-Angleterre, d&rsquo;aller passer quelques mois en Floride, \u00e0 Key West<\/span><\/p>\n<p>&nbsp;<\/p>\n<p>&nbsp;<\/p>\n<p>&nbsp;<\/p>\n<p><img loading=\"lazy\" decoding=\"async\" class=\"alignleft\" src=\"https:\/\/images-e.esidoc.fr\/-399\/675\/9782743653200.jpg?d=20211124120643\" alt=\"La v\u00e9rit\u00e9 sur Lorin Jones\" width=\"160\" height=\"248\" \/><\/p>\n<p>&nbsp;<\/p>\n<p><span style=\"font-size: 14pt;font-family: 'trebuchet ms', geneva, sans-serif\"><strong>La v\u00e9rit\u00e9 sur Lorin Jones<\/strong> d&rsquo;Alison Lurie<\/span><\/p>\n<p><span style=\"font-size: 14pt;font-family: 'trebuchet ms', geneva, sans-serif\">820 LUR<\/span><\/p>\n<p><span style=\"font-size: 14pt;font-family: 'trebuchet ms', geneva, sans-serif\">Une jeune historienne d&rsquo;art new-yorkaise enqu\u00eate sur une peintre disparue \u00e0 Key West en 1969. \u00ab\u00a0V\u00e9ritable chronique de m\u0153urs, roman policier, com\u00e9die baroque, La V\u00e9rit\u00e9 sur Lorin Jones est un miroir tendu \u00e0 toute une g\u00e9n\u00e9ration de femmes qui jonglent avec le f\u00e9minisme, le militantisme, les grands principes et les grands sentiments\u00a0\u00bb<\/span><\/p>\n<p>&nbsp;<\/p>\n<p>&nbsp;<\/p>\n<p><span style=\"font-size: 14pt;font-family: trebuchet ms, geneva, sans-serif\"><img loading=\"lazy\" decoding=\"async\" class=\"wp-image-3746 alignleft\" src=\"https:\/\/etab.ac-reunion.fr\/clg-jules-solesse\/wp-content\/uploads\/sites\/151\/2017\/11\/enfant-monde.jpg\" alt=\"\" width=\"160\" height=\"267\" srcset=\"https:\/\/etab.ac-reunion.fr\/clg-jules-solesse\/wp-content\/uploads\/sites\/151\/2017\/11\/enfant-monde.jpg 250w, https:\/\/etab.ac-reunion.fr\/clg-jules-solesse\/wp-content\/uploads\/sites\/151\/2017\/11\/enfant-monde-180x300.jpg 180w, https:\/\/etab.ac-reunion.fr\/clg-jules-solesse\/wp-content\/uploads\/sites\/151\/2017\/11\/enfant-monde-90x150.jpg 90w\" sizes=\"auto, (max-width: 160px) 100vw, 160px\" \/><\/span><\/p>\n<p><span style=\"font-size: 14pt;font-family: trebuchet ms, geneva, sans-serif\"><strong>L&rsquo;enfant qui mesurait le monde<\/strong> de Metin Arditi<strong><img loading=\"lazy\" decoding=\"async\" class=\"wp-image-3752 alignright\" src=\"https:\/\/etab.ac-reunion.fr\/clg-jules-solesse\/wp-content\/uploads\/sites\/151\/2017\/11\/Coup-de-coeur.png\" alt=\"\" width=\"96\" height=\"75\" srcset=\"https:\/\/etab.ac-reunion.fr\/clg-jules-solesse\/wp-content\/uploads\/sites\/151\/2017\/11\/Coup-de-coeur.png 990w, https:\/\/etab.ac-reunion.fr\/clg-jules-solesse\/wp-content\/uploads\/sites\/151\/2017\/11\/Coup-de-coeur-300x235.png 300w, https:\/\/etab.ac-reunion.fr\/clg-jules-solesse\/wp-content\/uploads\/sites\/151\/2017\/11\/Coup-de-coeur-768x603.png 768w, https:\/\/etab.ac-reunion.fr\/clg-jules-solesse\/wp-content\/uploads\/sites\/151\/2017\/11\/Coup-de-coeur-150x118.png 150w\" sizes=\"auto, (max-width: 96px) 100vw, 96px\" \/><\/strong><\/span><\/p>\n<p><span style=\"font-size: 14pt;font-family: trebuchet ms, geneva, sans-serif\">Sur une petite \u00eele grecque d\u00e9vast\u00e9e par la crise o\u00f9 un projet d&rsquo;h\u00f4tel met la population en \u00e9moi, Eliot, un homme vieillissant dont la fille est morte, se lie d&rsquo;amiti\u00e9 avec Yannis, un enfant autiste qui passe son temps \u00e0 faire des calculs. Il lui raconte la vie des dieux de la mythologie, leurs passions, leurs forfaits.<\/span><\/p>\n<p><span style=\"font-size: 14pt;font-family: trebuchet ms, geneva, sans-serif\"><strong>R ARD<\/strong><\/span><\/p>\n<p>&nbsp;<\/p>\n<p>&nbsp;<\/p>\n<p>&nbsp;<\/p>\n<p><span style=\"font-size: 14pt;font-family: trebuchet ms, geneva, sans-serif\"><img loading=\"lazy\" decoding=\"async\" class=\"alignleft\" title=\"L'autre moiti\u00e9 de soi\" src=\"https:\/\/images-e.esidoc.fr\/-2003\/561\/9782746751293.jpg?d=20200825142258\" alt=\"L'autre moiti\u00e9 de soi\" width=\"167\" height=\"260\" \/><strong>L&rsquo;autre moiti\u00e9 de soi<\/strong> de Brit Bennett<\/span><\/p>\n<p><span style=\"font-size: 14pt;font-family: trebuchet ms, geneva, sans-serif\">820 BEN<\/span><\/p>\n<p><span style=\"font-size: 14pt;font-family: trebuchet ms, geneva, sans-serif\">A Mallard, en Louisiane, les habitants noirs s&rsquo;efforcent depuis un si\u00e8cle d&rsquo;\u00e9claircir leur couleur de peau par des mariages m\u00e9tiss\u00e9s. Apr\u00e8s avoir fugu\u00e9 avec sa soeur jumelle, \u00e0 l&rsquo;\u00e2ge de 14 ans, une jeune femme revient dans la communaut\u00e9 de son enfance avec sa fille. Un roman sur la difficult\u00e9 \u00e0 devenir soi dans une soci\u00e9t\u00e9 qui assigne les personnes \u00e0 un r\u00f4le et \u00e0 un statut.<\/span><\/p>\n<p>&nbsp;<\/p>\n<p>&nbsp;<\/p>\n<p>&nbsp;<\/p>\n<p><span style=\"font-size: 14pt;font-family: trebuchet ms, geneva, sans-serif\"><img loading=\"lazy\" decoding=\"async\" class=\"wp-image-3745 alignleft\" src=\"https:\/\/etab.ac-reunion.fr\/clg-jules-solesse\/wp-content\/uploads\/sites\/151\/2017\/11\/oiseau.jpg\" alt=\"\" width=\"152\" height=\"246\" srcset=\"https:\/\/etab.ac-reunion.fr\/clg-jules-solesse\/wp-content\/uploads\/sites\/151\/2017\/11\/oiseau.jpg 1400w, https:\/\/etab.ac-reunion.fr\/clg-jules-solesse\/wp-content\/uploads\/sites\/151\/2017\/11\/oiseau-185x300.jpg 185w, https:\/\/etab.ac-reunion.fr\/clg-jules-solesse\/wp-content\/uploads\/sites\/151\/2017\/11\/oiseau-768x1243.jpg 768w, https:\/\/etab.ac-reunion.fr\/clg-jules-solesse\/wp-content\/uploads\/sites\/151\/2017\/11\/oiseau-633x1024.jpg 633w, https:\/\/etab.ac-reunion.fr\/clg-jules-solesse\/wp-content\/uploads\/sites\/151\/2017\/11\/oiseau-93x150.jpg 93w\" sizes=\"auto, (max-width: 152px) 100vw, 152px\" \/><\/span><\/p>\n<p><span style=\"font-size: 14pt;font-family: trebuchet ms, geneva, sans-serif\"><strong>Ne tirez pas sur l&rsquo;oiseau moqueur<\/strong> de\u00a0 Harper Lee<\/span><\/p>\n<p><span style=\"font-size: 14pt;font-family: trebuchet ms, geneva, sans-serif\">Dans les ann\u00e9es 1930, \u00e0 Maycomb, comt\u00e9 de l&rsquo;Alabama, Atticus Finch, avocat droit et honn\u00eate, \u00e9l\u00e8ve seul ses deux enfants Jean-Louise (Scout) et Jeremy (Jem) au coeur de l&rsquo;Am\u00e9rique sudiste raciste emplie de pr\u00e9jug\u00e9s. Scout est la narratrice de ce livre&#8230;Atticus est commis d&rsquo;office pour la d\u00e9fense d&rsquo;un noir nomm\u00e9 Tom Robinson accus\u00e9 d&rsquo;avoir viol\u00e9 une blanche, Mayella Ewell&#8230;.<\/span><\/p>\n<p><span style=\"font-size: 14pt;font-family: trebuchet ms, geneva, sans-serif\"><strong>820 LEE<\/strong><\/span><\/p>\n<p>&nbsp;<\/p>\n<p>&nbsp;<\/p>\n<p>&nbsp;<\/p>\n<p><span style=\"font-size: 14pt;font-family: trebuchet ms, geneva, sans-serif\"><img loading=\"lazy\" decoding=\"async\" class=\"wp-image-3751 alignleft\" src=\"https:\/\/etab.ac-reunion.fr\/clg-jules-solesse\/wp-content\/uploads\/sites\/151\/2017\/11\/ashler.jpg\" alt=\"\" width=\"154\" height=\"229\" srcset=\"https:\/\/etab.ac-reunion.fr\/clg-jules-solesse\/wp-content\/uploads\/sites\/151\/2017\/11\/ashler.jpg 420w, https:\/\/etab.ac-reunion.fr\/clg-jules-solesse\/wp-content\/uploads\/sites\/151\/2017\/11\/ashler-201x300.jpg 201w, https:\/\/etab.ac-reunion.fr\/clg-jules-solesse\/wp-content\/uploads\/sites\/151\/2017\/11\/ashler-101x150.jpg 101w\" sizes=\"auto, (max-width: 154px) 100vw, 154px\" \/><strong>Je m&rsquo;appelle Asher Lev<\/strong> de Cha\u00efm Potok<\/span><\/p>\n<p><span style=\"font-size: 14pt;font-family: trebuchet ms, geneva, sans-serif\">D\u00e8s l\u2019enfance, Asher Lev dessine comme il respire. Malgr\u00e9 la d\u00e9sapprobation sans appel de son p\u00e8re, le grand R\u00e8bbe de la communaut\u00e9 juive hassidique de Brooklyn encourage sa vocation. Aux portes du monde prodigieux de l\u2019art, Asher Lev devra choisir : ob\u00e9ir aux exigences des siens et \u00e0 son \u00e9ducation religieuse, ou s\u2019abandonner \u00e0 un destin exceptionnel&#8230;<\/span><\/p>\n<p><span style=\"font-size: 14pt;font-family: trebuchet ms, geneva, sans-serif\">Un roman magistral sur les affres du g\u00e9nie artistique, bien souvent synonyme de d\u00e9chirements culturels, spirituels et intimes. (R\u00e9sum\u00e9 Babelio)<\/span><\/p>\n<p><span style=\"font-size: 14pt;font-family: trebuchet ms, geneva, sans-serif\"><strong>820 POT<\/strong><\/span><\/p>\n<p>&nbsp;<\/p>\n<p>&nbsp;<\/p>\n<p><img loading=\"lazy\" decoding=\"async\" class=\"wp-image-9102 alignleft\" src=\"https:\/\/etab.ac-reunion.fr\/clg-jules-solesse\/wp-content\/uploads\/sites\/151\/2017\/11\/lart-de-perdre-couv.jpg\" alt=\"\" width=\"157\" height=\"239\" srcset=\"https:\/\/etab.ac-reunion.fr\/clg-jules-solesse\/wp-content\/uploads\/sites\/151\/2017\/11\/lart-de-perdre-couv.jpg 710w, https:\/\/etab.ac-reunion.fr\/clg-jules-solesse\/wp-content\/uploads\/sites\/151\/2017\/11\/lart-de-perdre-couv-197x300.jpg 197w, https:\/\/etab.ac-reunion.fr\/clg-jules-solesse\/wp-content\/uploads\/sites\/151\/2017\/11\/lart-de-perdre-couv-673x1024.jpg 673w, https:\/\/etab.ac-reunion.fr\/clg-jules-solesse\/wp-content\/uploads\/sites\/151\/2017\/11\/lart-de-perdre-couv-99x150.jpg 99w\" sizes=\"auto, (max-width: 157px) 100vw, 157px\" \/><\/p>\n<p>&nbsp;<\/p>\n<p><span style=\"font-size: 14pt;font-family: 'trebuchet ms', geneva, sans-serif\"><strong>L&rsquo;art de perdre<\/strong> d&rsquo;Alice Zeniter<\/span><\/p>\n<p><span style=\"font-size: 14pt;font-family: 'trebuchet ms', geneva, sans-serif\">L&rsquo;Alg\u00e9rie dont est originaire sa famille n&rsquo;a longtemps \u00e9t\u00e9 pour Na\u00efma qu&rsquo;une toile de fond sans grand int\u00e9r\u00eat. Pourtant, dans une soci\u00e9t\u00e9 fran\u00e7aise travers\u00e9e par les questions identitaires, tout semble vouloir la renvoyer \u00e0 ses origines. Mais quel lien pourrait-elle avoir avec une histoire familiale qui jamais ne lui a \u00e9t\u00e9 racont\u00e9e ?<\/span><\/p>\n<p><span style=\"font-size: 14pt;font-family: 'trebuchet ms', geneva, sans-serif\">843 ZEN<\/span><\/p>\n<p>&nbsp;<\/p>\n<p><img loading=\"lazy\" decoding=\"async\" class=\"alignleft\" src=\"https:\/\/images-e.esidoc.fr\/-44\/44\/9782264075635.jpg?d=20191129223510\" alt=\"La conjuration des imb\u00e9ciles\" width=\"163\" height=\"268\" \/><\/p>\n<p>&nbsp;<\/p>\n<p>&nbsp;<\/p>\n<p><span style=\"font-size: 14pt;font-family: 'trebuchet ms', geneva, sans-serif\"><strong>La conjuration des imb\u00e9ciles<\/strong> de John Kennedy Toole<\/span><\/p>\n<p><span style=\"font-size: 14pt;font-family: 'trebuchet ms', geneva, sans-serif\">\u00c0 trente ans pass\u00e9s, Ignatus vit encore clo\u00eetr\u00e9 chez sa m\u00e8re, \u00e0 La Nouvelle-Orl\u00e9ans. Harass\u00e9e par ses frasques, celle-ci le somme de trouver du travail. C&rsquo;est sans compter avec sa silhouette \u00e9l\u00e9phantesque et son arrogance bizarre. Chef-d&rsquo;oeuvre de la litt\u00e9rature am\u00e9ricaine, La Conjuration des imb\u00e9ciles offre le g\u00e9nial portrait d&rsquo;un Don Quichotte yankee inclassable, et culte.<\/span><\/p>\n<p><span style=\"font-size: 14pt;font-family: 'trebuchet ms', geneva, sans-serif\">820 TOO<\/span><\/p>\n<p>&nbsp;<\/p>\n<p><span style=\"font-size: 14pt\"><img loading=\"lazy\" decoding=\"async\" class=\"alignleft\" src=\"https:\/\/images-e.esidoc.fr\/-499\/168\/9782714494375.jpg?d=20210907155152\" alt=\"Quatre heures, vingt-deux minutes et dix-huit secondes\" width=\"177\" height=\"283\" \/><\/span><\/p>\n<p>&nbsp;<\/p>\n<p><span style=\"font-size: 14pt\"><span style=\"font-family: 'trebuchet ms', geneva, sans-serif\"><strong>Quatre heures, vingt-deux minutes et dix-huit secondes<\/strong> de Lionel Shriver<\/span><\/span><\/p>\n<p><span style=\"font-size: 14pt;font-family: 'trebuchet ms', geneva, sans-serif\">Remington et Renata sont un couple de sexag\u00e9naires. Si elle a auparavant \u00e9t\u00e9 une sportive accomplie, lui n&rsquo;a jamais pratiqu\u00e9 d&rsquo;activit\u00e9 physique. Un matin pourtant, Remington annonce \u00e0 Renata qu&rsquo;il a d\u00e9cid\u00e9 de courir un marathon. Etonnamment, il prend go\u00fbt \u00e0 l&rsquo;exercice et envisage de participer \u00e0 un ironman. Renata comprend alors que Remington est devenu un \u00eatre arrogant et impitoyable.\u00a0<\/span><\/p>\n<p><span style=\"font-size: 14pt;font-family: 'trebuchet ms', geneva, sans-serif\">820 SHR<\/span><\/p>\n<p>&nbsp;<\/p>\n<p>&nbsp;<\/p>\n<p>&nbsp;<\/p>\n<p>&nbsp;<\/p>\n<p><span style=\"font-family: 'trebuchet ms', geneva, sans-serif;font-size: 14pt\"><span style=\"text-decoration: underline\"><img loading=\"lazy\" decoding=\"async\" class=\"wp-image-6918 alignleft\" src=\"https:\/\/etab.ac-reunion.fr\/clg-jules-solesse\/wp-content\/uploads\/sites\/151\/2017\/11\/zafon.jpg\" alt=\"\" width=\"183\" height=\"302\" srcset=\"https:\/\/etab.ac-reunion.fr\/clg-jules-solesse\/wp-content\/uploads\/sites\/151\/2017\/11\/zafon.jpg 400w, https:\/\/etab.ac-reunion.fr\/clg-jules-solesse\/wp-content\/uploads\/sites\/151\/2017\/11\/zafon-182x300.jpg 182w, https:\/\/etab.ac-reunion.fr\/clg-jules-solesse\/wp-content\/uploads\/sites\/151\/2017\/11\/zafon-91x150.jpg 91w\" sizes=\"auto, (max-width: 183px) 100vw, 183px\" \/><\/span><strong>L&rsquo;ombre du vent<\/strong> de Carlos Ruiz Zafon<\/span><\/p>\n<p><span style=\"font-family: 'trebuchet ms', geneva, sans-serif;font-size: 14pt\">Dans la Barcelone de l&rsquo;apr\u00e8s-guerre civile, \u00ab\u00a0ville des prodiges\u00a0\u00bb marqu\u00e9e par la d\u00e9faite, la vie est difficile, les haines r\u00f4dent toujours.<\/span><br \/>\n<span style=\"font-family: 'trebuchet ms', geneva, sans-serif;font-size: 14pt\">Un matin brumeux de 1945, un homme emm\u00e8ne son petit gar\u00e7on &#8211; Daniel Sempere, le narrateur &#8211; dans un lieu myst\u00e9rieux du quartier gothique : le Cimeti\u00e8re des Livres Oubli\u00e9s. <\/span><\/p>\n<p><span style=\"font-size: 14pt;font-family: 'trebuchet ms', geneva, sans-serif\"><strong>860 RUI<\/strong><\/span><\/p>\n<p>&nbsp;<\/p>\n<p>&nbsp;<\/p>\n<p>&nbsp;<\/p>\n<p>&nbsp;<\/p>\n<p><span style=\"font-size: 14pt;font-family: 'trebuchet ms', geneva, sans-serif\"><span style=\"text-decoration: underline\"><img loading=\"lazy\" decoding=\"async\" class=\"wp-image-6917 alignleft\" src=\"https:\/\/etab.ac-reunion.fr\/clg-jules-solesse\/wp-content\/uploads\/sites\/151\/2017\/11\/espoir.jpg\" alt=\"\" width=\"190\" height=\"312\" srcset=\"https:\/\/etab.ac-reunion.fr\/clg-jules-solesse\/wp-content\/uploads\/sites\/151\/2017\/11\/espoir.jpg 400w, https:\/\/etab.ac-reunion.fr\/clg-jules-solesse\/wp-content\/uploads\/sites\/151\/2017\/11\/espoir-183x300.jpg 183w, https:\/\/etab.ac-reunion.fr\/clg-jules-solesse\/wp-content\/uploads\/sites\/151\/2017\/11\/espoir-92x150.jpg 92w\" sizes=\"auto, (max-width: 190px) 100vw, 190px\" \/><\/span><\/span><\/p>\n<p>&nbsp;<\/p>\n<p><span style=\"font-size: 14pt;font-family: 'trebuchet ms', geneva, sans-serif\"><strong>L&rsquo;espoir, cette trag\u00e9die <\/strong>de Shalom Auslander<\/span><\/p>\n<p><span style=\"font-size: 14pt;font-family: 'trebuchet ms', geneva, sans-serif\">Au c\u0153ur de la petite ville de Stockton, dans l&rsquo;Etat de New York, Solomon Kugel pense avoir trouv\u00e9 un lieu de paix pour vivre avec sa petite famille \u0097 m\u00e8re, \u00e9pouse, enfants. Ses espoirs sont mis \u00e0 mal quand il d\u00e9couvre, cach\u00e9e dans son grenier, une tr\u00e8s vieille femme, puante et squelettique. Lorsqu&rsquo;elle affirme s&rsquo;appeler Anne Frank, arborant des chiffres tatou\u00e9s sur le bras, Solomon entre dans une quatri\u00e8me dimension. Incapable de virer de chez lui ce symbole de l&rsquo;Holocauste, mais aussi de cohabiter avec ce fant\u00f4me acari\u00e2tre&#8230; Un r\u00e9gal de dr\u00f4lerie et de profondeur sur la l\u00e9gitimit\u00e9 de l&rsquo;art apr\u00e8s l&rsquo;Holocauste, le devoir de m\u00e9moire (ou plut\u00f4t celui \u00ab de ne jamais la fermer \u00bb) et les ravages caus\u00e9s dans le monde par l&rsquo;espoir, cette trag\u00e9die.<\/span><\/p>\n<p><span style=\"font-family: 'trebuchet ms', geneva, sans-serif;font-size: 14pt\"><strong>820 AUS<\/strong><\/span><\/p>\n<p>&nbsp;<\/p>\n<p><span style=\"font-size: 14pt;font-family: 'trebuchet ms', geneva, sans-serif\"><img loading=\"lazy\" decoding=\"async\" class=\"wp-image-6914 alignleft\" src=\"https:\/\/etab.ac-reunion.fr\/clg-jules-solesse\/wp-content\/uploads\/sites\/151\/2017\/11\/pastorale.jpg\" alt=\"\" width=\"178\" height=\"294\" srcset=\"https:\/\/etab.ac-reunion.fr\/clg-jules-solesse\/wp-content\/uploads\/sites\/151\/2017\/11\/pastorale.jpg 400w, https:\/\/etab.ac-reunion.fr\/clg-jules-solesse\/wp-content\/uploads\/sites\/151\/2017\/11\/pastorale-182x300.jpg 182w, https:\/\/etab.ac-reunion.fr\/clg-jules-solesse\/wp-content\/uploads\/sites\/151\/2017\/11\/pastorale-91x150.jpg 91w\" sizes=\"auto, (max-width: 178px) 100vw, 178px\" \/><\/span><\/p>\n<p>&nbsp;<\/p>\n<p>&nbsp;<\/p>\n<p><span style=\"font-size: 14pt;font-family: 'trebuchet ms', geneva, sans-serif\"><strong>Pastorale am\u00e9ricaine<\/strong> de Philip Roth<\/span><\/p>\n<p><span style=\"font-size: 14pt;font-family: 'trebuchet ms', geneva, sans-serif\">Apr\u00e8s trente-six ans, Zuckerman l&rsquo;\u00e9crivain retrouve Seymour Levov dit \u00ab\u00a0le Su\u00e9dois\u00a0\u00bb, l&rsquo;athl\u00e8te f\u00e9tiche de son lyc\u00e9e de Newark. Toujours aussi splendide, Levov l&rsquo;invincible, le g\u00e9n\u00e9reux, l&rsquo;idole des ann\u00e9es de guerre, le petit-fils d&rsquo;\u00e9migr\u00e9s juifs devenu un Am\u00e9ricain plus vrai que nature&#8230;<\/span><\/p>\n<p><span style=\"font-size: 14pt;font-family: 'trebuchet ms', geneva, sans-serif\"><strong>820 ROT<\/strong><\/span><\/p>\n<p>&nbsp;<\/p>\n<p>&nbsp;<\/p>\n<p>&nbsp;<\/p>\n<p><span style=\"font-family: 'trebuchet ms', geneva, sans-serif;font-size: 14pt\"><span style=\"text-decoration: underline\"><img loading=\"lazy\" decoding=\"async\" class=\"wp-image-6915 alignleft\" src=\"https:\/\/etab.ac-reunion.fr\/clg-jules-solesse\/wp-content\/uploads\/sites\/151\/2017\/11\/figures.jpg\" alt=\"\" width=\"178\" height=\"297\" srcset=\"https:\/\/etab.ac-reunion.fr\/clg-jules-solesse\/wp-content\/uploads\/sites\/151\/2017\/11\/figures.jpg 400w, https:\/\/etab.ac-reunion.fr\/clg-jules-solesse\/wp-content\/uploads\/sites\/151\/2017\/11\/figures-180x300.jpg 180w, https:\/\/etab.ac-reunion.fr\/clg-jules-solesse\/wp-content\/uploads\/sites\/151\/2017\/11\/figures-90x150.jpg 90w\" sizes=\"auto, (max-width: 178px) 100vw, 178px\" \/><\/span><\/span><\/p>\n<p>&nbsp;<\/p>\n<p>&nbsp;<\/p>\n<p><span style=\"font-family: 'trebuchet ms', geneva, sans-serif;font-size: 14pt\"><strong>Les figures de l&rsquo;ombre<\/strong> de Margot Lee Shetterly<\/span><\/p>\n<p><span style=\"font-family: 'trebuchet ms', geneva, sans-serif;font-size: 14pt\">L&rsquo;histoire des math\u00e9maticiennes noires qui ont aid\u00e9 les Etats-Unis \u00e0 remporter la courses spatiale.<\/span><\/p>\n<p><span style=\"font-size: 14pt;font-family: 'trebuchet ms', geneva, sans-serif\"><strong>R SHE<\/strong><\/span><\/p>\n<p>&nbsp;<\/p>\n<p>&nbsp;<\/p>\n<p>&nbsp;<\/p>\n<p>&nbsp;<\/p>\n<p><span style=\"font-size: 14pt;font-family: trebuchet ms, geneva, sans-serif\"><strong>Quelques titres de la s\u00e9rie \u00ab\u00a0Une enqu\u00eate du commissaire Brunetti\u00a0\u00bb de Donna L\u00e9on\u00a0<\/strong><\/span><\/p>\n<p><img loading=\"lazy\" decoding=\"async\" class=\"\" title=\"Commissaire Brunetti : Mort \u00e0 la Fenice\" src=\"https:\/\/images-e.esidoc.fr\/1722\/507\/9782020340373.jpg?d=20181003102244\" alt=\"Commissaire Brunetti : Mort \u00e0 la Fenice\" width=\"177\" height=\"291\" \/><img loading=\"lazy\" decoding=\"async\" class=\"\" title=\"Les disparus de la lagune\" src=\"https:\/\/images-e.esidoc.fr\/189\/292\/9782702163252.jpg?d=20190202160510\" alt=\"Les disparus de la lagune\" width=\"180\" height=\"289\" \/><img loading=\"lazy\" decoding=\"async\" class=\"\" title=\"Commissaire Brunetti : Une question d'honneur\" src=\"https:\/\/images-e.esidoc.fr\/1784\/474\/9782020593441.jpg?d=20181002190823\" alt=\"Commissaire Brunetti : Une question d'honneur\" width=\"176\" height=\"290\" \/><img loading=\"lazy\" decoding=\"async\" class=\"\" title=\"Commissaire Brunetti : L'affaire Paola\" src=\"https:\/\/images-e.esidoc.fr\/1780\/837\/9782020555296.jpg?d=20181002175112\" alt=\"Commissaire Brunetti : L'affaire Paola\" width=\"178\" height=\"293\" \/><img loading=\"lazy\" decoding=\"async\" class=\"\" title=\"Commissaire Brunetti : Deux veuves pour un testament\" src=\"https:\/\/images-e.esidoc.fr\/652\/852\/9782757829622.jpg?d=20181005150604\" alt=\"Commissaire Brunetti : Deux veuves pour un testament\" width=\"178\" height=\"293\" \/><img loading=\"lazy\" decoding=\"async\" class=\"\" title=\"Commissaire Brunetti : Requiem pour une cit\u00e9 de verre\" src=\"https:\/\/images-e.esidoc.fr\/651\/686\/9782757811139.jpg?d=20181002180013\" alt=\"Commissaire Brunetti : Requiem pour une cit\u00e9 de verre\" width=\"177\" height=\"290\" \/><\/p>\n<p>&nbsp;<\/p>\n<p><img loading=\"lazy\" decoding=\"async\" class=\"alignleft\" src=\"https:\/\/images-e.esidoc.fr\/-1558\/846\/9782246726111.jpg?d=20181002181402\" alt=\"Mon traitre\" width=\"178\" height=\"295\" \/><\/p>\n<p>&nbsp;<\/p>\n<p><span style=\"font-size: 14pt;font-family: 'trebuchet ms', geneva, sans-serif\"><span style=\"text-decoration: underline\"><strong>Mon traitre<\/strong><\/span> de Sorj Chalandon\u00a0<\/span><\/p>\n<p><span style=\"font-size: 14pt;font-family: 'trebuchet ms', geneva, sans-serif\">\u00c0 Belfast en 1977, Antoine (surnomm\u00e9 ensuite Tony), luthier \u00e0 Paris, violoniste et passionn\u00e9 de musique traditionnelle irlandaise, fait la connaissance de Tyrone, v\u00e9t\u00e9ran de l&rsquo;IRA, l&rsquo;Arm\u00e9e r\u00e9publicaine irlandaise. En 1979, Tyrone est arr\u00eat\u00e9 par les Britanniques (pas par l&rsquo;IRA) et lib\u00e9r\u00e9 en 1981. Tony et Tyrone se voient r\u00e9guli\u00e8rement. En 1994, l&rsquo;IRA d\u00e9pose les armes. Tyrone est arr\u00eat\u00e9 de nouveau en 2006, cette fois par l&rsquo;IRA.<\/span><\/p>\n<p><span style=\"font-size: 14pt;font-family: 'trebuchet ms', geneva, sans-serif\">843 CHA<\/span><\/p>\n<p>&nbsp;<\/p>\n<p>&nbsp;<\/p>\n<hr \/>\n<p><span style=\"font-size: 16pt;font-family: 'trebuchet ms', geneva, sans-serif\">ESSAIS<\/span><\/p>\n<p><span style=\"font-size: 14pt\"><img loading=\"lazy\" decoding=\"async\" class=\"alignleft\" src=\"https:\/\/images-e.esidoc.fr\/-631\/164\/9782378802424.jpg?d=20210920114133\" alt=\"Les grandes oubli\u00e9es : pourquoi l'histoire a effac\u00e9 les femmes\" width=\"168\" height=\"231\" \/><span style=\"font-family: 'trebuchet ms', geneva, sans-serif\"><span style=\"text-decoration: underline\">Les grandes oubli\u00e9es. Pourquoi l&rsquo;histoire a effac\u00e9 les femmes<\/span>\u00a0de Titiou Lecoq<\/span><\/span><\/p>\n<p><span style=\"font-size: 14pt;font-family: 'trebuchet ms', geneva, sans-serif\">A chaque \u00e9poque, des femmes ont agi, dirig\u00e9, cr\u00e9\u00e9, gouvern\u00e9 mais elles n&rsquo;apparaissent pas dans les manuels d&rsquo;histoire. Du temps des cavernes jusqu&rsquo;\u00e0 nos jours, l&rsquo;auteure passe au crible les d\u00e9couvertes les plus r\u00e9centes, analyse les m\u00e9canismes de la domination masculine et pr\u00e9sente quelques vies oubli\u00e9es.<\/span><\/p>\n<p><span style=\"font-size: 14pt;font-family: 'trebuchet ms', geneva, sans-serif\">908.3 LEC<\/span><\/p>\n<p>&nbsp;<\/p>\n<p>&nbsp;<\/p>\n<p><span style=\"font-size: 14pt\"><img loading=\"lazy\" decoding=\"async\" class=\"alignleft\" src=\"https:\/\/images-e.esidoc.fr\/-631\/138\/9782378803070.jpg?d=20221114111718\" alt=\"Le couple et l'argent : pourquoi les hommes sont plus riches que les femmes\" width=\"178\" height=\"245\" \/><span style=\"font-family: 'trebuchet ms', geneva, sans-serif\"><span style=\"text-decoration: underline\">Le couple et l&rsquo;argent : pourquoi les hommes sont plus riches que les femmes<\/span> de Titiou Lecoq<\/span><\/span><\/p>\n<p><span style=\"font-size: 14pt;font-family: 'trebuchet ms', geneva, sans-serif\">M\u00ealant enqu\u00eate et anecdote personnelle, l&rsquo;auteure constate que des in\u00e9galit\u00e9s financi\u00e8res et \u00e9conomiques subsistent entre hommes et femmes. Elle incite alors les lectrices \u00e0 remettre de l&rsquo;ordre dans leurs finances.<\/span><\/p>\n<p><span style=\"font-size: 14pt;font-family: 'trebuchet ms', geneva, sans-serif\">305.4 LEC<\/span><\/p>\n<p>&nbsp;<\/p>\n<p>&nbsp;<\/p>\n<p>&nbsp;<\/p>\n<p><img loading=\"lazy\" decoding=\"async\" class=\"alignleft\" title=\"Marvel : absolument tout ce que vous devez savoir...\" src=\"https:\/\/images-e.esidoc.fr\/-589\/274\/9782019496760.jpg?d=20181005185546\" alt=\"Marvel : absolument tout ce que vous devez savoir...\" width=\"189\" height=\"230\" \/><\/p>\n<h1 class=\"\"><span style=\"text-decoration: underline\"><span style=\"font-size: 14pt;font-family: trebuchet ms, geneva, sans-serif\">Marvel : absolument tout ce que vous devez savoir&#8230;<\/span><\/span><\/h1>\n<div class=\"content-summary \">\n<p><span style=\"font-size: 14pt;font-family: trebuchet ms, geneva, sans-serif\">Une pr\u00e9sentation de tout l&rsquo;univers des comics Marvel \u00e0 travers ses personnages, ses \u00e9quipes de super-h\u00e9ros, les lieux et les \u00e9v\u00e9nements.<\/span><\/p>\n<\/div>\n<p><span style=\"font-size: 14pt;font-family: trebuchet ms, geneva, sans-serif\">793 MAR<\/span><\/p>\n<p>&nbsp;<\/p>\n<p>&nbsp;<\/p>\n<p>&nbsp;<\/p>\n<p><img loading=\"lazy\" decoding=\"async\" class=\"alignleft\" title=\"Mythes et meufs\" src=\"https:\/\/images-e.esidoc.fr\/-972\/737\/9782205203325.jpg?d=20220423102135\" alt=\"Mythes et meufs\" width=\"211\" height=\"215\" \/><\/p>\n<h1 class=\"\"><span style=\"font-family: trebuchet ms, geneva, sans-serif\"><span style=\"font-size: 14pt\"><span style=\"text-decoration: underline\"><strong>Mythes et meuf<\/strong>s<\/span> de\u00a0<\/span><span style=\"font-size: 14pt\">Blanche Sabbah<\/span><\/span><\/h1>\n<div class=\"content-summary \">\n<p><span style=\"font-size: 14pt;font-family: trebuchet ms, geneva, sans-serif\">Cette bande dessin\u00e9e revisite avec humour les mythes, les contes, les textes bibliques et les dessins anim\u00e9s pour en proposer une approche f\u00e9ministe et militante. Les dessins sont associ\u00e9s \u00e0 des r\u00e9flexions sur les repr\u00e9sentations du r\u00f4le de la femme, leur influence sur le patriarcat et les in\u00e9galit\u00e9s entre les hommes et les femmes.<\/span><\/p>\n<p><span style=\"font-family: trebuchet ms, geneva, sans-serif\">CDI BAC BOE<\/span><\/p>\n<\/div>\n<p>&nbsp;<\/p>\n<p><img loading=\"lazy\" decoding=\"async\" class=\"alignleft\" title=\"Scienceflix : ce que tes s\u00e9ries pr\u00e9f\u00e9r\u00e9es disent de notre soci\u00e9t\u00e9\" src=\"https:\/\/images-e.esidoc.fr\/1211\/535\/9782732497464.jpg?d=20210615083111\" alt=\"Scienceflix : ce que tes s\u00e9ries pr\u00e9f\u00e9r\u00e9es disent de notre soci\u00e9t\u00e9\" width=\"185\" height=\"251\" \/><\/p>\n<h1 class=\"\"><span style=\"font-size: 14pt\"><span style=\"font-family: trebuchet ms, geneva, sans-serif\"><span style=\"text-decoration: underline\">Scienceflix : ce que tes s\u00e9ries pr\u00e9f\u00e9r\u00e9es disent de notre soci\u00e9t\u00e9 <\/span>de\u00a0<\/span><span style=\"font-family: trebuchet ms, geneva, sans-serif\">Hamza Garrush, Aness Garrush, Kevin Razy et Simon Bailly<\/span><\/span><\/h1>\n<div class=\"content-summary \">\n<p><span style=\"font-family: trebuchet ms, geneva, sans-serif;font-size: 14pt\">Histoire des civilisations, politique, pouvoir et corruption, philosophie, sociologie, religion, \u00e9conomie, violence urbaine ou encore nouvelles moeurs sentimentales : voici ce dont traitent r\u00e9ellement nos s\u00e9ries pr\u00e9f\u00e9r\u00e9es. \u00c0 travers de nombreux exemples, les auteurs nous r\u00e9v\u00e8lent que derri\u00e8re le divertissement, ce sont les diff\u00e9rentes facettes de nos soci\u00e9t\u00e9s que les grandes s\u00e9ries \u00e0 succ\u00e8s mettent en avant.<\/span><\/p>\n<p><span style=\"font-size: 14pt\">791.4 GAR<\/span><\/p>\n<\/div>\n<p>&nbsp;<\/p>\n<p>&nbsp;<\/p>\n<p>&nbsp;<\/p>\n<p><img loading=\"lazy\" decoding=\"async\" class=\"alignleft\" title=\"L'\u00e9cole du cerveau : de Montessori, Freinet et Piaget aux sciences cognitives\" src=\"https:\/\/images-e.esidoc.fr\/325\/885\/9782804734862.jpg?d=20240317110702\" alt=\"L'\u00e9cole du cerveau : de Montessori, Freinet et Piaget aux sciences cognitives\" width=\"207\" height=\"333\" \/><\/p>\n<h1><\/h1>\n<h1 class=\"\"><span style=\"text-decoration: underline\"><span style=\"font-size: 14pt;font-family: trebuchet ms, geneva, sans-serif\">L&rsquo;\u00e9cole du cerveau : de Montessori, Freinet et Piaget aux sciences cognitives<\/span><\/span><span style=\"font-size: 14pt;font-family: trebuchet ms, geneva, sans-serif\"> \u00a0<\/span><span style=\"font-size: 14pt;font-family: trebuchet ms, geneva, sans-serif\">Olivier Houd\u00e9<\/span><\/h1>\n<div class=\"content-editors\"><\/div>\n<div class=\"content-summary \">\n<p><span style=\"font-size: 14pt;font-family: trebuchet ms, geneva, sans-serif\">Une synth\u00e8se des derni\u00e8res \u00e9tudes et exp\u00e9riences men\u00e9es en neurop\u00e9dagogie. Apr\u00e8s avoir pr\u00e9sent\u00e9 les grandes th\u00e9ories li\u00e9es \u00e0 l&rsquo;\u00e9ducation, le professeur de psychologie rend compte de l&rsquo;apport des sciences cognitives \u00e0 la connaissance du cerveau humain durant la phase d&rsquo;apprentissage.<\/span><\/p>\n<\/div>\n<p>&nbsp;<\/p>\n<p>&nbsp;<\/p>\n<p><img loading=\"lazy\" decoding=\"async\" class=\"alignleft\" title=\"Raz de donn\u00e9es : l'impact du num\u00e9rique sur l'environnement\" src=\"https:\/\/images-e.esidoc.fr\/-1442\/860\/9782603029329.jpg?d=20230515115720\" alt=\"Raz de donn\u00e9es : l'impact du num\u00e9rique sur l'environnement\" width=\"206\" height=\"272\" \/><\/p>\n<h1 class=\"\"><span style=\"font-size: 14pt;font-family: trebuchet ms, geneva, sans-serif\">Raz de donn\u00e9es : l&rsquo;impact du num\u00e9rique sur l&rsquo;environnement de\u00a0<\/span><span style=\"font-size: 14pt;font-family: trebuchet ms, geneva, sans-serif\">Alice Durand et Robbert<\/span><\/h1>\n<div class=\"content-summary \">\n<p><span style=\"font-size: 14pt;font-family: trebuchet ms, geneva, sans-serif\">Un guide agr\u00e9ment\u00e9 d&rsquo;illustrations humoristiques pour comprendre les cons\u00e9quences des nouvelles technologies sur l&rsquo;environnement et la sant\u00e9 et pour faire des choix \u00e9clair\u00e9s en mati\u00e8re d&rsquo;\u00e9quipement et de consommation d&rsquo;\u00e9nergie.<\/span><\/p>\n<\/div>\n<p>&nbsp;<\/p>\n<p>&nbsp;<\/p>\n<p>&nbsp;<\/p>\n<p>&nbsp;<\/p>\n<p><span style=\"font-size: 14pt;font-family: trebuchet ms, geneva, sans-serif\">Des livres-reportage de Florence Aubenas\u00a0 843 AUB<\/span><\/p>\n<p><img loading=\"lazy\" decoding=\"async\" class=\"\" title=\"Le quai d'Ouistreham\" src=\"https:\/\/images-e.esidoc.fr\/658\/187\/9782757882894.jpg?d=20210708183949\" alt=\"Le quai d'Ouistreham\" width=\"188\" height=\"310\" \/><img decoding=\"async\" title=\"L'inconnu de la poste\" src=\"https:\/\/images-e.esidoc.fr\/-1402\/215\/9782823609851.jpg?d=20210211134323\" alt=\"L'inconnu de la poste\" \/><\/p>\n<p>&nbsp;<\/p>\n<p>&nbsp;<\/p>\n<hr \/>\n<p><span style=\"font-size: 20pt;font-family: 'trebuchet ms', geneva, sans-serif\"><span style=\"color: #ff0000\">Bandes Dessin\u00e9es<\/span><\/span><\/p>\n<p><span style=\"font-family: trebuchet ms, geneva, sans-serif;font-size: 14pt\">S\u00e9rie \u00ab\u00a0<strong>les 5 terres\u00a0\u00bb<\/strong> cycle 1 de Lewelyn, J\u00e9r\u00f4me Lereculey,\u00a0 et Dimitri Martinos<\/span><\/p>\n<p><span style=\"font-family: trebuchet ms, geneva, sans-serif;font-size: 14pt\">Angleon, le prosp\u00e8re royaume des f\u00e9lins, est en \u00e9bullition : Cyrus, le vieux roi, est au plus mal, et cette mort imminente aiguise les app\u00e9tits. Enfants, neveux, amis, ennemis&#8230; Chacun fourbit ses armes&#8230;Une s\u00e9rie aux petits airs de \u00ab\u00a0Game of Thrones\u00a0\u00bb<\/span><\/p>\n<p><img loading=\"lazy\" decoding=\"async\" class=\"\" title=\"Les 5 terres, cycle 1, Angleon. 6 Pas la force\" src=\"https:\/\/images-e.esidoc.fr\/-381\/31\/9782413019343.jpg?d=20210510122111\" alt=\"Les 5 terres, cycle 1, Angleon. 6 Pas la force\" width=\"203\" height=\"282\" \/><img loading=\"lazy\" decoding=\"async\" class=\"\" title=\"Les 5 terres, cycle 1, Angleon. 2 Quelqu'un de vivant\" src=\"https:\/\/images-e.esidoc.fr\/-382\/9\/9782413007937.jpg?d=20200127123139\" alt=\"Les 5 terres, cycle 1, Angleon. 2 Quelqu'un de vivant\" width=\"203\" height=\"282\" \/><img loading=\"lazy\" decoding=\"async\" class=\"\" title=\"Les 5 terres, cycle 1, Angleon. 3 L'amour d'un imb\u00e9cile\" src=\"https:\/\/images-e.esidoc.fr\/-381\/296\/9782413010739.jpg?d=20200526074942\" alt=\"Les 5 terres, cycle 1, Angleon. 3 L'amour d'un imb\u00e9cile\" width=\"203\" height=\"282\" \/><img loading=\"lazy\" decoding=\"async\" class=\"\" title=\"Les 5 terres, cycle 1, Angleon. 4 La m\u00eame f\u00e9rocit\u00e9\" src=\"https:\/\/images-e.esidoc.fr\/-381\/117\/9782413016731.jpg?d=20200910094733\" alt=\"Les 5 terres, cycle 1, Angleon. 4 La m\u00eame f\u00e9rocit\u00e9\" width=\"204\" height=\"284\" \/><img loading=\"lazy\" decoding=\"async\" class=\"\" title=\"Les 5 terres, cycle 1, Angleon. 5 L'objet de votre haine\" src=\"https:\/\/images-e.esidoc.fr\/-381\/32\/9782413019336.jpg?d=20201218120200\" alt=\"Les 5 terres, cycle 1, Angleon. 5 L'objet de votre haine\" width=\"205\" height=\"285\" \/><\/p>\n<p>&nbsp;<\/p>\n<p><span style=\"font-size: 14pt;font-family: 'trebuchet ms', geneva, sans-serif\"><img loading=\"lazy\" decoding=\"async\" class=\"size-full wp-image-9104 alignleft\" src=\"https:\/\/etab.ac-reunion.fr\/clg-jules-solesse\/wp-content\/uploads\/sites\/151\/2017\/11\/in-waves-couv.jpg\" alt=\"\" width=\"194\" height=\"258\" srcset=\"https:\/\/etab.ac-reunion.fr\/clg-jules-solesse\/wp-content\/uploads\/sites\/151\/2017\/11\/in-waves-couv.jpg 194w, https:\/\/etab.ac-reunion.fr\/clg-jules-solesse\/wp-content\/uploads\/sites\/151\/2017\/11\/in-waves-couv-113x150.jpg 113w\" sizes=\"auto, (max-width: 194px) 100vw, 194px\" \/><\/span><\/p>\n<p>&nbsp;<\/p>\n<p><span style=\"font-family: 'trebuchet ms', geneva, sans-serif;font-size: 14pt\"><span style=\"text-decoration: underline\">In waves<\/span>\u00a0d&rsquo;AJ Dungo<\/span><\/p>\n<p><span style=\"font-family: 'trebuchet ms', geneva, sans-serif;font-size: 14pt\">La perte d\u2019un \u00eatre cher et la fa\u00e7on dont on traverse le deuil, en surfant comme on peut la cr\u00eate d\u2019une grosse vague. Tant\u00f4t au-dessus de l\u2019\u00e9cume, tant\u00f4t envahi et fracass\u00e9 par le poids de l\u2019eau.<\/span><\/p>\n<p><span style=\"font-family: 'trebuchet ms', geneva, sans-serif;font-size: 14pt\">Rayonnage Coin BD<\/span><\/p>\n<p>&nbsp;<\/p>\n<p>&nbsp;<\/p>\n<p>&nbsp;<\/p>\n<p>&nbsp;<\/p>\n<p><span style=\"font-size: 14pt;font-family: 'trebuchet ms', geneva, sans-serif\"><img loading=\"lazy\" decoding=\"async\" class=\"alignleft\" title=\"La route. D'apr\u00e8s l'oeuvre de Cormac McCarthy\" src=\"https:\/\/images-e.esidoc.fr\/-972\/590\/9782205208153.jpg?d=20240318105202\" alt=\"La route. D'apr\u00e8s l'oeuvre de Cormac McCarthy\" width=\"207\" height=\"258\" \/><\/span><\/p>\n<p>&nbsp;<\/p>\n<p><span style=\"font-family: 'trebuchet ms', geneva, sans-serif;font-size: 14pt\">La route.\u00a0D\u2019apr\u00e8s l\u2019\u0153uvre de Cormac McCarthy<\/span><\/p>\n<p><span style=\"font-family: 'trebuchet ms', geneva, sans-serif;font-size: 14pt\">Manu Larcenet &amp; C McCarthy<\/span><\/p>\n<p><span style=\"font-family: 'trebuchet ms', geneva, sans-serif;font-size: 14pt\">Dans un monde postapocalyptique d\u00e9vast\u00e9, un p\u00e8re et son fils errent sur une route, affrontant le froid, la pluie et la neige, fuyant toute pr\u00e9sence humaine. En un voyage cr\u00e9pusculaire, poussant leur chariot rempli d&rsquo;objets h\u00e9t\u00e9roclites, ils marchent vers la mer. Grand prix de la BD Elle 2024, prix Babelio 2024 (bande dessin\u00e9e).<\/span><\/p>\n<p>&nbsp;<\/p>\n<p>&nbsp;<\/p>\n<p><span style=\"font-size: 14pt;font-family: 'trebuchet ms', geneva, sans-serif\"><img loading=\"lazy\" decoding=\"async\" class=\"alignleft\" title=\"Racines\" src=\"https:\/\/images-e.esidoc.fr\/-374\/772\/9782413082743.jpg?d=20240429091648\" alt=\"Racines\" width=\"213\" height=\"295\" \/><\/span><\/p>\n<p>&nbsp;<\/p>\n<p>&nbsp;<\/p>\n<p><span style=\"font-size: 14pt;font-family: 'trebuchet ms', geneva, sans-serif\"><span style=\"text-decoration: underline\">Racines<\/span> de Lou Lubie<\/span><\/p>\n<p><span style=\"font-size: 14pt;font-family: 'trebuchet ms', geneva, sans-serif\">Une bande dessin\u00e9e \u00e9voquant le sexisme, le racisme et l&rsquo;acceptation de soi \u00e0 travers l&rsquo;histoire de Rose, une fille m\u00e9tisse aux cheveux cr\u00e9pus qui pr\u00e9f\u00e9rerait avoir une chevelure toute lisse.<\/span><\/p>\n<p>&nbsp;<\/p>\n<p>&nbsp;<\/p>\n<p>&nbsp;<\/p>\n<p>&nbsp;<\/p>\n<p><span style=\"font-size: 14pt;font-family: 'trebuchet ms', geneva, sans-serif\"><img loading=\"lazy\" decoding=\"async\" class=\"alignleft\" title=\"Vingt d\u00e9cembre, chroniques de l'abolition\" src=\"https:\/\/images-e.esidoc.fr\/-972\/820\/9782205200935.jpg?d=20231207052111\" alt=\"Vingt d\u00e9cembre, chroniques de l'abolition\" width=\"207\" height=\"279\" \/><\/span><\/p>\n<p>&nbsp;<\/p>\n<p><span style=\"font-size: 14pt;font-family: 'trebuchet ms', geneva, sans-serif\"><span style=\"text-decoration: underline\">Vingt d\u00e9cembre<\/span> d&rsquo;Appollo &amp; Tehem<\/span><\/p>\n<p><span style=\"font-size: 14pt;font-family: 'trebuchet ms', geneva, sans-serif\">La R\u00e9union, 1848. Edmond Albius, un jeune esclave, a invent\u00e9 un proc\u00e9d\u00e9 de f\u00e9condation de la vanille que son propri\u00e9taire exploite afin de s&rsquo;enrichir. Les esclaves de l&rsquo;\u00eele apprennent qu&rsquo;une r\u00e9volution se d\u00e9roule en m\u00e9tropole et que les Noirs de l&rsquo;\u00eele Maurice ont tous \u00e9t\u00e9 lib\u00e9r\u00e9s. Une histoire sur l&rsquo;abolition de l&rsquo;esclavage.<\/span><\/p>\n<p>&nbsp;<\/p>\n<p>&nbsp;<\/p>\n<p>&nbsp;<\/p>\n<p>&nbsp;<\/p>\n<p><span style=\"font-size: 14pt;font-family: 'trebuchet ms', geneva, sans-serif\"><img loading=\"lazy\" decoding=\"async\" class=\"alignleft\" title=\"Lebensborn\" src=\"https:\/\/images-e.esidoc.fr\/78\/726\/9782227500822.jpg?d=20240111140957\" alt=\"Lebensborn\" width=\"205\" height=\"270\" \/><\/span><\/p>\n<p>&nbsp;<\/p>\n<p><span style=\"font-size: 14pt;font-family: 'trebuchet ms', geneva, sans-serif\"><span style=\"text-decoration: underline\">Lebensborn<\/span> d&rsquo;Isabelle Maroger<\/span><\/p>\n<p><span style=\"font-size: 14pt;font-family: 'trebuchet ms', geneva, sans-serif\">Isabelle Maroger est grande, blonde, aux yeux bleus, \u00e0 moiti\u00e9 norv\u00e9gienne par sa m\u00e8re. Elle retrace l&rsquo;enqu\u00eate qu&rsquo;a men\u00e9e cette derni\u00e8re, n\u00e9e dans un Lebensborn pendant l&rsquo;occupation de la Norv\u00e8ge par les Allemands, pour r\u00e9soudre le secret de sa naissance. Isabelle d\u00e9couvre ainsi sa nouvelle famille, un grand-p\u00e8re allemand, froid et distant, et l&rsquo;horreur du projet nazi.<\/span><\/p>\n<p>&nbsp;<\/p>\n<p>&nbsp;<\/p>\n<p>&nbsp;<\/p>\n<p>&nbsp;<\/p>\n<p><span style=\"font-size: 14pt;font-family: 'trebuchet ms', geneva, sans-serif\"><img loading=\"lazy\" decoding=\"async\" class=\"alignleft\" title=\"Le murmure de la mer\" src=\"https:\/\/images-e.esidoc.fr\/-458\/9\/9791037511560.jpg?d=20240331184509\" alt=\"Le murmure de la mer\" width=\"221\" height=\"288\" \/><\/span><\/p>\n<p>&nbsp;<\/p>\n<p><span style=\"font-size: 14pt;font-family: 'trebuchet ms', geneva, sans-serif\"><span style=\"text-decoration: underline\">Le murmure de la mer<\/span> d&rsquo;Hippolyte<\/span><\/p>\n<p><span style=\"font-size: 14pt;font-family: 'trebuchet ms', geneva, sans-serif\">Une immersion aux c\u00f4t\u00e9s des b\u00e9n\u00e9voles engag\u00e9s aupr\u00e8s de l&rsquo;organisation SOS M\u00e9diterran\u00e9e. Apr\u00e8s quelques mois \u00e0 bord du navire ambulance Ocean Viking, l&rsquo;auteur retranscrit les rencontres qu&rsquo;il a v\u00e9cues ainsi que les oppositions rencontr\u00e9es par les acteurs engag\u00e9s dans l&rsquo;aide aux migrants face \u00e0 des Etats indiff\u00e9rents et parfois r\u00e9fractaires, qui vont jusqu&rsquo;\u00e0 entraver un bateau de sauvetage \u00e0 quai.<\/span><\/p>\n<p>&nbsp;<\/p>\n<p>&nbsp;<\/p>\n<p>&nbsp;<\/p>\n<p>&nbsp;<\/p>\n<p><span style=\"font-size: 14pt;font-family: 'trebuchet ms', geneva, sans-serif\"><img loading=\"lazy\" decoding=\"async\" class=\"alignleft\" title=\"Les guerres de Lucas\" src=\"https:\/\/images-e.esidoc.fr\/711\/499\/9782493184993.jpg?d=20231103102148\" alt=\"Les guerres de Lucas\" width=\"212\" height=\"269\" \/><\/span><\/p>\n<p>&nbsp;<\/p>\n<p>&nbsp;<\/p>\n<p><span style=\"font-size: 14pt;font-family: 'trebuchet ms', geneva, sans-serif\"><span style=\"text-decoration: underline\">Les guerres de Lucas<\/span> de Laurent Hopman &amp; Renaud Roche<\/span><\/p>\n<p><span style=\"font-size: 14pt;font-family: 'trebuchet ms', geneva, sans-serif\">L&rsquo;histoire du r\u00e9alisateur George Lucas, de l&rsquo;enfant qui a fr\u00f4l\u00e9 la mort au prodige du nouvel Hollywood. Le sc\u00e9nario se concentre notamment sur les coulisses de Star Wars, des castings au succ\u00e8s mondial en passant par le tournage cauchemardesque. Prix France info de la BD dactualit\u00e9 et de reportage 2024, prix BD Fnac-France Inter 2024.<\/span><\/p>\n<p>&nbsp;<\/p>\n<p>&nbsp;<\/p>\n<p>&nbsp;<\/p>\n<p><span style=\"font-size: 14pt;font-family: 'trebuchet ms', geneva, sans-serif\"><img loading=\"lazy\" decoding=\"async\" class=\"alignleft\" title=\"La b\u00eate. 1\" src=\"https:\/\/images-e.esidoc.fr\/1233\/758\/9791034738212.jpg?d=20201001122743\" alt=\"La b\u00eate. 1\" width=\"219\" height=\"251\" \/><img loading=\"lazy\" decoding=\"async\" class=\"alignleft\" title=\"La b\u00eate. 2\" src=\"https:\/\/images-e.esidoc.fr\/1233\/758\/9791034738229.jpg?d=20231005135356\" alt=\"La b\u00eate. 2\" width=\"215\" height=\"251\" \/><span style=\"text-decoration: underline\">La b\u00eate<\/span> tome 1 et 2\u00a0 de Zidrou, Frank P\u00e9 et Elvire de Cock<\/span><\/p>\n<p><span style=\"font-size: 14pt;font-family: 'trebuchet ms', geneva, sans-serif\">D&rsquo;abord captur\u00e9 en Palombie par des Indiens de la tribu Chahutas puis vendu \u00e0 des trafiquants d&rsquo;animaux exotiques, un Marsupilami arrive au port d&rsquo;Anvers dans les ann\u00e9es 1950. Alors qu&rsquo;il prend la fuite, il se rend dans la banlieue de Bruxelles o\u00f9 il est recueilli par Fran\u00e7ois, un jeune gar\u00e7on f\u00e9ru d&rsquo;animaux.<\/span><\/p>\n<p>&nbsp;<\/p>\n<p>&nbsp;<\/p>\n<p>&nbsp;<\/p>\n<p>&nbsp;<\/p>\n<hr \/>\n<p><span style=\"font-size: 14pt;font-family: 'trebuchet ms', geneva, sans-serif\"><em>Biographies<\/em><\/span><\/p>\n<p>&nbsp;<\/p>\n<p><span style=\"font-size: 14pt;font-family: 'trebuchet ms', geneva, sans-serif\"><img loading=\"lazy\" decoding=\"async\" class=\"alignleft\" title=\"Une farouche libert\u00e9\" src=\"https:\/\/images-e.esidoc.fr\/-1530\/276\/9782246824237.jpg?d=20200908153323\" alt=\"Une farouche libert\u00e9\" width=\"153\" height=\"234\" \/><\/span><\/p>\n<p>&nbsp;<\/p>\n<p>&nbsp;<\/p>\n<p><span style=\"font-size: 14pt;font-family: 'trebuchet ms', geneva, sans-serif\">Une farouche libert\u00e9 de Gis\u00e8le Halimi<\/span><\/p>\n<p><span style=\"font-size: 14pt;font-family: 'trebuchet ms', geneva, sans-serif\">G. Halimi, avocate, militante et femme politique, t\u00e9moigne de son parcours et de son activisme, de la lutte contre la colonisation \u00e0 la cause des femmes. Elle invite les jeunes g\u00e9n\u00e9rations \u00e0 s&rsquo;engager pour l&rsquo;\u00e9galit\u00e9 entre hommes et femmes.<\/span><\/p>\n<p><span style=\"font-size: 14pt;font-family: 'trebuchet ms', geneva, sans-serif\">908.. HAL<\/span><\/p>\n<p>&nbsp;<\/p>\n<p><span style=\"font-size: 14pt;font-family: 'trebuchet ms', geneva, sans-serif\"><img loading=\"lazy\" decoding=\"async\" class=\"alignleft\" title=\"Une farouche libert\u00e9 : Gis\u00e8le Halimi, la cause des femmes\" src=\"https:\/\/images-e.esidoc.fr\/1812\/104\/9782368465202.jpg?d=20221011113705\" alt=\"Une farouche libert\u00e9 : Gis\u00e8le Halimi, la cause des femmes\" width=\"158\" height=\"218\" \/><\/span><\/p>\n<p>&nbsp;<\/p>\n<p>&nbsp;<\/p>\n<p><span style=\"font-size: 14pt;font-family: 'trebuchet ms', geneva, sans-serif\">Une farouche libert\u00e9 en BD<\/span><\/p>\n<p>&nbsp;<\/p>\n<p>&nbsp;<\/p>\n<p>&nbsp;<\/p>\n<p>&nbsp;<\/p>\n<p><span style=\"font-size: 14pt\"><img loading=\"lazy\" decoding=\"async\" class=\"alignleft\" title=\"Garder la t\u00eate hors de l'eau : une enfance au Chelsea Hotel\" src=\"https:\/\/images-e.esidoc.fr\/-44\/161\/9782264071897.jpg?d=20190228144848\" alt=\"Garder la t\u00eate hors de l'eau : une enfance au Chelsea Hotel\" width=\"174\" height=\"285\" \/><\/span><\/p>\n<p>&nbsp;<\/p>\n<p><span style=\"font-size: 14pt\"><span style=\"font-family: trebuchet ms, geneva, sans-serif\">Garder la t\u00eate hors de l&rsquo;eau : Une enfance au Chelsea H\u00f4tel de Nicolaia Rips<\/span><\/span><\/p>\n<p><span style=\"font-size: 14pt;font-family: trebuchet ms, geneva, sans-serif\">R RIP<\/span><\/p>\n<p><span style=\"font-size: 14pt;font-family: trebuchet ms, geneva, sans-serif\">Fille d&rsquo;un avocat devenu romancier et d&rsquo;un ancien mannequin, Nicolaia Rips a grandi au Chelsea H\u00f4tel, cet \u00e9crin d&rsquo;artistes et d&rsquo;originaux.Elle nous fait le r\u00e9cit haut en couleur de son enfance si singuli\u00e8re.<\/span><\/p>\n<p>&nbsp;<\/p>\n<p>&nbsp;<\/p>\n<p>&nbsp;<\/p>\n<p>&nbsp;<\/p>\n<p><span style=\"font-size: 14pt;font-family: 'trebuchet ms', geneva, sans-serif\"><img loading=\"lazy\" decoding=\"async\" class=\"alignleft\" title=\"Elise et les nouveaux partisans\" src=\"https:\/\/images-e.esidoc.fr\/-380\/257\/9782413024385.jpg?d=20211021141153\" alt=\"Elise et les nouveaux partisans\" width=\"158\" height=\"213\" \/> Elise et les nouveaux partisans de Dominique Grange et Jacques Tardi<\/span><\/p>\n<p><span style=\"font-size: 14pt;font-family: 'trebuchet ms', geneva, sans-serif\">BD TAR\u00a0 &#8211; Rayonnage coin BD<\/span><\/p>\n<p><span style=\"font-size: 14pt;font-family: 'trebuchet ms', geneva, sans-serif\">Jeune chanteuse venue tenter sa chance \u00e0 Paris en 1958, Elise tourne le dos au showbiz apr\u00e8s le mouvement contestataire de mai 1968. Refusant un retour \u00e0 la normale, elle rejoint le maquis des luttes contre l&rsquo;exploitation, les injustices sociales et le racisme. Tardi co-signe ici la biographie des jeunes ann\u00e9es de sa future compagne, Dominique Grange, jusqu&rsquo;\u00e0 ce qu&rsquo;ils s&rsquo;installent ensemble.<\/span><\/p>\n<p>&nbsp;<\/p>\n<p>&nbsp;<\/p>\n<p><img loading=\"lazy\" decoding=\"async\" class=\"alignleft\" title=\"Moi Ren\u00e9 Tardi, prisonnier de guerre au Stalag II B\" src=\"https:\/\/images-e.esidoc.fr\/1549\/245\/9782203229037.jpg?d=20220204110636\" alt=\"Moi Ren\u00e9 Tardi, prisonnier de guerre au Stalag II B\" width=\"171\" height=\"229\" \/><\/p>\n<p>&nbsp;<\/p>\n<p><span style=\"font-family: 'trebuchet ms', geneva, sans-serif;font-size: 14pt\">Moi Ren\u00e9 Tardi, prisonnier de guerre au STalag II B\u00a0 par Jacques Tardi<\/span><\/p>\n<p><span style=\"font-size: 14pt;font-family: 'trebuchet ms', geneva, sans-serif\">BD TAR\u00a0 &#8211; Rayonnage coin BD<\/span><\/p>\n<p><span style=\"font-family: 'trebuchet ms', geneva, sans-serif;font-size: 14pt\">Adaptation par Jacques Tardi de carnets dans lesquels son p\u00e8re a consign\u00e9 les souvenirs de sa jeunesse, de la Seconde Guerre mondiale et de sa captivit\u00e9 en Allemagne.<\/span><\/p>\n<p>&nbsp;<\/p>\n<p>&nbsp;<\/p>\n<p><img loading=\"lazy\" decoding=\"async\" class=\"alignleft\" title=\"Gar\u00e7on manqu\u00e9\" src=\"https:\/\/images-e.esidoc.fr\/-1457\/845\/9782369902041.jpg?d=20181005140624\" alt=\"Gar\u00e7on manqu\u00e9\" width=\"193\" height=\"301\" \/><\/p>\n<p>&nbsp;<\/p>\n<p><span style=\"font-size: 14pt;font-family: 'trebuchet ms', geneva, sans-serif\">Gar\u00e7on manqu\u00e9 de Liz Prince<\/span><\/p>\n<p><span style=\"font-size: 14pt;font-family: 'trebuchet ms', geneva, sans-serif\">BD PRI\u00a0 \u00a0&#8211; BD: Diff\u00e9rence(s)<\/span><\/p>\n<p><span style=\"font-size: 14pt;font-family: 'trebuchet ms', geneva, sans-serif\">Liz Prince a grandi dans la banlieue de Santa F\u00e9, au Nouveau Mexique, \u00e0 la fin des ann\u00e9es 1980. Elle n\u2019\u00e9tait pas du tout girly et d\u00e9testait s\u2019habiller \u00ab\u00a0en fille\u00a0\u00bb, mais elle n\u2019\u00e9tait \u00e9videmment pas non plus un gar\u00e7on, comme lui fit clairement comprendre le coach de base-ball de l\u2019\u00e9quipe junior locale. Elle \u00e9tait quelque part entre les deux. Et ce n\u2019\u00e9tait pas une zone tr\u00e8s confortable, avec les forces de l\u2019\u00e9cole primaire, du coll\u00e8ge, de ses parents, de ses amis et de ses amours qui la tiraillaient dans un sens ou dans l\u2019autre&#8230; Petit \u00e0 petit, au fur et \u00e0 mesure de ses rencontres, elle apprend \u00e0 composer avec les r\u00e9actions de son entourage et \u00e0 se construire une identit\u00e9 propre.<\/span><\/p>\n<p>&nbsp;<\/p>\n<p>&nbsp;<\/p>\n<p><img loading=\"lazy\" decoding=\"async\" class=\"alignleft\" title=\"Un papa, une maman : une famille formidable (la mienne !)\" src=\"https:\/\/images-e.esidoc.fr\/-1022\/572\/9782205084818.jpg?d=20210122165630\" alt=\"Un papa, une maman : une famille formidable (la mienne !)\" width=\"211\" height=\"275\" \/><\/p>\n<h1 class=\"\"><span style=\"font-size: 14pt;font-family: 'trebuchet ms', geneva, sans-serif\">Un papa, une maman : une famille formidable (la mienne !) de Florence Cestac<\/span><\/h1>\n<div class=\"content-authors\">BD CES\u00a0 &#8211; Rayonnage coin BD<\/div>\n<div class=\"content-summary \">\n<p><span style=\"font-size: 14pt;font-family: 'trebuchet ms', geneva, sans-serif\">Une bande dessin\u00e9e dans laquelle l&rsquo;auteure d\u00e9crit avec humour sa relation tumultueuse avec son p\u00e8re, un homme col\u00e9rique issu de la petite bourgeoisie de province.<\/span><\/p>\n<\/div>\n<p>&nbsp;<\/p>\n<p>&nbsp;<\/p>\n<p>&nbsp;<\/p>\n<p>&nbsp;<\/p>\n<p><img loading=\"lazy\" decoding=\"async\" class=\"alignleft\" title=\"Martha Jane Cannary, 1852-1903 : la vie aventureuse de celle que l'on nommait Calimity Jane\" src=\"https:\/\/images-e.esidoc.fr\/-2010\/700\/9782754815611.jpg?d=20181005175830\" alt=\"Martha Jane Cannary, 1852-1903 : la vie aventureuse de celle que l'on nommait Calimity Jane\" width=\"215\" height=\"299\" \/><\/p>\n<h1 class=\"\"><span style=\"font-size: 14pt;font-family: trebuchet ms, geneva, sans-serif\">Martha Jane Cannary, 1852-1903 : la vie aventureuse de celle que l&rsquo;on nommait Calimity Jane de\u00a0Christian Perrissin et Matthieu Blanchin<\/span><\/h1>\n<div class=\"content-editors\"><span style=\"font-size: 14pt;font-family: trebuchet ms, geneva, sans-serif\">BD PER\u00a0 &#8211; Rayonnage coin BD<\/span><\/div>\n<div class=\"content-summary \">\n<p><span style=\"font-size: 14pt;font-family: trebuchet ms, geneva, sans-serif\">Les trois tomes r\u00e9unis en un volume retracent la vie de celle qui fut surnomm\u00e9e Calamity Jane. N\u00e9e en 1852, \u00e9levant seule sa fratrie \u00e0 l&rsquo;\u00e2ge de 15 ans, elle les abandonne pour \u00e9chapper \u00e0 un homme qui la convoite. Du Wyoming au Montana, elle m\u00e8ne une vie aventureuse, exer\u00e7ant un grand nombre d&rsquo;activit\u00e9s, tra\u00eenant une r\u00e9putation sulfureuse dans ces terres puritaines et sauvages.<\/span><\/p>\n<\/div>\n<hr \/>\n<p>&nbsp;<\/p>\n<p>&nbsp;<\/p>\n<p>&nbsp;<\/p>\n<p>&nbsp;<\/p>\n<p><span style=\"font-family: book antiqua,palatino,serif;font-size: 12pt\">\u00a0<\/span><\/p>\n<p>&nbsp;<\/p>\n","protected":false},"excerpt":{"rendered":"<p>Tr\u00e8s bons lecteurs et adultes Les livres sont, bien s\u00fbr disponibles au CDI, ce ne sont pas forcement des nouveaut\u00e9s &nbsp; &nbsp; &nbsp; &nbsp; &nbsp; Fictions &nbsp; S\u00e9rie \u00ab\u00a0les D\u00e9tectives du Yorkshire\u00a0\u00bb de Julia Chapman 820 CHA Samson O&rsquo;Brien est de retour dans son village natal de Bruncliffe dans le\u2026<\/p>\n<p class=\"continue-reading-button\"> <a class=\"continue-reading-link\" href=\"https:\/\/etab.ac-reunion.fr\/clg-jules-solesse\/les-propositions-lecture-de-la-doc\/\">Continue reading<i class=\"crycon-right-dir\"><\/i><\/a><\/p>\n","protected":false},"author":13197,"featured_media":3737,"comment_status":"closed","ping_status":"closed","sticky":false,"template":"","format":"standard","meta":{"footnotes":""},"categories":[94],"tags":[],"class_list":["post-3710","post","type-post","status-publish","format-standard","has-post-thumbnail","hentry","category-cdi-quoi-lire-si"],"_links":{"self":[{"href":"https:\/\/etab.ac-reunion.fr\/clg-jules-solesse\/wp-json\/wp\/v2\/posts\/3710","targetHints":{"allow":["GET"]}}],"collection":[{"href":"https:\/\/etab.ac-reunion.fr\/clg-jules-solesse\/wp-json\/wp\/v2\/posts"}],"about":[{"href":"https:\/\/etab.ac-reunion.fr\/clg-jules-solesse\/wp-json\/wp\/v2\/types\/post"}],"author":[{"embeddable":true,"href":"https:\/\/etab.ac-reunion.fr\/clg-jules-solesse\/wp-json\/wp\/v2\/users\/13197"}],"replies":[{"embeddable":true,"href":"https:\/\/etab.ac-reunion.fr\/clg-jules-solesse\/wp-json\/wp\/v2\/comments?post=3710"}],"version-history":[{"count":36,"href":"https:\/\/etab.ac-reunion.fr\/clg-jules-solesse\/wp-json\/wp\/v2\/posts\/3710\/revisions"}],"predecessor-version":[{"id":19164,"href":"https:\/\/etab.ac-reunion.fr\/clg-jules-solesse\/wp-json\/wp\/v2\/posts\/3710\/revisions\/19164"}],"wp:featuredmedia":[{"embeddable":true,"href":"https:\/\/etab.ac-reunion.fr\/clg-jules-solesse\/wp-json\/wp\/v2\/media\/3737"}],"wp:attachment":[{"href":"https:\/\/etab.ac-reunion.fr\/clg-jules-solesse\/wp-json\/wp\/v2\/media?parent=3710"}],"wp:term":[{"taxonomy":"category","embeddable":true,"href":"https:\/\/etab.ac-reunion.fr\/clg-jules-solesse\/wp-json\/wp\/v2\/categories?post=3710"},{"taxonomy":"post_tag","embeddable":true,"href":"https:\/\/etab.ac-reunion.fr\/clg-jules-solesse\/wp-json\/wp\/v2\/tags?post=3710"}],"curies":[{"name":"wp","href":"https:\/\/api.w.org\/{rel}","templated":true}]}}