{"id":3796,"date":"2017-11-30T15:54:04","date_gmt":"2017-11-30T11:54:04","guid":{"rendered":"http:\/\/college-jules-solesse.ac-reunion.fr\/?p=3796"},"modified":"2026-02-17T11:07:18","modified_gmt":"2026-02-17T07:07:18","slug":"les-propositions-lecture-de-la-doc-4e-3e-2","status":"publish","type":"post","link":"https:\/\/etab.ac-reunion.fr\/clg-jules-solesse\/les-propositions-lecture-de-la-doc-4e-3e-2\/","title":{"rendered":"Les propositions lecture de la Doc&#8230;4e\/3e"},"content":{"rendered":"<p><img loading=\"lazy\" decoding=\"async\" class=\"wp-image-3783 alignleft\" src=\"https:\/\/etab.ac-reunion.fr\/clg-jules-solesse\/wp-content\/uploads\/sites\/151\/2017\/11\/doc-logo-vert.jpg\" alt=\"\" width=\"197\" height=\"187\" srcset=\"https:\/\/etab.ac-reunion.fr\/clg-jules-solesse\/wp-content\/uploads\/sites\/151\/2017\/11\/doc-logo-vert.jpg 338w, https:\/\/etab.ac-reunion.fr\/clg-jules-solesse\/wp-content\/uploads\/sites\/151\/2017\/11\/doc-logo-vert-300x285.jpg 300w, https:\/\/etab.ac-reunion.fr\/clg-jules-solesse\/wp-content\/uploads\/sites\/151\/2017\/11\/doc-logo-vert-150x142.jpg 150w\" sizes=\"auto, (max-width: 197px) 100vw, 197px\" \/><\/p>\n<p><span style=\"font-size: 16pt;font-family: book antiqua,palatino,serif\"><em><strong><span style=\"color: #339966\">Plut\u00f4t pour les 4e et les 3e &#8230;mais toutes les lectures sont permises !<\/span><\/strong><\/em><\/span><\/p>\n<p style=\"text-align: left\"><span style=\"color: #339966;font-size: 14pt;font-family: trebuchet ms, geneva, sans-serif\">les livres sont disponibles au CDI et tu peux les emprunter pour les lire pendant les vacances.<\/span><\/p>\n<p style=\"text-align: right\"><span style=\"font-family: trebuchet ms, geneva, sans-serif;font-size: 14pt\">Et pour trouver d&rsquo;autres id\u00e9es de lectures tu peux <a href=\"http:\/\/9740093h.esidoc.fr\/search.php?rubrique=CGAll\">butiner sur e-sidoc<\/a><\/span><\/p>\n<p>&nbsp;<\/p>\n<p>&nbsp;<\/p>\n<p><img loading=\"lazy\" decoding=\"async\" class=\"alignleft\" title=\"Age tendre\" src=\"https:\/\/images-e.esidoc.fr\/-1660\/828\/9782377314652.jpg?d=20210202084606\" alt=\"Age tendre\" width=\"171\" height=\"272\" \/><span style=\"font-size: 14pt;font-family: trebuchet ms, geneva, sans-serif\"><strong>\u00c2ge tendre<\/strong> de Cl\u00e9mentine Beauvais<\/span><\/p>\n<p><span style=\"font-size: 14pt;font-family: trebuchet ms, geneva, sans-serif\">R BEAU<\/span><\/p>\n<p><span style=\"font-size: 14pt;font-family: trebuchet ms, geneva, sans-serif\">La pr\u00e9sidente de la R\u00e9publique ayant d\u00e9cid\u00e9 que tout \u00e9l\u00e8ve doit accomplir une ann\u00e9e de service civique entre sa troisi\u00e8me et sa seconde, Valentin a pos\u00e9 ses voeux. Malheureusement pour lui, ils n&rsquo;ont pas \u00e9t\u00e9 respect\u00e9s et l&rsquo;adolescent est envoy\u00e9 dans un centre pour personnes \u00e2g\u00e9es atteintes d&rsquo;Alzheimer, situ\u00e9 dans le Pas-de-Calais, con\u00e7u pour ressembler \u00e0 un village des ann\u00e9es 1960.<\/span><\/p>\n<p>&nbsp;<\/p>\n<p>&nbsp;<\/p>\n<hr \/>\n<p><span style=\"font-family: trebuchet ms, geneva, sans-serif;font-size: 14pt\">La s\u00e9rie \u00ab\u00a0Guilty\u00a0\u00bb de Jean-Christophe Tixier\u00a0 \u00a0 \u00a0 \u00a0R TIX<\/span><\/p>\n<p><img loading=\"lazy\" decoding=\"async\" class=\"\" title=\"Guilty : #l'affaire Patty Johnson\" src=\"https:\/\/images-e.esidoc.fr\/-1556\/69\/9782700276671.jpg?d=20211014165619\" alt=\"Guilty : #l'affaire Patty Johnson\" width=\"189\" height=\"273\" \/><img loading=\"lazy\" decoding=\"async\" class=\"\" title=\"Guilty : #l'affaire Helena Varance\" src=\"https:\/\/images-e.esidoc.fr\/-1555\/985\/9782700279092.jpg?d=20220627144718\" alt=\"Guilty : #l'affaire Helena Varance\" width=\"188\" height=\"272\" \/><img loading=\"lazy\" decoding=\"async\" class=\"\" title=\"Guilty : # l'affaire Diego Abrio\" src=\"https:\/\/images-e.esidoc.fr\/-1556\/70\/9782700276497.jpg?d=20210505083610\" alt=\"Guilty : # l'affaire Diego Abrio\" width=\"189\" height=\"273\" \/>&#8230;<\/p>\n<hr \/>\n<p><img loading=\"lazy\" decoding=\"async\" class=\"wp-image-6926 alignleft\" src=\"https:\/\/etab.ac-reunion.fr\/clg-jules-solesse\/wp-content\/uploads\/sites\/151\/2017\/11\/les-optinistes.jpg\" alt=\"\" width=\"189\" height=\"289\" srcset=\"https:\/\/etab.ac-reunion.fr\/clg-jules-solesse\/wp-content\/uploads\/sites\/151\/2017\/11\/les-optinistes.jpg 400w, https:\/\/etab.ac-reunion.fr\/clg-jules-solesse\/wp-content\/uploads\/sites\/151\/2017\/11\/les-optinistes-196x300.jpg 196w, https:\/\/etab.ac-reunion.fr\/clg-jules-solesse\/wp-content\/uploads\/sites\/151\/2017\/11\/les-optinistes-98x150.jpg 98w\" sizes=\"auto, (max-width: 189px) 100vw, 189px\" \/><\/p>\n<p>&nbsp;<\/p>\n<p><span style=\"font-size: 14pt;font-family: trebuchet ms, geneva, sans-serif\">Les optimistes meurent en premier de Susin Nielsen<\/span><\/p>\n<p><span style=\"font-family: trebuchet ms, geneva, sans-serif\"><strong><span style=\"font-size: 12pt\">R NIE<\/span><\/strong><\/span><\/p>\n<p><span style=\"font-size: 12pt;font-family: trebuchet ms, geneva, sans-serif\">P\u00e9tula De Wilde, 16 ans, a d\u00e9velopp\u00e9 de nombreuses phobies depuis que sa petite soeur est morte de fa\u00e7on accidentelle. Elle porte une grande attention \u00e0 son hygi\u00e8ne tout en se montrant tr\u00e8s raisonnable dans l&rsquo;optique de vivre plus longtemps. Un jour, l&rsquo;homme bionique arrive dans sa vie.\u00a0<\/span><\/p>\n<p>&nbsp;<\/p>\n<hr \/>\n<p><img loading=\"lazy\" decoding=\"async\" class=\"wp-image-6927 alignleft\" src=\"https:\/\/etab.ac-reunion.fr\/clg-jules-solesse\/wp-content\/uploads\/sites\/151\/2017\/11\/la-tresse.jpg\" alt=\"\" width=\"188\" height=\"305\" srcset=\"https:\/\/etab.ac-reunion.fr\/clg-jules-solesse\/wp-content\/uploads\/sites\/151\/2017\/11\/la-tresse.jpg 400w, https:\/\/etab.ac-reunion.fr\/clg-jules-solesse\/wp-content\/uploads\/sites\/151\/2017\/11\/la-tresse-185x300.jpg 185w, https:\/\/etab.ac-reunion.fr\/clg-jules-solesse\/wp-content\/uploads\/sites\/151\/2017\/11\/la-tresse-93x150.jpg 93w\" sizes=\"auto, (max-width: 188px) 100vw, 188px\" \/><\/p>\n<p><span style=\"font-size: 14pt;font-family: trebuchet ms, geneva, sans-serif\">La tresse de L\u00e6titia Colombani<\/span><\/p>\n<p><span style=\"font-family: trebuchet ms, geneva, sans-serif\"><strong><span style=\"font-size: 12pt\">R COL<\/span><\/strong><\/span><\/p>\n<p><span style=\"font-size: 12pt;font-family: trebuchet ms, geneva, sans-serif\">Les destins crois\u00e9s de trois femmes, sur trois continents. En Inde, Smita, intouchable, r\u00eave de voir sa fille apprendre \u00e0 lire. Giulia est ouvri\u00e8re \u00e0 Palerme. Quand son p\u00e8re a un grave accident, elle d\u00e9couvre que l&rsquo;atelier familial est ruin\u00e9. Sarah, avocate canadienne, apprend qu&rsquo;elle est atteinte d&rsquo;un cancer du sein.<\/span><\/p>\n<hr \/>\n<p><span style=\"font-size: 14pt\"><span style=\"text-decoration: underline\"><img loading=\"lazy\" decoding=\"async\" class=\"wp-image-6931 alignleft\" src=\"https:\/\/etab.ac-reunion.fr\/clg-jules-solesse\/wp-content\/uploads\/sites\/151\/2017\/11\/axl.jpg\" alt=\"\" width=\"205\" height=\"337\" srcset=\"https:\/\/etab.ac-reunion.fr\/clg-jules-solesse\/wp-content\/uploads\/sites\/151\/2017\/11\/axl.jpg 400w, https:\/\/etab.ac-reunion.fr\/clg-jules-solesse\/wp-content\/uploads\/sites\/151\/2017\/11\/axl-182x300.jpg 182w, https:\/\/etab.ac-reunion.fr\/clg-jules-solesse\/wp-content\/uploads\/sites\/151\/2017\/11\/axl-91x150.jpg 91w\" sizes=\"auto, (max-width: 205px) 100vw, 205px\" \/><\/span><\/span><\/p>\n<p>&nbsp;<\/p>\n<p>&nbsp;<\/p>\n<p><span style=\"font-size: 14pt;font-family: trebuchet ms, geneva, sans-serif\"><strong>Mes id\u00e9es folles<\/strong>\u00a0 d&rsquo;Axl Cendres<\/span><\/p>\n<p><span style=\"font-family: trebuchet ms, geneva, sans-serif;font-size: 12pt\">R CEN<\/span><\/p>\n<p><span style=\"font-family: trebuchet ms, geneva, sans-serif;font-size: 12pt\">Au pavillon 43 se trouvent un Napol\u00e9on, un J\u00e9sus et une Th\u00e9i\u00e8re humaine. Et, \u00e0 la barre, Francis Sandro, jeune psychiatre \u00e0 l&rsquo;alcool\u00e9mie contr\u00f4l\u00e9e (0,8 g dans le sang au minimum), flanqu\u00e9 de son ami Johnny Rotten Walker et obs\u00e9d\u00e9 par une id\u00e9e folle : comprendre comment les gens marchent.<\/span><\/p>\n<hr \/>\n<p><img loading=\"lazy\" decoding=\"async\" class=\"alignleft\" title=\"Alcatraz Indian land\" src=\"https:\/\/images-e.esidoc.fr\/1034\/686\/9791021406223.jpg?d=20190306062742\" alt=\"Alcatraz Indian land\" width=\"218\" height=\"352\" \/><\/p>\n<p>&nbsp;<\/p>\n<p>&nbsp;<\/p>\n<p><span style=\"font-size: 14pt;font-family: trebuchet ms, geneva, sans-serif\">Alcatraz indien land d&rsquo;Elise Fontenaille<\/span><\/p>\n<p><span style=\"font-size: 14pt;font-family: trebuchet ms, geneva, sans-serif\">R FON<\/span><\/p>\n<p><span style=\"font-size: 14pt;font-family: trebuchet ms, geneva, sans-serif\">Novembre 2012. Marylin Miracle, une Am\u00e9rindienne, doit se rendre sur l&rsquo;\u00eele d&rsquo;Alcatraz afin de comm\u00e9morer l&rsquo;anniversaire de l&rsquo;occupation pacifique de la prison. Elle se rem\u00e9more son engagement lors de cet \u00e9v\u00e9nement qui a eu lieu en 1969. Un roman sur la reconnaissance des droits des Indiens d&rsquo;Am\u00e9rique.<\/span><\/p>\n<hr \/>\n<p><span style=\"font-size: 14pt\"><span style=\"text-decoration: underline\"><strong><img loading=\"lazy\" decoding=\"async\" class=\" wp-image-3807 alignleft\" src=\"https:\/\/etab.ac-reunion.fr\/clg-jules-solesse\/wp-content\/uploads\/sites\/151\/2017\/11\/vibrations.jpg\" alt=\"\" width=\"177\" height=\"271\" srcset=\"https:\/\/etab.ac-reunion.fr\/clg-jules-solesse\/wp-content\/uploads\/sites\/151\/2017\/11\/vibrations.jpg 195w, https:\/\/etab.ac-reunion.fr\/clg-jules-solesse\/wp-content\/uploads\/sites\/151\/2017\/11\/vibrations-98x150.jpg 98w\" sizes=\"auto, (max-width: 177px) 100vw, 177px\" \/><\/strong><\/span><\/span><\/p>\n<p><span style=\"font-size: 14pt;font-family: trebuchet ms, geneva, sans-serif\"><strong>Vibrations<\/strong>\u00a0 de Rapha\u00eble Frier<br \/>\n<\/span><\/p>\n<p><strong>R FRI<\/strong><\/p>\n<p><span style=\"font-size: 14pt;font-family: trebuchet ms, geneva, sans-serif\">Clara, amoureuse de Sylvain, reste continuellement connect\u00e9e \u00e0 son t\u00e9l\u00e9phone portable, dans l&rsquo;attente de ses textos. Un jour, elle emporte par erreur le t\u00e9l\u00e9phone du jeune homme et y d\u00e9couvre une vid\u00e9o raciste et humiliante tourn\u00e9e \u00e0 l&rsquo;encontre d&rsquo;Hakim, l&rsquo;ami d&rsquo;enfance de Clara<\/span><\/p>\n<hr \/>\n<p><span style=\"font-family: book antiqua,palatino,serif;font-size: 14pt\"><span style=\"text-decoration: underline\"><strong><img loading=\"lazy\" decoding=\"async\" class=\" wp-image-3808 alignleft\" src=\"https:\/\/etab.ac-reunion.fr\/clg-jules-solesse\/wp-content\/uploads\/sites\/151\/2017\/11\/reputtaion.jpg\" alt=\"\" width=\"182\" height=\"289\" srcset=\"https:\/\/etab.ac-reunion.fr\/clg-jules-solesse\/wp-content\/uploads\/sites\/151\/2017\/11\/reputtaion.jpg 210w, https:\/\/etab.ac-reunion.fr\/clg-jules-solesse\/wp-content\/uploads\/sites\/151\/2017\/11\/reputtaion-189x300.jpg 189w, https:\/\/etab.ac-reunion.fr\/clg-jules-solesse\/wp-content\/uploads\/sites\/151\/2017\/11\/reputtaion-94x150.jpg 94w\" sizes=\"auto, (max-width: 182px) 100vw, 182px\" \/><\/strong><\/span><\/span><\/p>\n<p><span style=\"font-family: book antiqua,palatino,serif;font-size: 14pt\"><strong>Ma r\u00e9putation<\/strong> de Ga\u00ebl Aymon<\/span><\/p>\n<p><strong>R AYM<\/strong><\/p>\n<p><span style=\"font-family: trebuchet ms, geneva, sans-serif;font-size: 14pt\">Laura, 15 ans, pr\u00e9f\u00e8re la compagnie des gar\u00e7ons, celle de Jimmy, Sofiane et Th\u00e9o. Les mimiques travaill\u00e9es, les soir\u00e9es filles, c\u2019est pas trop son truc. Mais lorsqu\u2019elle repousse les avances de Sofiane, ses amis lui tournent le dos et Laura se retrouve isol\u00e9e et vuln\u00e9rable. Seule en cours, seule au self, seule dans les couloirs. Les pires ragots circulent \u00e0 son sujet sur les r\u00e9seaux sociaux, la rumeur enfle et l\u2019isolement de Laura grandit.<\/span><\/p>\n<hr \/>\n<p><img loading=\"lazy\" decoding=\"async\" class=\" wp-image-3811 alignleft\" src=\"https:\/\/etab.ac-reunion.fr\/clg-jules-solesse\/wp-content\/uploads\/sites\/151\/2017\/11\/sweet.jpg\" alt=\"\" width=\"193\" height=\"275\" srcset=\"https:\/\/etab.ac-reunion.fr\/clg-jules-solesse\/wp-content\/uploads\/sites\/151\/2017\/11\/sweet.jpg 210w, https:\/\/etab.ac-reunion.fr\/clg-jules-solesse\/wp-content\/uploads\/sites\/151\/2017\/11\/sweet-105x150.jpg 105w\" sizes=\"auto, (max-width: 193px) 100vw, 193px\" \/><\/p>\n<p><span style=\"font-size: 14pt;font-family: trebuchet ms, geneva, sans-serif\"><strong>Sweet Sixteen<\/strong> d&rsquo;Annelise Heurtier<\/span><\/p>\n<p><span style=\"font-size: 12pt;font-family: trebuchet ms, geneva, sans-serif\"><strong>R HEU<\/strong><\/span><\/p>\n<p><span style=\"font-size: 14pt;font-family: trebuchet ms, geneva, sans-serif\">RENTR\u00c9E 1957.<\/span><br \/>\n<span style=\"font-family: trebuchet ms, geneva, sans-serif;font-size: 14pt\">Le plus prestigieux lyc\u00e9e de l&rsquo;Arkansas ouvre pour la premi\u00e8re fois ses portes \u00e0 des \u00e9tudiants noirs. Ils sont neuf \u00e0 tenter l&rsquo;aventure.<\/span><br \/>\n<span style=\"font-size: 12pt;font-family: trebuchet ms, geneva, sans-serif\"><span style=\"font-size: 14pt\">Ils sont deux mille cinq cents, pr\u00eats \u00e0 tout pour les en emp\u00eacher.\u00a0<\/span><br \/>\n<\/span><\/p>\n<p>&nbsp;<\/p>\n<hr \/>\n<p><img loading=\"lazy\" decoding=\"async\" class=\"alignleft\" title=\"Colossale. 1\" src=\"https:\/\/images-e.esidoc.fr\/1893\/501\/9782822239844.jpg?d=20230127083651\" alt=\"Colossale. 1\" width=\"186\" height=\"254\" \/><\/p>\n<p>&nbsp;<\/p>\n<p><span style=\"font-size: 14pt;font-family: trebuchet ms, geneva, sans-serif\">Colossale Tome 1,\u00a0 de Rutile et Diane Truc<\/span><\/p>\n<p><span style=\"font-size: 14pt;font-family: trebuchet ms, geneva, sans-serif\">BD RUT\u00a0 \u00a0 CDI :\u00a0 BAC BOE<\/span><\/p>\n<p><span style=\"font-size: 14pt;font-family: trebuchet ms, geneva, sans-serif\">Fille d&rsquo;une ancienne famille aristocratique, Jade suit le plan de vie que lui imposent ses parents. Etudiante dans un prestigieux lyc\u00e9e parisien, elle participe \u00e0 des soir\u00e9es mondaines pour rencontrer le mari id\u00e9al. Mais Jade a une passion, qu&rsquo;elle tente de cacher pour \u00e9viter le jugement, la musculation.<\/span><\/p>\n<hr \/>\n<p><img loading=\"lazy\" decoding=\"async\" class=\"alignleft\" title=\"LX18\" src=\"https:\/\/images-e.esidoc.fr\/1933\/761\/9782075160070.jpg?d=20220131092630\" alt=\"LX18\" width=\"154\" height=\"223\" \/><\/p>\n<p>&nbsp;<\/p>\n<p><span style=\"font-size: 14pt;font-family: trebuchet ms, geneva, sans-serif\">LX18 de Kamel Benaouda\u00a0\u00a0<\/span><\/p>\n<p><span style=\"font-size: 14pt;font-family: trebuchet ms, geneva, sans-serif\">R BEN<\/span><\/p>\n<p><span style=\"font-size: 14pt;font-family: trebuchet ms, geneva, sans-serif\">Apr\u00e8s avoir subi un traitement g\u00e9n\u00e9tique et hormonal \u00e0 la naissance, LX18, 16 ans, est un alt\u00e9r\u00e9 qui ne ressent aucune \u00e9motion. Le jour o\u00f9 la paix est d\u00e9clar\u00e9e avec la nation des humains, LX18, Amir, Philom\u00e8ne et les autres sont envoy\u00e9s dans les lyc\u00e9es pour s&rsquo;int\u00e9grer \u00e0 la population civile.<\/span><\/p>\n<hr \/>\n<p><img loading=\"lazy\" decoding=\"async\" class=\"alignleft\" title=\"Goldorak\" src=\"https:\/\/images-e.esidoc.fr\/2144\/190\/9782505078463.jpg?d=20211004161156\" alt=\"Goldorak\" width=\"159\" height=\"225\" \/><span style=\"font-size: 14pt;font-family: trebuchet ms, geneva, sans-serif\">Goldorak de Xavier Dorison et Denis Bajram<\/span><\/p>\n<p><span style=\"font-size: 14pt;font-family: trebuchet ms, geneva, sans-serif\">BD DOR\u00a0 \u00a0CDI BAC Science Fiction<\/span><\/p>\n<p><span style=\"font-size: 14pt;font-family: trebuchet ms, geneva, sans-serif\">La guerre entre Goldorak et les forces de V\u00e9ga est un lointain souvenir. Actarus et sa soeur sont retourn\u00e9s sur Euphor alors que V\u00e9nusia et Alcor tentent de mener une vie normale. Mais l&rsquo;Hydragon, le plus puissant des golgoths, surgit de l&rsquo;espace et exige que les Japonais quittent leur pays rapidement sous peine d&rsquo;annihilation. Goldorak est leur seul espoir.<\/span><\/p>\n<hr \/>\n<p><img loading=\"lazy\" decoding=\"async\" class=\"alignleft\" title=\"Terrienne\" src=\"https:\/\/images-e.esidoc.fr\/2147\/7\/9791035804909.jpg?d=20190625103920\" alt=\"Terrienne\" width=\"158\" height=\"225\" \/><\/p>\n<p>&nbsp;<\/p>\n<p><span style=\"font-family: trebuchet ms, geneva, sans-serif;font-size: 14pt\">Terrienne de Jean-Claude Mourlevat<\/span><\/p>\n<p><span style=\"font-family: trebuchet ms, geneva, sans-serif;font-size: 14pt\">R MOU<\/span><\/p>\n<p><span style=\"font-family: trebuchet ms, geneva, sans-serif;font-size: 14pt\">Anne part \u00e0 la recherche de sa soeur Gabrielle qui a disparu. Elle la retrouve dans un univers parall\u00e8le o\u00f9 des hybrides asservissent les humains. Anne y tombe amoureuse de Bran, qui trahit alors son peuple pour s&rsquo;enfuir avec elle et l&rsquo;aider \u00e0 sauver Gabrielle.<\/span><\/p>\n<hr \/>\n<p><img loading=\"lazy\" decoding=\"async\" class=\"alignleft\" title=\"Comment mon p\u00e8re est mort 2 fois\" src=\"https:\/\/images-e.esidoc.fr\/-288\/434\/9782748526240.jpg?d=20190322094515\" alt=\"Comment mon p\u00e8re est mort 2 fois\" width=\"190\" height=\"277\" \/><\/p>\n<p>&nbsp;<\/p>\n<p><span style=\"font-family: trebuchet ms, geneva, sans-serif;font-size: 14pt\">Comment mon p\u00e8re est mort 2 fois d&rsquo;Yves Grevet<\/span><\/p>\n<p><span style=\"font-family: trebuchet ms, geneva, sans-serif;font-size: 14pt\">R GRE<\/span><\/p>\n<p><span style=\"font-family: trebuchet ms, geneva, sans-serif;font-size: 14pt\">So\u00ebn perd son p\u00e8re, victime d&rsquo;un accident sur la route du piton Ma\u00efdo, \u00e0 La R\u00e9union. Bien vite, il est gagn\u00e9 par le doute car la voie que celui-ci a emprunt\u00e9e lui \u00e9tait famili\u00e8re. De plus, il apprend l&rsquo;existence d&rsquo;une famille en m\u00e9tropole dont son p\u00e8re ne lui avait jamais parl\u00e9 et s&rsquo;interroge sur l&rsquo;arriv\u00e9e de policiers parisiens venus enqu\u00eater sur ce qui semble \u00eatre une banale trag\u00e9die.<\/span><\/p>\n<p>&nbsp;<\/p>\n","protected":false},"excerpt":{"rendered":"<p>Plut\u00f4t pour les 4e et les 3e &#8230;mais toutes les lectures sont permises ! les livres sont disponibles au CDI et tu peux les emprunter pour les lire pendant les vacances. Et pour trouver d&rsquo;autres id\u00e9es de lectures tu peux butiner sur e-sidoc &nbsp; &nbsp; \u00c2ge tendre de Cl\u00e9mentine Beauvais\u2026<\/p>\n<p class=\"continue-reading-button\"> <a class=\"continue-reading-link\" href=\"https:\/\/etab.ac-reunion.fr\/clg-jules-solesse\/les-propositions-lecture-de-la-doc-4e-3e-2\/\">Continue reading<i class=\"crycon-right-dir\"><\/i><\/a><\/p>\n","protected":false},"author":13197,"featured_media":0,"comment_status":"closed","ping_status":"closed","sticky":false,"template":"","format":"standard","meta":{"footnotes":""},"categories":[43],"tags":[],"class_list":["post-3796","post","type-post","status-publish","format-standard","hentry","category-cdi"],"_links":{"self":[{"href":"https:\/\/etab.ac-reunion.fr\/clg-jules-solesse\/wp-json\/wp\/v2\/posts\/3796","targetHints":{"allow":["GET"]}}],"collection":[{"href":"https:\/\/etab.ac-reunion.fr\/clg-jules-solesse\/wp-json\/wp\/v2\/posts"}],"about":[{"href":"https:\/\/etab.ac-reunion.fr\/clg-jules-solesse\/wp-json\/wp\/v2\/types\/post"}],"author":[{"embeddable":true,"href":"https:\/\/etab.ac-reunion.fr\/clg-jules-solesse\/wp-json\/wp\/v2\/users\/13197"}],"replies":[{"embeddable":true,"href":"https:\/\/etab.ac-reunion.fr\/clg-jules-solesse\/wp-json\/wp\/v2\/comments?post=3796"}],"version-history":[{"count":16,"href":"https:\/\/etab.ac-reunion.fr\/clg-jules-solesse\/wp-json\/wp\/v2\/posts\/3796\/revisions"}],"predecessor-version":[{"id":19124,"href":"https:\/\/etab.ac-reunion.fr\/clg-jules-solesse\/wp-json\/wp\/v2\/posts\/3796\/revisions\/19124"}],"wp:attachment":[{"href":"https:\/\/etab.ac-reunion.fr\/clg-jules-solesse\/wp-json\/wp\/v2\/media?parent=3796"}],"wp:term":[{"taxonomy":"category","embeddable":true,"href":"https:\/\/etab.ac-reunion.fr\/clg-jules-solesse\/wp-json\/wp\/v2\/categories?post=3796"},{"taxonomy":"post_tag","embeddable":true,"href":"https:\/\/etab.ac-reunion.fr\/clg-jules-solesse\/wp-json\/wp\/v2\/tags?post=3796"}],"curies":[{"name":"wp","href":"https:\/\/api.w.org\/{rel}","templated":true}]}}