{"id":5283,"date":"2018-05-01T15:47:03","date_gmt":"2018-05-01T11:47:03","guid":{"rendered":"http:\/\/college-jules-solesse.ac-reunion.fr\/?p=5283"},"modified":"2026-04-24T08:17:17","modified_gmt":"2026-04-24T04:17:17","slug":"laurent-corvaisier-le-fil-de-la-journee-au-college","status":"publish","type":"post","link":"https:\/\/etab.ac-reunion.fr\/clg-jules-solesse\/laurent-corvaisier-le-fil-de-la-journee-au-college\/","title":{"rendered":"Laurent Corvaisier : le fil de la journ\u00e9e au coll\u00e8ge"},"content":{"rendered":"<p><span style=\"font-size: 14pt\"><img loading=\"lazy\" decoding=\"async\" class=\"wp-image-5285 alignleft\" src=\"https:\/\/etab.ac-reunion.fr\/clg-jules-solesse\/wp-content\/uploads\/sites\/151\/2018\/05\/P1210099-e1525167131863.jpg\" alt=\"\" width=\"134\" height=\"200\" srcset=\"https:\/\/etab.ac-reunion.fr\/clg-jules-solesse\/wp-content\/uploads\/sites\/151\/2018\/05\/P1210099-e1525167131863.jpg 2160w, https:\/\/etab.ac-reunion.fr\/clg-jules-solesse\/wp-content\/uploads\/sites\/151\/2018\/05\/P1210099-e1525167131863-200x300.jpg 200w, https:\/\/etab.ac-reunion.fr\/clg-jules-solesse\/wp-content\/uploads\/sites\/151\/2018\/05\/P1210099-e1525167131863-768x1149.jpg 768w, https:\/\/etab.ac-reunion.fr\/clg-jules-solesse\/wp-content\/uploads\/sites\/151\/2018\/05\/P1210099-e1525167131863-684x1024.jpg 684w, https:\/\/etab.ac-reunion.fr\/clg-jules-solesse\/wp-content\/uploads\/sites\/151\/2018\/05\/P1210099-e1525167131863-100x150.jpg 100w\" sizes=\"auto, (max-width: 134px) 100vw, 134px\" \/><\/span><\/p>\n<p>&nbsp;<\/p>\n<p><span style=\"font-size: 14pt\">Le 26 avril 2018, l&rsquo;artiste plasticien <strong><a href=\"https:\/\/laurentcorvaisier.wordpress.com\/\">Laurent Corvaisier<\/a> <\/strong>a pass\u00e9 la journ\u00e9e au coll\u00e8ge. Cette rencontre riche en cr\u00e9ations et en \u00e9changes a \u00e9t\u00e9\u00a0<\/span><\/p>\n<p><span style=\"font-size: 14pt\">possible gr\u00e2ce \u00e0 la R\u00e9sidence DAC-OI organis\u00e9e par\u00a0l&rsquo;Association<strong> <a href=\"http:\/\/yourtesenscene.com\/\">Yourtes en Sc\u00e8ne<\/a>.\u00a0 Merci \u00e0 Laurent Corvaisier pour sa g\u00e9n\u00e9rosit\u00e9 et son talent sans limite.<\/strong><\/span><\/p>\n<p><span style=\"font-size: 14pt\">Nous vous proposons de suivre le fil de cette journ\u00e9e d\u2019exception.<\/span><\/p>\n<hr \/>\n<p><span style=\"font-size: 12pt\">Professeurs encadrants : Anne Leclaire \/Nicolas Poudret \/Julien de Corni\u00e8re<\/span><\/p>\n<hr \/>\n<p><span style=\"font-family: 'arial black', sans-serif;font-size: 14pt\">Matin\u00e9e<\/span><\/p>\n<p><img loading=\"lazy\" decoding=\"async\" class=\"size-full wp-image-5287 alignleft\" src=\"https:\/\/etab.ac-reunion.fr\/clg-jules-solesse\/wp-content\/uploads\/sites\/151\/2018\/05\/Porte-1.jpg\" alt=\"\" width=\"200\" height=\"200\" srcset=\"https:\/\/etab.ac-reunion.fr\/clg-jules-solesse\/wp-content\/uploads\/sites\/151\/2018\/05\/Porte-1.jpg 200w, https:\/\/etab.ac-reunion.fr\/clg-jules-solesse\/wp-content\/uploads\/sites\/151\/2018\/05\/Porte-1-150x150.jpg 150w\" sizes=\"auto, (max-width: 200px) 100vw, 200px\" \/><\/p>\n<p>&nbsp;<\/p>\n<p><span style=\"font-size: 14pt\">Arriv\u00e9 vers 9h Laurent Corvaisier a accept\u00e9 de laisser une trace artistique au CDi (\u00e0 la plus grande joie de la documentaliste &#8211; c&rsquo;est \u00e0 dire moi)<\/span><\/p>\n<p><img loading=\"lazy\" decoding=\"async\" class=\"aligncenter size-full wp-image-5288\" src=\"https:\/\/etab.ac-reunion.fr\/clg-jules-solesse\/wp-content\/uploads\/sites\/151\/2018\/05\/montagecorvaisier1.jpg\" alt=\"\" width=\"965\" height=\"965\" srcset=\"https:\/\/etab.ac-reunion.fr\/clg-jules-solesse\/wp-content\/uploads\/sites\/151\/2018\/05\/montagecorvaisier1.jpg 965w, https:\/\/etab.ac-reunion.fr\/clg-jules-solesse\/wp-content\/uploads\/sites\/151\/2018\/05\/montagecorvaisier1-150x150.jpg 150w, https:\/\/etab.ac-reunion.fr\/clg-jules-solesse\/wp-content\/uploads\/sites\/151\/2018\/05\/montagecorvaisier1-300x300.jpg 300w, https:\/\/etab.ac-reunion.fr\/clg-jules-solesse\/wp-content\/uploads\/sites\/151\/2018\/05\/montagecorvaisier1-768x768.jpg 768w\" sizes=\"auto, (max-width: 965px) 100vw, 965px\" \/> <img loading=\"lazy\" decoding=\"async\" class=\"aligncenter wp-image-5289\" src=\"https:\/\/etab.ac-reunion.fr\/clg-jules-solesse\/wp-content\/uploads\/sites\/151\/2018\/05\/montagecorvaisiser2.jpg\" alt=\"\" width=\"980\" height=\"735\" srcset=\"https:\/\/etab.ac-reunion.fr\/clg-jules-solesse\/wp-content\/uploads\/sites\/151\/2018\/05\/montagecorvaisiser2.jpg 1221w, https:\/\/etab.ac-reunion.fr\/clg-jules-solesse\/wp-content\/uploads\/sites\/151\/2018\/05\/montagecorvaisiser2-300x225.jpg 300w, https:\/\/etab.ac-reunion.fr\/clg-jules-solesse\/wp-content\/uploads\/sites\/151\/2018\/05\/montagecorvaisiser2-768x576.jpg 768w, https:\/\/etab.ac-reunion.fr\/clg-jules-solesse\/wp-content\/uploads\/sites\/151\/2018\/05\/montagecorvaisiser2-1024x768.jpg 1024w, https:\/\/etab.ac-reunion.fr\/clg-jules-solesse\/wp-content\/uploads\/sites\/151\/2018\/05\/montagecorvaisiser2-150x113.jpg 150w\" sizes=\"auto, (max-width: 980px) 100vw, 980px\" \/><\/p>\n<hr \/>\n<p><img loading=\"lazy\" decoding=\"async\" class=\"size-full wp-image-5295 alignleft\" src=\"https:\/\/etab.ac-reunion.fr\/clg-jules-solesse\/wp-content\/uploads\/sites\/151\/2018\/05\/Rencontre2.jpg\" alt=\"\" width=\"200\" height=\"200\" srcset=\"https:\/\/etab.ac-reunion.fr\/clg-jules-solesse\/wp-content\/uploads\/sites\/151\/2018\/05\/Rencontre2.jpg 200w, https:\/\/etab.ac-reunion.fr\/clg-jules-solesse\/wp-content\/uploads\/sites\/151\/2018\/05\/Rencontre2-150x150.jpg 150w\" sizes=\"auto, (max-width: 200px) 100vw, 200px\" \/> <img loading=\"lazy\" decoding=\"async\" class=\"size-full wp-image-5296 alignleft\" src=\"https:\/\/etab.ac-reunion.fr\/clg-jules-solesse\/wp-content\/uploads\/sites\/151\/2018\/05\/Rencontre3.jpg\" alt=\"\" width=\"200\" height=\"200\" srcset=\"https:\/\/etab.ac-reunion.fr\/clg-jules-solesse\/wp-content\/uploads\/sites\/151\/2018\/05\/Rencontre3.jpg 200w, https:\/\/etab.ac-reunion.fr\/clg-jules-solesse\/wp-content\/uploads\/sites\/151\/2018\/05\/Rencontre3-150x150.jpg 150w\" sizes=\"auto, (max-width: 200px) 100vw, 200px\" \/><\/p>\n<p>&nbsp;<\/p>\n<p><span style=\"font-size: 18.6667px\">En M4 les \u00e9l\u00e8ves de la 406 sont venus nous rejoindre avec leurs professeurs Nicolas Poudret (Arts Plastiques) et Julien de Corni\u00e8re (Lettres).Les \u00e9l\u00e8ves avaient au pr\u00e9alable lu plusieurs livres illustr\u00e9s par Laurent Corvaisier avec leur professeur de fran\u00e7ais et \u00e9tudi\u00e9 son style pictural avec leur professeur d&rsquo;Arts plastiques. La rencontre fut riche et passionnante pour tous, adultes et adolescents.<\/span><\/p>\n<p>&nbsp;<\/p>\n<p>&nbsp;<\/p>\n<p><img loading=\"lazy\" decoding=\"async\" class=\"aligncenter size-full wp-image-5297\" src=\"https:\/\/etab.ac-reunion.fr\/clg-jules-solesse\/wp-content\/uploads\/sites\/151\/2018\/05\/montagecorvaisiser3.jpg\" alt=\"\" width=\"687\" height=\"916\" srcset=\"https:\/\/etab.ac-reunion.fr\/clg-jules-solesse\/wp-content\/uploads\/sites\/151\/2018\/05\/montagecorvaisiser3.jpg 687w, https:\/\/etab.ac-reunion.fr\/clg-jules-solesse\/wp-content\/uploads\/sites\/151\/2018\/05\/montagecorvaisiser3-225x300.jpg 225w, https:\/\/etab.ac-reunion.fr\/clg-jules-solesse\/wp-content\/uploads\/sites\/151\/2018\/05\/montagecorvaisiser3-113x150.jpg 113w\" sizes=\"auto, (max-width: 687px) 100vw, 687px\" \/><\/p>\n<p>&nbsp;<\/p>\n<p><img loading=\"lazy\" decoding=\"async\" class=\"aligncenter size-full wp-image-5325\" src=\"https:\/\/etab.ac-reunion.fr\/clg-jules-solesse\/wp-content\/uploads\/sites\/151\/2018\/05\/26-avril-Laurent-Corvaisier-Coll\u00e8ge-solesse-COLLAGE.jpg\" alt=\"\" width=\"694\" height=\"925\" srcset=\"https:\/\/etab.ac-reunion.fr\/clg-jules-solesse\/wp-content\/uploads\/sites\/151\/2018\/05\/26-avril-Laurent-Corvaisier-Coll\u00e8ge-solesse-COLLAGE.jpg 694w, https:\/\/etab.ac-reunion.fr\/clg-jules-solesse\/wp-content\/uploads\/sites\/151\/2018\/05\/26-avril-Laurent-Corvaisier-Coll\u00e8ge-solesse-COLLAGE-225x300.jpg 225w, https:\/\/etab.ac-reunion.fr\/clg-jules-solesse\/wp-content\/uploads\/sites\/151\/2018\/05\/26-avril-Laurent-Corvaisier-Coll\u00e8ge-solesse-COLLAGE-113x150.jpg 113w\" sizes=\"auto, (max-width: 694px) 100vw, 694px\" \/> <img loading=\"lazy\" decoding=\"async\" class=\"aligncenter size-full wp-image-5298\" src=\"https:\/\/etab.ac-reunion.fr\/clg-jules-solesse\/wp-content\/uploads\/sites\/151\/2018\/05\/montagecorvaisiser4.jpg\" alt=\"\" width=\"687\" height=\"916\" srcset=\"https:\/\/etab.ac-reunion.fr\/clg-jules-solesse\/wp-content\/uploads\/sites\/151\/2018\/05\/montagecorvaisiser4.jpg 687w, https:\/\/etab.ac-reunion.fr\/clg-jules-solesse\/wp-content\/uploads\/sites\/151\/2018\/05\/montagecorvaisiser4-225x300.jpg 225w, https:\/\/etab.ac-reunion.fr\/clg-jules-solesse\/wp-content\/uploads\/sites\/151\/2018\/05\/montagecorvaisiser4-113x150.jpg 113w\" sizes=\"auto, (max-width: 687px) 100vw, 687px\" \/><\/p>\n<hr \/>\n<p><span style=\"font-size: 14pt\">Laurent Corvaisier s&rsquo;est ensuite gentiment pr\u00eat\u00e9 au jeu de l&rsquo;interview par Simi et les \u00e9l\u00e8ves reporters de <a href=\"https:\/\/radiosoleil.re\/\">RADIO SOLEIL<\/a>, la radio du coll\u00e8ge.\u00a0<img loading=\"lazy\" decoding=\"async\" class=\"wp-image-2795 alignleft\" src=\"https:\/\/etab.ac-reunion.fr\/clg-jules-solesse\/wp-content\/uploads\/sites\/151\/2017\/06\/logo-soleil974signature.png\" alt=\"\" width=\"116\" height=\"108\" \/><\/span><\/p>\n<p><span style=\"font-family: impact, sans-serif;font-size: 16pt\"><a href=\"https:\/\/radiosoleil.re\/podcast-mag-ado-laurent-corvaisier\/\">L\u2019interview de Laurent Corvaisier en Podcast<\/a><\/span><\/p>\n<p>&nbsp;<\/p>\n<p><img loading=\"lazy\" decoding=\"async\" class=\"aligncenter size-full wp-image-5326\" src=\"https:\/\/etab.ac-reunion.fr\/clg-jules-solesse\/wp-content\/uploads\/sites\/151\/2018\/05\/26-avril-Laurent-Corvaisier-Coll\u00e8ge-Solesse-radio-COLLAGE.jpg\" alt=\"\" width=\"974\" height=\"974\" srcset=\"https:\/\/etab.ac-reunion.fr\/clg-jules-solesse\/wp-content\/uploads\/sites\/151\/2018\/05\/26-avril-Laurent-Corvaisier-Coll\u00e8ge-Solesse-radio-COLLAGE.jpg 974w, https:\/\/etab.ac-reunion.fr\/clg-jules-solesse\/wp-content\/uploads\/sites\/151\/2018\/05\/26-avril-Laurent-Corvaisier-Coll\u00e8ge-Solesse-radio-COLLAGE-150x150.jpg 150w, https:\/\/etab.ac-reunion.fr\/clg-jules-solesse\/wp-content\/uploads\/sites\/151\/2018\/05\/26-avril-Laurent-Corvaisier-Coll\u00e8ge-Solesse-radio-COLLAGE-300x300.jpg 300w, https:\/\/etab.ac-reunion.fr\/clg-jules-solesse\/wp-content\/uploads\/sites\/151\/2018\/05\/26-avril-Laurent-Corvaisier-Coll\u00e8ge-Solesse-radio-COLLAGE-768x768.jpg 768w\" sizes=\"auto, (max-width: 974px) 100vw, 974px\" \/><\/p>\n<p>&nbsp;<\/p>\n<p><span style=\"font-family: impact, sans-serif;font-size: 18pt\">Apr\u00e8s-midi<\/span><\/p>\n<p><span style=\"font-size: 14pt\">L\u2019apr\u00e8s-midi a \u00e9t\u00e9 consacr\u00e9 \u00e0 un atelier de cr\u00e9ation de totems.\u00a0<span style=\"font-family: Ubuntu\">Explication et d\u00e9monstration, puis cr\u00e9ation des \u00e9l\u00e8ves<\/span><\/span><\/p>\n<p><img loading=\"lazy\" decoding=\"async\" class=\"size-full wp-image-5306 alignleft\" src=\"https:\/\/etab.ac-reunion.fr\/clg-jules-solesse\/wp-content\/uploads\/sites\/151\/2018\/05\/Totem-8.jpg\" alt=\"\" width=\"200\" height=\"200\" srcset=\"https:\/\/etab.ac-reunion.fr\/clg-jules-solesse\/wp-content\/uploads\/sites\/151\/2018\/05\/Totem-8.jpg 200w, https:\/\/etab.ac-reunion.fr\/clg-jules-solesse\/wp-content\/uploads\/sites\/151\/2018\/05\/Totem-8-150x150.jpg 150w\" sizes=\"auto, (max-width: 200px) 100vw, 200px\" \/><img loading=\"lazy\" decoding=\"async\" class=\"size-full wp-image-5301 alignleft\" src=\"https:\/\/etab.ac-reunion.fr\/clg-jules-solesse\/wp-content\/uploads\/sites\/151\/2018\/05\/Totem-3.jpg\" alt=\"\" width=\"200\" height=\"200\" srcset=\"https:\/\/etab.ac-reunion.fr\/clg-jules-solesse\/wp-content\/uploads\/sites\/151\/2018\/05\/Totem-3.jpg 200w, https:\/\/etab.ac-reunion.fr\/clg-jules-solesse\/wp-content\/uploads\/sites\/151\/2018\/05\/Totem-3-150x150.jpg 150w\" sizes=\"auto, (max-width: 200px) 100vw, 200px\" \/><img loading=\"lazy\" decoding=\"async\" class=\"size-full wp-image-5307 alignleft\" src=\"https:\/\/etab.ac-reunion.fr\/clg-jules-solesse\/wp-content\/uploads\/sites\/151\/2018\/05\/Totem-9.jpg\" alt=\"\" width=\"200\" height=\"200\" srcset=\"https:\/\/etab.ac-reunion.fr\/clg-jules-solesse\/wp-content\/uploads\/sites\/151\/2018\/05\/Totem-9.jpg 200w, https:\/\/etab.ac-reunion.fr\/clg-jules-solesse\/wp-content\/uploads\/sites\/151\/2018\/05\/Totem-9-150x150.jpg 150w\" sizes=\"auto, (max-width: 200px) 100vw, 200px\" \/><\/p>\n<p><img loading=\"lazy\" decoding=\"async\" class=\"size-full wp-image-5305 alignleft\" src=\"https:\/\/etab.ac-reunion.fr\/clg-jules-solesse\/wp-content\/uploads\/sites\/151\/2018\/05\/Totem-7.jpg\" alt=\"\" width=\"200\" height=\"200\" srcset=\"https:\/\/etab.ac-reunion.fr\/clg-jules-solesse\/wp-content\/uploads\/sites\/151\/2018\/05\/Totem-7.jpg 200w, https:\/\/etab.ac-reunion.fr\/clg-jules-solesse\/wp-content\/uploads\/sites\/151\/2018\/05\/Totem-7-150x150.jpg 150w\" sizes=\"auto, (max-width: 200px) 100vw, 200px\" \/><\/p>\n<p>&nbsp;<\/p>\n<p>&nbsp;<\/p>\n<p>&nbsp;<\/p>\n<p>&nbsp;<\/p>\n<p>&nbsp;<\/p>\n<p>&nbsp;<\/p>\n<p><img loading=\"lazy\" decoding=\"async\" class=\"aligncenter size-full wp-image-5308\" src=\"https:\/\/etab.ac-reunion.fr\/clg-jules-solesse\/wp-content\/uploads\/sites\/151\/2018\/05\/montagecorvaisiser5.jpg\" alt=\"\" width=\"965\" height=\"965\" srcset=\"https:\/\/etab.ac-reunion.fr\/clg-jules-solesse\/wp-content\/uploads\/sites\/151\/2018\/05\/montagecorvaisiser5.jpg 965w, https:\/\/etab.ac-reunion.fr\/clg-jules-solesse\/wp-content\/uploads\/sites\/151\/2018\/05\/montagecorvaisiser5-150x150.jpg 150w, https:\/\/etab.ac-reunion.fr\/clg-jules-solesse\/wp-content\/uploads\/sites\/151\/2018\/05\/montagecorvaisiser5-300x300.jpg 300w, https:\/\/etab.ac-reunion.fr\/clg-jules-solesse\/wp-content\/uploads\/sites\/151\/2018\/05\/montagecorvaisiser5-768x768.jpg 768w\" sizes=\"auto, (max-width: 965px) 100vw, 965px\" \/> <img loading=\"lazy\" decoding=\"async\" class=\"aligncenter wp-image-5309\" src=\"https:\/\/etab.ac-reunion.fr\/clg-jules-solesse\/wp-content\/uploads\/sites\/151\/2018\/05\/montagecorvaisiser6.jpg\" alt=\"\" width=\"962\" height=\"722\" srcset=\"https:\/\/etab.ac-reunion.fr\/clg-jules-solesse\/wp-content\/uploads\/sites\/151\/2018\/05\/montagecorvaisiser6.jpg 1221w, https:\/\/etab.ac-reunion.fr\/clg-jules-solesse\/wp-content\/uploads\/sites\/151\/2018\/05\/montagecorvaisiser6-300x225.jpg 300w, https:\/\/etab.ac-reunion.fr\/clg-jules-solesse\/wp-content\/uploads\/sites\/151\/2018\/05\/montagecorvaisiser6-768x576.jpg 768w, https:\/\/etab.ac-reunion.fr\/clg-jules-solesse\/wp-content\/uploads\/sites\/151\/2018\/05\/montagecorvaisiser6-1024x768.jpg 1024w, https:\/\/etab.ac-reunion.fr\/clg-jules-solesse\/wp-content\/uploads\/sites\/151\/2018\/05\/montagecorvaisiser6-150x113.jpg 150w\" sizes=\"auto, (max-width: 962px) 100vw, 962px\" \/> <img loading=\"lazy\" decoding=\"async\" class=\"aligncenter wp-image-5310\" src=\"https:\/\/etab.ac-reunion.fr\/clg-jules-solesse\/wp-content\/uploads\/sites\/151\/2018\/05\/montagecorvaisiser7.jpg\" alt=\"\" width=\"963\" height=\"963\" srcset=\"https:\/\/etab.ac-reunion.fr\/clg-jules-solesse\/wp-content\/uploads\/sites\/151\/2018\/05\/montagecorvaisiser7.jpg 916w, https:\/\/etab.ac-reunion.fr\/clg-jules-solesse\/wp-content\/uploads\/sites\/151\/2018\/05\/montagecorvaisiser7-150x150.jpg 150w, https:\/\/etab.ac-reunion.fr\/clg-jules-solesse\/wp-content\/uploads\/sites\/151\/2018\/05\/montagecorvaisiser7-300x300.jpg 300w, https:\/\/etab.ac-reunion.fr\/clg-jules-solesse\/wp-content\/uploads\/sites\/151\/2018\/05\/montagecorvaisiser7-768x768.jpg 768w\" sizes=\"auto, (max-width: 963px) 100vw, 963px\" \/><\/p>\n<p><img loading=\"lazy\" decoding=\"async\" class=\"aligncenter size-full wp-image-5311\" src=\"https:\/\/etab.ac-reunion.fr\/clg-jules-solesse\/wp-content\/uploads\/sites\/151\/2018\/05\/monatgecorvaisier8.jpg\" alt=\"\" width=\"916\" height=\"916\" srcset=\"https:\/\/etab.ac-reunion.fr\/clg-jules-solesse\/wp-content\/uploads\/sites\/151\/2018\/05\/monatgecorvaisier8.jpg 916w, https:\/\/etab.ac-reunion.fr\/clg-jules-solesse\/wp-content\/uploads\/sites\/151\/2018\/05\/monatgecorvaisier8-150x150.jpg 150w, https:\/\/etab.ac-reunion.fr\/clg-jules-solesse\/wp-content\/uploads\/sites\/151\/2018\/05\/monatgecorvaisier8-300x300.jpg 300w, https:\/\/etab.ac-reunion.fr\/clg-jules-solesse\/wp-content\/uploads\/sites\/151\/2018\/05\/monatgecorvaisier8-768x768.jpg 768w\" sizes=\"auto, (max-width: 916px) 100vw, 916px\" \/><\/p>\n<p><span style=\"font-size: 14pt\">et pendant ce temps !<\/span><\/p>\n<p><img loading=\"lazy\" decoding=\"async\" class=\"aligncenter size-full wp-image-5312\" src=\"https:\/\/etab.ac-reunion.fr\/clg-jules-solesse\/wp-content\/uploads\/sites\/151\/2018\/05\/montagecorvaisier10.jpg\" alt=\"\" width=\"687\" height=\"916\" srcset=\"https:\/\/etab.ac-reunion.fr\/clg-jules-solesse\/wp-content\/uploads\/sites\/151\/2018\/05\/montagecorvaisier10.jpg 687w, https:\/\/etab.ac-reunion.fr\/clg-jules-solesse\/wp-content\/uploads\/sites\/151\/2018\/05\/montagecorvaisier10-225x300.jpg 225w, https:\/\/etab.ac-reunion.fr\/clg-jules-solesse\/wp-content\/uploads\/sites\/151\/2018\/05\/montagecorvaisier10-113x150.jpg 113w\" sizes=\"auto, (max-width: 687px) 100vw, 687px\" \/> <img loading=\"lazy\" decoding=\"async\" class=\"aligncenter size-full wp-image-5313\" src=\"https:\/\/etab.ac-reunion.fr\/clg-jules-solesse\/wp-content\/uploads\/sites\/151\/2018\/05\/montagecorvaisier12.jpg\" alt=\"\" width=\"916\" height=\"916\" srcset=\"https:\/\/etab.ac-reunion.fr\/clg-jules-solesse\/wp-content\/uploads\/sites\/151\/2018\/05\/montagecorvaisier12.jpg 916w, https:\/\/etab.ac-reunion.fr\/clg-jules-solesse\/wp-content\/uploads\/sites\/151\/2018\/05\/montagecorvaisier12-150x150.jpg 150w, https:\/\/etab.ac-reunion.fr\/clg-jules-solesse\/wp-content\/uploads\/sites\/151\/2018\/05\/montagecorvaisier12-300x300.jpg 300w, https:\/\/etab.ac-reunion.fr\/clg-jules-solesse\/wp-content\/uploads\/sites\/151\/2018\/05\/montagecorvaisier12-768x768.jpg 768w\" sizes=\"auto, (max-width: 916px) 100vw, 916px\" \/><\/p>\n<p><span style=\"font-family: impact, sans-serif;font-size: 14pt\">Fin d\u2019apr\u00e8s-midi<\/span><\/p>\n<p><span style=\"font-size: 14pt\"><img loading=\"lazy\" decoding=\"async\" class=\"size-full wp-image-5314 alignleft\" src=\"https:\/\/etab.ac-reunion.fr\/clg-jules-solesse\/wp-content\/uploads\/sites\/151\/2018\/05\/montagecorvaisier13.jpg\" alt=\"\" width=\"418\" height=\"418\" srcset=\"https:\/\/etab.ac-reunion.fr\/clg-jules-solesse\/wp-content\/uploads\/sites\/151\/2018\/05\/montagecorvaisier13.jpg 418w, https:\/\/etab.ac-reunion.fr\/clg-jules-solesse\/wp-content\/uploads\/sites\/151\/2018\/05\/montagecorvaisier13-150x150.jpg 150w, https:\/\/etab.ac-reunion.fr\/clg-jules-solesse\/wp-content\/uploads\/sites\/151\/2018\/05\/montagecorvaisier13-300x300.jpg 300w\" sizes=\"auto, (max-width: 418px) 100vw, 418px\" \/><\/span><\/p>\n<p>&nbsp;<\/p>\n<p>&nbsp;<\/p>\n<p>&nbsp;<\/p>\n<p>&nbsp;<\/p>\n<p>&nbsp;<\/p>\n<p><span style=\"font-size: 14pt\">Chacun admire les \u0153uvres des autres&#8230;\u00a0<\/span><\/p>\n<p>&nbsp;<\/p>\n<p>&nbsp;<\/p>\n<p>&nbsp;<\/p>\n<p>&nbsp;<\/p>\n<p>&nbsp;<\/p>\n<p><img loading=\"lazy\" decoding=\"async\" class=\"aligncenter size-full wp-image-5327\" src=\"https:\/\/etab.ac-reunion.fr\/clg-jules-solesse\/wp-content\/uploads\/sites\/151\/2018\/05\/26-avril-Laurent-Corvaisier-Coll\u00e8ge-Solesse-Totems-3-COLLAGE.jpg\" alt=\"\" width=\"925\" height=\"925\" srcset=\"https:\/\/etab.ac-reunion.fr\/clg-jules-solesse\/wp-content\/uploads\/sites\/151\/2018\/05\/26-avril-Laurent-Corvaisier-Coll\u00e8ge-Solesse-Totems-3-COLLAGE.jpg 925w, https:\/\/etab.ac-reunion.fr\/clg-jules-solesse\/wp-content\/uploads\/sites\/151\/2018\/05\/26-avril-Laurent-Corvaisier-Coll\u00e8ge-Solesse-Totems-3-COLLAGE-150x150.jpg 150w, https:\/\/etab.ac-reunion.fr\/clg-jules-solesse\/wp-content\/uploads\/sites\/151\/2018\/05\/26-avril-Laurent-Corvaisier-Coll\u00e8ge-Solesse-Totems-3-COLLAGE-300x300.jpg 300w, https:\/\/etab.ac-reunion.fr\/clg-jules-solesse\/wp-content\/uploads\/sites\/151\/2018\/05\/26-avril-Laurent-Corvaisier-Coll\u00e8ge-Solesse-Totems-3-COLLAGE-768x768.jpg 768w\" sizes=\"auto, (max-width: 925px) 100vw, 925px\" \/><img loading=\"lazy\" decoding=\"async\" class=\"aligncenter size-full wp-image-5315\" src=\"https:\/\/etab.ac-reunion.fr\/clg-jules-solesse\/wp-content\/uploads\/sites\/151\/2018\/05\/montagecorvaisier14.jpg\" alt=\"\" width=\"916\" height=\"916\" srcset=\"https:\/\/etab.ac-reunion.fr\/clg-jules-solesse\/wp-content\/uploads\/sites\/151\/2018\/05\/montagecorvaisier14.jpg 916w, https:\/\/etab.ac-reunion.fr\/clg-jules-solesse\/wp-content\/uploads\/sites\/151\/2018\/05\/montagecorvaisier14-150x150.jpg 150w, https:\/\/etab.ac-reunion.fr\/clg-jules-solesse\/wp-content\/uploads\/sites\/151\/2018\/05\/montagecorvaisier14-300x300.jpg 300w, https:\/\/etab.ac-reunion.fr\/clg-jules-solesse\/wp-content\/uploads\/sites\/151\/2018\/05\/montagecorvaisier14-768x768.jpg 768w\" sizes=\"auto, (max-width: 916px) 100vw, 916px\" \/><\/p>\n<p><img loading=\"lazy\" decoding=\"async\" class=\"aligncenter size-full wp-image-5317\" src=\"https:\/\/etab.ac-reunion.fr\/clg-jules-solesse\/wp-content\/uploads\/sites\/151\/2018\/05\/montagecorvaisiser16.jpg\" alt=\"\" width=\"687\" height=\"916\" srcset=\"https:\/\/etab.ac-reunion.fr\/clg-jules-solesse\/wp-content\/uploads\/sites\/151\/2018\/05\/montagecorvaisiser16.jpg 687w, https:\/\/etab.ac-reunion.fr\/clg-jules-solesse\/wp-content\/uploads\/sites\/151\/2018\/05\/montagecorvaisiser16-225x300.jpg 225w, https:\/\/etab.ac-reunion.fr\/clg-jules-solesse\/wp-content\/uploads\/sites\/151\/2018\/05\/montagecorvaisiser16-113x150.jpg 113w\" sizes=\"auto, (max-width: 687px) 100vw, 687px\" \/><\/p>\n<p>&nbsp;<\/p>\n<p><img loading=\"lazy\" decoding=\"async\" class=\"aligncenter wp-image-5328\" src=\"https:\/\/etab.ac-reunion.fr\/clg-jules-solesse\/wp-content\/uploads\/sites\/151\/2018\/05\/26-avril-Laurent-Corvaisier-Coll\u00e8ge-Solesse-fresque-23.jpg\" alt=\"\" width=\"1127\" height=\"762\" srcset=\"https:\/\/etab.ac-reunion.fr\/clg-jules-solesse\/wp-content\/uploads\/sites\/151\/2018\/05\/26-avril-Laurent-Corvaisier-Coll\u00e8ge-Solesse-fresque-23.jpg 5587w, https:\/\/etab.ac-reunion.fr\/clg-jules-solesse\/wp-content\/uploads\/sites\/151\/2018\/05\/26-avril-Laurent-Corvaisier-Coll\u00e8ge-Solesse-fresque-23-300x203.jpg 300w, https:\/\/etab.ac-reunion.fr\/clg-jules-solesse\/wp-content\/uploads\/sites\/151\/2018\/05\/26-avril-Laurent-Corvaisier-Coll\u00e8ge-Solesse-fresque-23-768x519.jpg 768w, https:\/\/etab.ac-reunion.fr\/clg-jules-solesse\/wp-content\/uploads\/sites\/151\/2018\/05\/26-avril-Laurent-Corvaisier-Coll\u00e8ge-Solesse-fresque-23-1024x692.jpg 1024w, https:\/\/etab.ac-reunion.fr\/clg-jules-solesse\/wp-content\/uploads\/sites\/151\/2018\/05\/26-avril-Laurent-Corvaisier-Coll\u00e8ge-Solesse-fresque-23-150x101.jpg 150w\" sizes=\"auto, (max-width: 1127px) 100vw, 1127px\" \/><\/p>\n<p>&nbsp;<\/p>\n<p><span style=\"font-size: 14pt\">&#8230; et le patio des arts a pris une nouvelle dimension !\u00a0<\/span><\/p>\n<p><img loading=\"lazy\" decoding=\"async\" class=\"aligncenter size-full wp-image-5316\" src=\"https:\/\/etab.ac-reunion.fr\/clg-jules-solesse\/wp-content\/uploads\/sites\/151\/2018\/05\/montagecorvaisier15.jpg\" alt=\"\" width=\"688\" height=\"916\" srcset=\"https:\/\/etab.ac-reunion.fr\/clg-jules-solesse\/wp-content\/uploads\/sites\/151\/2018\/05\/montagecorvaisier15.jpg 688w, https:\/\/etab.ac-reunion.fr\/clg-jules-solesse\/wp-content\/uploads\/sites\/151\/2018\/05\/montagecorvaisier15-225x300.jpg 225w, https:\/\/etab.ac-reunion.fr\/clg-jules-solesse\/wp-content\/uploads\/sites\/151\/2018\/05\/montagecorvaisier15-113x150.jpg 113w\" sizes=\"auto, (max-width: 688px) 100vw, 688px\" \/><\/p>\n<p>&nbsp;<\/p>\n<hr \/>\n<p><span style=\"font-family: helvetica, arial, sans-serif\">Compte rendu Anne Leclaire. Photos Anne Leclaire \/ Muriel Enrico<\/span><\/p>\n<p>&nbsp;<\/p>\n<p>&nbsp;<\/p>\n","protected":false},"excerpt":{"rendered":"<p>&nbsp; Le 26 avril 2018, l&rsquo;artiste plasticien Laurent Corvaisier a pass\u00e9 la journ\u00e9e au coll\u00e8ge. Cette rencontre riche en cr\u00e9ations et en \u00e9changes a \u00e9t\u00e9\u00a0 possible gr\u00e2ce \u00e0 la R\u00e9sidence DAC-OI organis\u00e9e par\u00a0l&rsquo;Association Yourtes en Sc\u00e8ne.\u00a0 Merci \u00e0 Laurent Corvaisier pour sa g\u00e9n\u00e9rosit\u00e9 et son talent sans limite. Nous vous\u2026<\/p>\n<p class=\"continue-reading-button\"> <a class=\"continue-reading-link\" href=\"https:\/\/etab.ac-reunion.fr\/clg-jules-solesse\/laurent-corvaisier-le-fil-de-la-journee-au-college\/\">Continue reading<i class=\"crycon-right-dir\"><\/i><\/a><\/p>\n","protected":false},"author":13197,"featured_media":5328,"comment_status":"open","ping_status":"open","sticky":false,"template":"","format":"standard","meta":{"footnotes":""},"categories":[47,43,52],"tags":[],"class_list":["post-5283","post","type-post","status-publish","format-standard","has-post-thumbnail","hentry","category-lactualite-des-arts-plastiques","category-cdi","category-rencontre-auteurs"],"_links":{"self":[{"href":"https:\/\/etab.ac-reunion.fr\/clg-jules-solesse\/wp-json\/wp\/v2\/posts\/5283","targetHints":{"allow":["GET"]}}],"collection":[{"href":"https:\/\/etab.ac-reunion.fr\/clg-jules-solesse\/wp-json\/wp\/v2\/posts"}],"about":[{"href":"https:\/\/etab.ac-reunion.fr\/clg-jules-solesse\/wp-json\/wp\/v2\/types\/post"}],"author":[{"embeddable":true,"href":"https:\/\/etab.ac-reunion.fr\/clg-jules-solesse\/wp-json\/wp\/v2\/users\/13197"}],"replies":[{"embeddable":true,"href":"https:\/\/etab.ac-reunion.fr\/clg-jules-solesse\/wp-json\/wp\/v2\/comments?post=5283"}],"version-history":[{"count":11,"href":"https:\/\/etab.ac-reunion.fr\/clg-jules-solesse\/wp-json\/wp\/v2\/posts\/5283\/revisions"}],"predecessor-version":[{"id":5982,"href":"https:\/\/etab.ac-reunion.fr\/clg-jules-solesse\/wp-json\/wp\/v2\/posts\/5283\/revisions\/5982"}],"wp:featuredmedia":[{"embeddable":true,"href":"https:\/\/etab.ac-reunion.fr\/clg-jules-solesse\/wp-json\/wp\/v2\/media\/5328"}],"wp:attachment":[{"href":"https:\/\/etab.ac-reunion.fr\/clg-jules-solesse\/wp-json\/wp\/v2\/media?parent=5283"}],"wp:term":[{"taxonomy":"category","embeddable":true,"href":"https:\/\/etab.ac-reunion.fr\/clg-jules-solesse\/wp-json\/wp\/v2\/categories?post=5283"},{"taxonomy":"post_tag","embeddable":true,"href":"https:\/\/etab.ac-reunion.fr\/clg-jules-solesse\/wp-json\/wp\/v2\/tags?post=5283"}],"curies":[{"name":"wp","href":"https:\/\/api.w.org\/{rel}","templated":true}]}}