{"id":6848,"date":"2018-12-04T16:23:43","date_gmt":"2018-12-04T12:23:43","guid":{"rendered":"http:\/\/college-jules-solesse.ac-reunion.fr\/?p=6848"},"modified":"2021-04-09T09:22:38","modified_gmt":"2021-04-09T05:22:38","slug":"leco-randonnee-des-508-a-bassin-vital","status":"publish","type":"post","link":"https:\/\/etab.ac-reunion.fr\/clg-jules-solesse\/leco-randonnee-des-508-a-bassin-vital\/","title":{"rendered":"L&rsquo;\u00e9co-randonn\u00e9e des 508 \u00e0 bassin Vital"},"content":{"rendered":"<p class=\"western\"><span style=\"font-family: Batang, serif\"><span style=\"font-family: verdana, geneva, sans-serif;font-size: 20pt;color: #339966\"><strong>La classe de 508 raconte l\u2019Eco-randonn\u00e9e \u00e0 Bassin Vital.<\/strong><\/span><img loading=\"lazy\" decoding=\"async\" class=\"aligncenter size-full wp-image-6847\" src=\"https:\/\/etab.ac-reunion.fr\/clg-jules-solesse\/wp-content\/uploads\/sites\/151\/2018\/12\/Sortie-BV-5\u00e8mes2018.jpg\" alt=\"\" width=\"800\" height=\"566\" srcset=\"https:\/\/etab.ac-reunion.fr\/clg-jules-solesse\/wp-content\/uploads\/sites\/151\/2018\/12\/Sortie-BV-5\u00e8mes2018.jpg 800w, https:\/\/etab.ac-reunion.fr\/clg-jules-solesse\/wp-content\/uploads\/sites\/151\/2018\/12\/Sortie-BV-5\u00e8mes2018-300x212.jpg 300w, https:\/\/etab.ac-reunion.fr\/clg-jules-solesse\/wp-content\/uploads\/sites\/151\/2018\/12\/Sortie-BV-5\u00e8mes2018-768x543.jpg 768w, https:\/\/etab.ac-reunion.fr\/clg-jules-solesse\/wp-content\/uploads\/sites\/151\/2018\/12\/Sortie-BV-5\u00e8mes2018-150x106.jpg 150w\" sizes=\"auto, (max-width: 800px) 100vw, 800px\" \/><img loading=\"lazy\" decoding=\"async\" class=\"aligncenter size-full wp-image-6841\" src=\"https:\/\/etab.ac-reunion.fr\/clg-jules-solesse\/wp-content\/uploads\/sites\/151\/2018\/12\/sortie-bassin-vital2.jpg\" alt=\"\" width=\"800\" height=\"400\" srcset=\"https:\/\/etab.ac-reunion.fr\/clg-jules-solesse\/wp-content\/uploads\/sites\/151\/2018\/12\/sortie-bassin-vital2.jpg 800w, https:\/\/etab.ac-reunion.fr\/clg-jules-solesse\/wp-content\/uploads\/sites\/151\/2018\/12\/sortie-bassin-vital2-300x150.jpg 300w, https:\/\/etab.ac-reunion.fr\/clg-jules-solesse\/wp-content\/uploads\/sites\/151\/2018\/12\/sortie-bassin-vital2-768x384.jpg 768w, https:\/\/etab.ac-reunion.fr\/clg-jules-solesse\/wp-content\/uploads\/sites\/151\/2018\/12\/sortie-bassin-vital2-150x75.jpg 150w\" sizes=\"auto, (max-width: 800px) 100vw, 800px\" \/><\/span><\/p>\n<p class=\"western\"><span style=\"font-family: Batang, serif;font-size: 14pt\"><span style=\"font-family: verdana, geneva, sans-serif\"> Mercredi 14 novembre 2018, nous sommes partis \u00e0 Bassin Vital avec toute la classe de Madame Adam, Madame L\u00e9geron et Julie. Il faisait beau. Nous avons march\u00e9 depuis le coll\u00e8ge Jules Solesse jusqu\u2019\u00e0 l\u2019\u00e9cole maternelle Hubert Delisle. en ramassant les d\u00e9chets sur le bord de la route avec deux sacs poubelles et des gants.<\/span> <\/span><\/p>\n<p><img loading=\"lazy\" decoding=\"async\" class=\"aligncenter size-full wp-image-6840\" src=\"https:\/\/etab.ac-reunion.fr\/clg-jules-solesse\/wp-content\/uploads\/sites\/151\/2018\/12\/sortie-bassin-vital.jpg\" alt=\"\" width=\"800\" height=\"400\" srcset=\"https:\/\/etab.ac-reunion.fr\/clg-jules-solesse\/wp-content\/uploads\/sites\/151\/2018\/12\/sortie-bassin-vital.jpg 800w, https:\/\/etab.ac-reunion.fr\/clg-jules-solesse\/wp-content\/uploads\/sites\/151\/2018\/12\/sortie-bassin-vital-300x150.jpg 300w, https:\/\/etab.ac-reunion.fr\/clg-jules-solesse\/wp-content\/uploads\/sites\/151\/2018\/12\/sortie-bassin-vital-768x384.jpg 768w, https:\/\/etab.ac-reunion.fr\/clg-jules-solesse\/wp-content\/uploads\/sites\/151\/2018\/12\/sortie-bassin-vital-150x75.jpg 150w\" sizes=\"auto, (max-width: 800px) 100vw, 800px\" \/><\/p>\n<p class=\"western\"><span style=\"font-family: verdana, geneva, sans-serif;font-size: 14pt\">Nous sommes ensuite descendus par le chemin Vital.<\/span><\/p>\n<p><img loading=\"lazy\" decoding=\"async\" class=\"aligncenter size-full wp-image-6849\" src=\"https:\/\/etab.ac-reunion.fr\/clg-jules-solesse\/wp-content\/uploads\/sites\/151\/2018\/12\/sortie-bassin-vital8-001.jpg\" alt=\"\" width=\"800\" height=\"566\" srcset=\"https:\/\/etab.ac-reunion.fr\/clg-jules-solesse\/wp-content\/uploads\/sites\/151\/2018\/12\/sortie-bassin-vital8-001.jpg 800w, https:\/\/etab.ac-reunion.fr\/clg-jules-solesse\/wp-content\/uploads\/sites\/151\/2018\/12\/sortie-bassin-vital8-001-300x212.jpg 300w, https:\/\/etab.ac-reunion.fr\/clg-jules-solesse\/wp-content\/uploads\/sites\/151\/2018\/12\/sortie-bassin-vital8-001-768x543.jpg 768w, https:\/\/etab.ac-reunion.fr\/clg-jules-solesse\/wp-content\/uploads\/sites\/151\/2018\/12\/sortie-bassin-vital8-001-150x106.jpg 150w\" sizes=\"auto, (max-width: 800px) 100vw, 800px\" \/><\/p>\n<p class=\"western\"><span style=\"font-family: verdana, geneva, sans-serif;font-size: 14pt\">Enzo, Roanito, Melvin et Arone ont dans\u00e9 le twerk sur le chemin.<\/span><\/p>\n<p class=\"western\"><span style=\"font-family: verdana, geneva, sans-serif;font-size: 14pt\">Nous avons d\u00e9couvert une belle vue panoramique sur la baie de Saint Paul, Saint Paul, Le Port. Ensuite, nous avons d\u00e9couvert le bassin rempli de v\u00e9g\u00e9tation verte\u00a0; il a fallu enjamber de gros galets.<\/span><\/p>\n<p><span style=\"font-size: 14pt;font-family: verdana, geneva, sans-serif\"><img loading=\"lazy\" decoding=\"async\" class=\"aligncenter size-full wp-image-6845\" src=\"https:\/\/etab.ac-reunion.fr\/clg-jules-solesse\/wp-content\/uploads\/sites\/151\/2018\/12\/sortie-bassin-vital6.jpg\" alt=\"\" width=\"800\" height=\"500\" srcset=\"https:\/\/etab.ac-reunion.fr\/clg-jules-solesse\/wp-content\/uploads\/sites\/151\/2018\/12\/sortie-bassin-vital6.jpg 800w, https:\/\/etab.ac-reunion.fr\/clg-jules-solesse\/wp-content\/uploads\/sites\/151\/2018\/12\/sortie-bassin-vital6-300x188.jpg 300w, https:\/\/etab.ac-reunion.fr\/clg-jules-solesse\/wp-content\/uploads\/sites\/151\/2018\/12\/sortie-bassin-vital6-768x480.jpg 768w, https:\/\/etab.ac-reunion.fr\/clg-jules-solesse\/wp-content\/uploads\/sites\/151\/2018\/12\/sortie-bassin-vital6-150x94.jpg 150w\" sizes=\"auto, (max-width: 800px) 100vw, 800px\" \/><\/span><\/p>\n<p>&nbsp;<\/p>\n<p>&nbsp;<\/p>\n<p class=\"western\"><span style=\"font-family: verdana, geneva, sans-serif;font-size: 14pt\">On pouvait dire \u00ab\u00a0Bonjour et bon courage\u00a0\u00bb aux marcheurs sur le sentier.<\/span><\/p>\n<p><span style=\"font-size: 14pt;font-family: verdana, geneva, sans-serif\"><img loading=\"lazy\" decoding=\"async\" class=\"aligncenter size-full wp-image-6842\" src=\"https:\/\/etab.ac-reunion.fr\/clg-jules-solesse\/wp-content\/uploads\/sites\/151\/2018\/12\/sortie-bassin-vital3.jpg\" alt=\"\" width=\"800\" height=\"400\" srcset=\"https:\/\/etab.ac-reunion.fr\/clg-jules-solesse\/wp-content\/uploads\/sites\/151\/2018\/12\/sortie-bassin-vital3.jpg 800w, https:\/\/etab.ac-reunion.fr\/clg-jules-solesse\/wp-content\/uploads\/sites\/151\/2018\/12\/sortie-bassin-vital3-300x150.jpg 300w, https:\/\/etab.ac-reunion.fr\/clg-jules-solesse\/wp-content\/uploads\/sites\/151\/2018\/12\/sortie-bassin-vital3-768x384.jpg 768w, https:\/\/etab.ac-reunion.fr\/clg-jules-solesse\/wp-content\/uploads\/sites\/151\/2018\/12\/sortie-bassin-vital3-150x75.jpg 150w\" sizes=\"auto, (max-width: 800px) 100vw, 800px\" \/><\/span><\/p>\n<p class=\"western\"><span style=\"font-family: verdana, geneva, sans-serif;font-size: 14pt\">Arone a imit\u00e9 le chant de l\u2019oiseau.<\/span><\/p>\n<p class=\"western\"><span style=\"font-family: verdana, geneva, sans-serif;font-size: 14pt\">Le sentier est quelquefois difficile car les marches sont hautes, nous avons bien transpir\u00e9\u00a0!<\/span><\/p>\n<p><img loading=\"lazy\" decoding=\"async\" class=\"aligncenter size-full wp-image-6844\" src=\"https:\/\/etab.ac-reunion.fr\/clg-jules-solesse\/wp-content\/uploads\/sites\/151\/2018\/12\/sortie-bassin-vital5.jpg\" alt=\"\" width=\"800\" height=\"500\" srcset=\"https:\/\/etab.ac-reunion.fr\/clg-jules-solesse\/wp-content\/uploads\/sites\/151\/2018\/12\/sortie-bassin-vital5.jpg 800w, https:\/\/etab.ac-reunion.fr\/clg-jules-solesse\/wp-content\/uploads\/sites\/151\/2018\/12\/sortie-bassin-vital5-300x188.jpg 300w, https:\/\/etab.ac-reunion.fr\/clg-jules-solesse\/wp-content\/uploads\/sites\/151\/2018\/12\/sortie-bassin-vital5-768x480.jpg 768w, https:\/\/etab.ac-reunion.fr\/clg-jules-solesse\/wp-content\/uploads\/sites\/151\/2018\/12\/sortie-bassin-vital5-150x94.jpg 150w\" sizes=\"auto, (max-width: 800px) 100vw, 800px\" \/><\/p>\n<p class=\"western\"><span style=\"font-family: verdana, geneva, sans-serif;font-size: 14pt\">Deux \u00e9l\u00e8ves ont ensuite tri\u00e9 les d\u00e9chets pour mettre dans la poubelle jaune et verte\u00a0: les bouteilles en plastique, les papiers et cartons.<img loading=\"lazy\" decoding=\"async\" class=\"aligncenter size-full wp-image-6843\" src=\"https:\/\/etab.ac-reunion.fr\/clg-jules-solesse\/wp-content\/uploads\/sites\/151\/2018\/12\/sortie-bassin-vital4.jpg\" alt=\"\" width=\"800\" height=\"534\" srcset=\"https:\/\/etab.ac-reunion.fr\/clg-jules-solesse\/wp-content\/uploads\/sites\/151\/2018\/12\/sortie-bassin-vital4.jpg 800w, https:\/\/etab.ac-reunion.fr\/clg-jules-solesse\/wp-content\/uploads\/sites\/151\/2018\/12\/sortie-bassin-vital4-300x200.jpg 300w, https:\/\/etab.ac-reunion.fr\/clg-jules-solesse\/wp-content\/uploads\/sites\/151\/2018\/12\/sortie-bassin-vital4-768x513.jpg 768w, https:\/\/etab.ac-reunion.fr\/clg-jules-solesse\/wp-content\/uploads\/sites\/151\/2018\/12\/sortie-bassin-vital4-150x100.jpg 150w\" sizes=\"auto, (max-width: 800px) 100vw, 800px\" \/><\/span><\/p>\n<p class=\"western\"><span style=\"font-family: verdana, geneva, sans-serif;font-size: 14pt\">Les bouteilles en verre ont \u00e9t\u00e9 d\u00e9pos\u00e9es dans une borne.<\/span><\/p>\n<p class=\"western\"><span style=\"font-family: verdana, geneva, sans-serif;font-size: 14pt\"> Il s\u2019est mis \u00e0 pleuvoir juste au moment o\u00f9 nous sommes rentr\u00e9s au coll\u00e8ge,.<\/span><\/p>\n<p class=\"western\"><span style=\"font-family: verdana, geneva, sans-serif;font-size: 14pt\">Tout le monde \u00e9tait content de la sortie.<\/span><\/p>\n<p>&nbsp;<\/p>\n","protected":false},"excerpt":{"rendered":"<p>La classe de 508 raconte l\u2019Eco-randonn\u00e9e \u00e0 Bassin Vital. Mercredi 14 novembre 2018, nous sommes partis \u00e0 Bassin Vital avec toute la classe de Madame Adam, Madame L\u00e9geron et Julie. Il faisait beau. Nous avons march\u00e9 depuis le coll\u00e8ge Jules Solesse jusqu\u2019\u00e0 l\u2019\u00e9cole maternelle Hubert Delisle. en ramassant les d\u00e9chets\u2026<\/p>\n<p class=\"continue-reading-button\"> <a class=\"continue-reading-link\" href=\"https:\/\/etab.ac-reunion.fr\/clg-jules-solesse\/leco-randonnee-des-508-a-bassin-vital\/\">Continue reading<i class=\"crycon-right-dir\"><\/i><\/a><\/p>\n","protected":false},"author":13197,"featured_media":11503,"comment_status":"open","ping_status":"open","sticky":false,"template":"","format":"standard","meta":{"footnotes":""},"categories":[80,34,18],"tags":[],"class_list":["post-6848","post","type-post","status-publish","format-standard","has-post-thumbnail","hentry","category-edd-2017-2018","category-environnement-et-developpement-durable","category-segpa-sorties-et-activites"],"_links":{"self":[{"href":"https:\/\/etab.ac-reunion.fr\/clg-jules-solesse\/wp-json\/wp\/v2\/posts\/6848","targetHints":{"allow":["GET"]}}],"collection":[{"href":"https:\/\/etab.ac-reunion.fr\/clg-jules-solesse\/wp-json\/wp\/v2\/posts"}],"about":[{"href":"https:\/\/etab.ac-reunion.fr\/clg-jules-solesse\/wp-json\/wp\/v2\/types\/post"}],"author":[{"embeddable":true,"href":"https:\/\/etab.ac-reunion.fr\/clg-jules-solesse\/wp-json\/wp\/v2\/users\/13197"}],"replies":[{"embeddable":true,"href":"https:\/\/etab.ac-reunion.fr\/clg-jules-solesse\/wp-json\/wp\/v2\/comments?post=6848"}],"version-history":[{"count":1,"href":"https:\/\/etab.ac-reunion.fr\/clg-jules-solesse\/wp-json\/wp\/v2\/posts\/6848\/revisions"}],"predecessor-version":[{"id":6850,"href":"https:\/\/etab.ac-reunion.fr\/clg-jules-solesse\/wp-json\/wp\/v2\/posts\/6848\/revisions\/6850"}],"wp:featuredmedia":[{"embeddable":true,"href":"https:\/\/etab.ac-reunion.fr\/clg-jules-solesse\/wp-json\/wp\/v2\/media\/11503"}],"wp:attachment":[{"href":"https:\/\/etab.ac-reunion.fr\/clg-jules-solesse\/wp-json\/wp\/v2\/media?parent=6848"}],"wp:term":[{"taxonomy":"category","embeddable":true,"href":"https:\/\/etab.ac-reunion.fr\/clg-jules-solesse\/wp-json\/wp\/v2\/categories?post=6848"},{"taxonomy":"post_tag","embeddable":true,"href":"https:\/\/etab.ac-reunion.fr\/clg-jules-solesse\/wp-json\/wp\/v2\/tags?post=6848"}],"curies":[{"name":"wp","href":"https:\/\/api.w.org\/{rel}","templated":true}]}}