{"id":7575,"date":"2019-04-05T13:55:07","date_gmt":"2019-04-05T09:55:07","guid":{"rendered":"http:\/\/college-jules-solesse.ac-reunion.fr\/?p=7575"},"modified":"2026-04-24T08:14:24","modified_gmt":"2026-04-24T04:14:24","slug":"ann-lise-heurtier-a-la-rencontre-des-307","status":"publish","type":"post","link":"https:\/\/etab.ac-reunion.fr\/clg-jules-solesse\/ann-lise-heurtier-a-la-rencontre-des-307\/","title":{"rendered":"Anne-Lise Heurtier \u00e0 la rencontre des 307"},"content":{"rendered":"<p><span style=\"font-family: verdana, geneva, sans-serif;font-size: 18pt\">Dans le cadre de la manifestation \u00ab\u00a0Un auteur, des lecteurs\u00a0\u00bb organis\u00e9 par l&rsquo;Association \u00cele \u00e0 la Page, les \u00e9l\u00e8ves de la classe 307 ont rencontr\u00e9 l&rsquo;auteure <strong>Anne-Lise HEURTIER<\/strong>, pour 2h \u00e9changes riches et enrichissants.<\/span><\/p>\n<p>Professeurs encadrants : Karine VOTE, Anne LECLAIRE<\/p>\n<p>Photos : Muriel ENRICO (Merci \u00e0 elle)\u00a0 Anne LECLAIRE<\/p>\n<hr \/>\n<p><img loading=\"lazy\" decoding=\"async\" class=\"wp-image-7267 alignleft\" src=\"https:\/\/etab.ac-reunion.fr\/clg-jules-solesse\/wp-content\/uploads\/sites\/151\/2019\/02\/couv-al-heurtier.jpg\" alt=\"\" width=\"369\" height=\"534\" \/><\/p>\n<p><img loading=\"lazy\" decoding=\"async\" class=\"wp-image-7576 alignnone\" src=\"https:\/\/etab.ac-reunion.fr\/clg-jules-solesse\/wp-content\/uploads\/sites\/151\/2019\/04\/Un-auteur-des-lecteurs-2019-Heurtier-32.jpg\" alt=\"\" width=\"801\" height=\"535\" srcset=\"https:\/\/etab.ac-reunion.fr\/clg-jules-solesse\/wp-content\/uploads\/sites\/151\/2019\/04\/Un-auteur-des-lecteurs-2019-Heurtier-32.jpg 6016w, https:\/\/etab.ac-reunion.fr\/clg-jules-solesse\/wp-content\/uploads\/sites\/151\/2019\/04\/Un-auteur-des-lecteurs-2019-Heurtier-32-300x200.jpg 300w, https:\/\/etab.ac-reunion.fr\/clg-jules-solesse\/wp-content\/uploads\/sites\/151\/2019\/04\/Un-auteur-des-lecteurs-2019-Heurtier-32-768x513.jpg 768w, https:\/\/etab.ac-reunion.fr\/clg-jules-solesse\/wp-content\/uploads\/sites\/151\/2019\/04\/Un-auteur-des-lecteurs-2019-Heurtier-32-1024x684.jpg 1024w, https:\/\/etab.ac-reunion.fr\/clg-jules-solesse\/wp-content\/uploads\/sites\/151\/2019\/04\/Un-auteur-des-lecteurs-2019-Heurtier-32-150x100.jpg 150w\" sizes=\"auto, (max-width: 801px) 100vw, 801px\" \/><\/p>\n<p align=\"justify\"><span style=\"font-family: DejaVu Sans, sans-serif\">Annelise Heurtier a \u00e9t\u00e9 tr\u00e8s gentille avec nous. Elle avait l\u2019air enthousiaste de nous parler. On a discut\u00e9 de ses livres et on a fait des photos avec elle. J\u2019ai eu un autographe. J\u2019ai ador\u00e9 cette journ\u00e9e avec elle. <\/span><span style=\"font-family: DejaVu Sans, sans-serif\">Arthur<\/span><\/p>\n<p align=\"justify\"><span style=\"font-family: DejaVu Sans, sans-serif\">Cette rencontre m\u2019a apport\u00e9 une grande r\u00e9flexion : il faut toujours suivre ce que l\u2019on veut, suivre nos r\u00eaves. Annelise Heurtier a \u00e9t\u00e9 tr\u00e8s gentille et sympathique. On se sentait en confiance avec elle car elle nous a racont\u00e9 ce qu\u2019elle a fait, v\u00e9cu pour en arriver l\u00e0. <\/span><span style=\"font-family: DejaVu Sans, sans-serif\">Orlane<\/span><\/p>\n<p align=\"justify\"><span style=\"font-family: DejaVu Sans, sans-serif\">J\u2019ai trouv\u00e9 int\u00e9ressant quand elle a expliqu\u00e9 comment elle trouve ses id\u00e9es. <\/span><span style=\"font-family: DejaVu Sans, sans-serif\">William<\/span><\/p>\n<p align=\"justify\"><span style=\"font-family: DejaVu Sans, sans-serif\">J\u2019ai appris plein de choses gr\u00e2ce \u00e0 elle quand elle a r\u00e9pondu aux questions. <\/span><span style=\"font-family: DejaVu Sans, sans-serif\">Slaidy<\/span><\/p>\n\n\n<figure class=\"wp-block-image\"><img loading=\"lazy\" decoding=\"async\" width=\"800\" height=\"667\" src=\"https:\/\/etab.ac-reunion.fr\/clg-jules-solesse\/wp-content\/uploads\/sites\/151\/2019\/04\/Anne-Lis-Heurtier-avril-2019.jpg\" alt=\"\" class=\"wp-image-7577\" srcset=\"https:\/\/etab.ac-reunion.fr\/clg-jules-solesse\/wp-content\/uploads\/sites\/151\/2019\/04\/Anne-Lis-Heurtier-avril-2019.jpg 800w, https:\/\/etab.ac-reunion.fr\/clg-jules-solesse\/wp-content\/uploads\/sites\/151\/2019\/04\/Anne-Lis-Heurtier-avril-2019-300x250.jpg 300w, https:\/\/etab.ac-reunion.fr\/clg-jules-solesse\/wp-content\/uploads\/sites\/151\/2019\/04\/Anne-Lis-Heurtier-avril-2019-768x640.jpg 768w, https:\/\/etab.ac-reunion.fr\/clg-jules-solesse\/wp-content\/uploads\/sites\/151\/2019\/04\/Anne-Lis-Heurtier-avril-2019-150x125.jpg 150w\" sizes=\"auto, (max-width: 800px) 100vw, 800px\" \/><\/figure>\n\n\n\n<p> C\u2019\u00e9tait bien, un peu stressant mais la fa\u00e7on dont Annelise Heurtier nous parlait m\u2019a un peu d\u00e9stress\u00e9e. J\u2019ai bien aim\u00e9 qu\u2019elle nous explique son v\u00e9cu. J\u2019ai bien aim\u00e9 sa personnalit\u00e9, elle nous tutoyait, elle \u00e9tait gentille et \u00e7a nous donnait envie de continuer la rencontre. Les photos qu\u2019elles nous a montr\u00e9es sur la s\u00e9gr\u00e9gation m\u2019ont un peu choqu\u00e9e. Elle m\u2019a donn\u00e9 envie de lire ses autres livres. Rosy<\/p>\n\n\n\n<p>J\u2019ai bien aim\u00e9 cette rencontre car on en a appris plus sur le m\u00e9tier d\u2019auteur. Math\u00e9o<\/p>\n\n\n\n<p>Ce qui m\u2019a marqu\u00e9 c\u2019est que l\u2019auteur \u00e9tait contente du travail qu\u2019on a fait. Logan<\/p>\n\n\n\n<p>J\u2019ai trouv\u00e9 que Annelise Heurtier \u00e9tait tr\u00e8s dr\u00f4le. Elle nous a donn\u00e9 envie de lire ses livres. Les images sur la s\u00e9gr\u00e9gation qu\u2019elle nous a montr\u00e9es \u00e9taient choquantes. Luka<\/p>\n\n\n\n<p>J\u2019ai bien aim\u00e9 la rencontre car on \u00e9tait bien organis\u00e9s et que l\u2019auteur nous a bien expliqu\u00e9 son parcours, comment elle est arriv\u00e9e dans la litt\u00e9rature. Jordan.<\/p>\n\n\n\n<figure class=\"wp-block-image\"><img loading=\"lazy\" decoding=\"async\" width=\"800\" height=\"534\" src=\"https:\/\/etab.ac-reunion.fr\/clg-jules-solesse\/wp-content\/uploads\/sites\/151\/2019\/04\/Anne-Lis-Heurtier-avril-20191.jpg\" alt=\"\" class=\"wp-image-7578\" srcset=\"https:\/\/etab.ac-reunion.fr\/clg-jules-solesse\/wp-content\/uploads\/sites\/151\/2019\/04\/Anne-Lis-Heurtier-avril-20191.jpg 800w, https:\/\/etab.ac-reunion.fr\/clg-jules-solesse\/wp-content\/uploads\/sites\/151\/2019\/04\/Anne-Lis-Heurtier-avril-20191-300x200.jpg 300w, https:\/\/etab.ac-reunion.fr\/clg-jules-solesse\/wp-content\/uploads\/sites\/151\/2019\/04\/Anne-Lis-Heurtier-avril-20191-768x513.jpg 768w, https:\/\/etab.ac-reunion.fr\/clg-jules-solesse\/wp-content\/uploads\/sites\/151\/2019\/04\/Anne-Lis-Heurtier-avril-20191-150x100.jpg 150w\" sizes=\"auto, (max-width: 800px) 100vw, 800px\" \/><\/figure>\n\n\n\n<p> J\u2019ai trouv\u00e9 la rencontre avec Annelise Heurtier tr\u00e8s bien. Elle nous a expliqu\u00e9 son parcours. Elle \u00e9tait gentille et souriante mais elle racontait un peu trop sa vie. J\u2019\u00e9tais un peu stress\u00e9e quand il fallait poser des questions. Marie<\/p>\n\n\n\n<p>Annelise Heurtier est sympa comme personne et elle donne vraiment envie de discuter avec elle. Ce qui m\u2019a un peu g\u00ean\u00e9e c\u2019est qu\u2019elle raconte un peu trop sa vie personnelle. L\u2019ambiance \u00e9tait agr\u00e9able. No\u00e9mie<\/p>\n\n\n\n<figure class=\"wp-block-image\"><img loading=\"lazy\" decoding=\"async\" width=\"800\" height=\"534\" src=\"https:\/\/etab.ac-reunion.fr\/clg-jules-solesse\/wp-content\/uploads\/sites\/151\/2019\/04\/Anne-Lis-Heurtier-avril-20192.jpg\" alt=\"\" class=\"wp-image-7579\" srcset=\"https:\/\/etab.ac-reunion.fr\/clg-jules-solesse\/wp-content\/uploads\/sites\/151\/2019\/04\/Anne-Lis-Heurtier-avril-20192.jpg 800w, https:\/\/etab.ac-reunion.fr\/clg-jules-solesse\/wp-content\/uploads\/sites\/151\/2019\/04\/Anne-Lis-Heurtier-avril-20192-300x200.jpg 300w, https:\/\/etab.ac-reunion.fr\/clg-jules-solesse\/wp-content\/uploads\/sites\/151\/2019\/04\/Anne-Lis-Heurtier-avril-20192-768x513.jpg 768w, https:\/\/etab.ac-reunion.fr\/clg-jules-solesse\/wp-content\/uploads\/sites\/151\/2019\/04\/Anne-Lis-Heurtier-avril-20192-150x100.jpg 150w\" sizes=\"auto, (max-width: 800px) 100vw, 800px\" \/><\/figure>\n\n\n\n<p> L\u2019auteur est tr\u00e8s sympathique. Elle m\u2019a fait r\u00e9fl\u00e9chir sur mon choix de m\u00e9tier plus tard en d\u00e9clarant que nous devrions faire un m\u00e9tier qui nous pla\u00eet et pas pour faire plaisir \u00e0 nos parents ou pour d\u2019autres raisons.Je suis fi\u00e8re d\u2019avoir rencontr\u00e9 une auteur comme elle. Ke\u00efcha<\/p>\n\n\n\n<p>J\u2019\u00e9tais stress\u00e9 de la voir car elle est connue et que je connaissais pas son caract\u00e8re mais apr\u00e8s \u00e7a s\u2019est arrang\u00e9. Kenjy<\/p>\n\n\n\n<p>J\u2019ai bien aim\u00e9 la rencontre. Annelise Heutier \u00e9tait contente de notre travail donc je suis content. Samuel<\/p>\n\n\n\n<p>J\u2019ai beaucoup aim\u00e9 la rencontre avec Annelise Heurtier parce qu\u2019elle nous a fait comprendre que nous ne sommes pas tous pareils et qu\u2019on peut voir les choses diff\u00e9remment. Ce qui m\u2019a aussi marqu\u00e9e ce sont les publicit\u00e9s racistes qu\u2019elles nous a montr\u00e9es. Laure-Anne<\/p>\n\n\n\n<p>La rencontre \u00e9tait int\u00e9ressante car nous avons d\u00e9couvert \u00e0 travers les r\u00e9ponses de l\u2019auteur le m\u00e9tier d\u2019\u00e9crivain. Elle nous a expliqu\u00e9 pourquoi elle \u00e9voquait telle cause dans tel livre. Lucie<\/p>\n\n\n\n<figure class=\"wp-block-image\"><img loading=\"lazy\" decoding=\"async\" width=\"800\" height=\"534\" src=\"https:\/\/etab.ac-reunion.fr\/clg-jules-solesse\/wp-content\/uploads\/sites\/151\/2019\/04\/Anne-Lis-Heurtier-avril-20193.jpg\" alt=\"\" class=\"wp-image-7580\" srcset=\"https:\/\/etab.ac-reunion.fr\/clg-jules-solesse\/wp-content\/uploads\/sites\/151\/2019\/04\/Anne-Lis-Heurtier-avril-20193.jpg 800w, https:\/\/etab.ac-reunion.fr\/clg-jules-solesse\/wp-content\/uploads\/sites\/151\/2019\/04\/Anne-Lis-Heurtier-avril-20193-300x200.jpg 300w, https:\/\/etab.ac-reunion.fr\/clg-jules-solesse\/wp-content\/uploads\/sites\/151\/2019\/04\/Anne-Lis-Heurtier-avril-20193-768x513.jpg 768w, https:\/\/etab.ac-reunion.fr\/clg-jules-solesse\/wp-content\/uploads\/sites\/151\/2019\/04\/Anne-Lis-Heurtier-avril-20193-150x100.jpg 150w\" sizes=\"auto, (max-width: 800px) 100vw, 800px\" \/><\/figure>\n\n\n\n<p> La rencontre avec l\u2019auteur \u00e9tait enrichissante. J\u2019ai pu d\u00e9couvrir de nouveaux livres qui m\u2019ont plu et que j\u2019aimerais lire. Jamelia<\/p>\n\n\n\n<p>Quand Annelise Heurtier nous expliquait quelque chose, c\u2019\u00e9tait clair et int\u00e9ressant. J\u2019ai beaucoup aim\u00e9 sa fa\u00e7on d\u2019\u00eatre. Louna<\/p>\n\n\n\n<p>J\u2019ai bien aim\u00e9 la rencontre avec l\u2019auteur car j\u2019ai appris et d\u00e9couvert de nouvelles choses. L\u2019auteur m\u2019a donn\u00e9 envie de lire les autres livres qu\u2019elle a \u00e9crit auparavant. On a pu comprendre sa vision des choses. Ang\u00e9lique<\/p>\n\n\n\n<p>C\u2019\u00e9tait vraiment int\u00e9ressant. J\u2019ai appris de nouvelles choses. L\u2019auteur est tr\u00e8s gentille. J\u2019ai d\u00e9couvert sa vision des choses. Elle m\u2019a fait d\u00e9couvrir ses autres livres et j\u2019ai tr\u00e8s envie de les commencer. Alicia<\/p>\n\n\n\n<p>J\u2019ai aim\u00e9 travailler en groupe pour pr\u00e9parer la rencontre. La rencontre \u00e9tait tr\u00e8s sympathique. L\u2019auteur \u00e9tait gentille et a r\u00e9pondu \u00e0 nos questions. Emma<\/p>\n\n\n\n<p>J\u2019ai trouv\u00e9 l\u2019auteur tr\u00e8s sympathique avec nous. J\u2019ai beaucoup aim\u00e9 ses livres et travailler en groupe. Brenda<\/p>\n\n\n\n<figure class=\"wp-block-image\"><img loading=\"lazy\" decoding=\"async\" width=\"800\" height=\"534\" src=\"https:\/\/etab.ac-reunion.fr\/clg-jules-solesse\/wp-content\/uploads\/sites\/151\/2019\/04\/Anne-Lis-Heurtier-avril-20191.jpg\" alt=\"\" class=\"wp-image-7578\" srcset=\"https:\/\/etab.ac-reunion.fr\/clg-jules-solesse\/wp-content\/uploads\/sites\/151\/2019\/04\/Anne-Lis-Heurtier-avril-20191.jpg 800w, https:\/\/etab.ac-reunion.fr\/clg-jules-solesse\/wp-content\/uploads\/sites\/151\/2019\/04\/Anne-Lis-Heurtier-avril-20191-300x200.jpg 300w, https:\/\/etab.ac-reunion.fr\/clg-jules-solesse\/wp-content\/uploads\/sites\/151\/2019\/04\/Anne-Lis-Heurtier-avril-20191-768x513.jpg 768w, https:\/\/etab.ac-reunion.fr\/clg-jules-solesse\/wp-content\/uploads\/sites\/151\/2019\/04\/Anne-Lis-Heurtier-avril-20191-150x100.jpg 150w\" sizes=\"auto, (max-width: 800px) 100vw, 800px\" \/><\/figure>\n\n\n\n<figure class=\"wp-block-image\"><img loading=\"lazy\" decoding=\"async\" width=\"800\" height=\"667\" src=\"https:\/\/etab.ac-reunion.fr\/clg-jules-solesse\/wp-content\/uploads\/sites\/151\/2019\/04\/fotos-Anne1.jpg\" alt=\"\" class=\"wp-image-7582\" srcset=\"https:\/\/etab.ac-reunion.fr\/clg-jules-solesse\/wp-content\/uploads\/sites\/151\/2019\/04\/fotos-Anne1.jpg 800w, https:\/\/etab.ac-reunion.fr\/clg-jules-solesse\/wp-content\/uploads\/sites\/151\/2019\/04\/fotos-Anne1-300x250.jpg 300w, https:\/\/etab.ac-reunion.fr\/clg-jules-solesse\/wp-content\/uploads\/sites\/151\/2019\/04\/fotos-Anne1-768x640.jpg 768w, https:\/\/etab.ac-reunion.fr\/clg-jules-solesse\/wp-content\/uploads\/sites\/151\/2019\/04\/fotos-Anne1-150x125.jpg 150w\" sizes=\"auto, (max-width: 800px) 100vw, 800px\" \/><\/figure>\n\n\n\n<figure class=\"wp-block-image\"><img loading=\"lazy\" decoding=\"async\" width=\"1024\" height=\"620\" src=\"https:\/\/etab.ac-reunion.fr\/clg-jules-solesse\/wp-content\/uploads\/sites\/151\/2019\/04\/Un-auteur-des-lecteurs-2019-Heurtier-groupe-1024x620.jpg\" alt=\"\" class=\"wp-image-7584\" srcset=\"https:\/\/etab.ac-reunion.fr\/clg-jules-solesse\/wp-content\/uploads\/sites\/151\/2019\/04\/Un-auteur-des-lecteurs-2019-Heurtier-groupe-1024x620.jpg 1024w, https:\/\/etab.ac-reunion.fr\/clg-jules-solesse\/wp-content\/uploads\/sites\/151\/2019\/04\/Un-auteur-des-lecteurs-2019-Heurtier-groupe-300x182.jpg 300w, https:\/\/etab.ac-reunion.fr\/clg-jules-solesse\/wp-content\/uploads\/sites\/151\/2019\/04\/Un-auteur-des-lecteurs-2019-Heurtier-groupe-768x465.jpg 768w, https:\/\/etab.ac-reunion.fr\/clg-jules-solesse\/wp-content\/uploads\/sites\/151\/2019\/04\/Un-auteur-des-lecteurs-2019-Heurtier-groupe-250x150.jpg 250w, https:\/\/etab.ac-reunion.fr\/clg-jules-solesse\/wp-content\/uploads\/sites\/151\/2019\/04\/Un-auteur-des-lecteurs-2019-Heurtier-groupe-150x91.jpg 150w\" sizes=\"auto, (max-width: 1024px) 100vw, 1024px\" \/><\/figure>\n","protected":false},"excerpt":{"rendered":"<p>Dans le cadre de la manifestation \u00ab\u00a0Un auteur, des lecteurs\u00a0\u00bb organis\u00e9 par l&rsquo;Association \u00cele \u00e0 la Page, les \u00e9l\u00e8ves de la classe 307 ont rencontr\u00e9 l&rsquo;auteure Anne-Lise HEURTIER, pour 2h \u00e9changes riches et enrichissants. Professeurs encadrants : Karine VOTE, Anne LECLAIRE Photos : Muriel ENRICO (Merci \u00e0 elle)\u00a0 Anne LECLAIRE\u2026<\/p>\n<p class=\"continue-reading-button\"> <a class=\"continue-reading-link\" href=\"https:\/\/etab.ac-reunion.fr\/clg-jules-solesse\/ann-lise-heurtier-a-la-rencontre-des-307\/\">Continue reading<i class=\"crycon-right-dir\"><\/i><\/a><\/p>\n","protected":false},"author":13197,"featured_media":7586,"comment_status":"closed","ping_status":"closed","sticky":false,"template":"","format":"standard","meta":{"footnotes":""},"categories":[52],"tags":[],"class_list":["post-7575","post","type-post","status-publish","format-standard","has-post-thumbnail","hentry","category-rencontre-auteurs"],"_links":{"self":[{"href":"https:\/\/etab.ac-reunion.fr\/clg-jules-solesse\/wp-json\/wp\/v2\/posts\/7575","targetHints":{"allow":["GET"]}}],"collection":[{"href":"https:\/\/etab.ac-reunion.fr\/clg-jules-solesse\/wp-json\/wp\/v2\/posts"}],"about":[{"href":"https:\/\/etab.ac-reunion.fr\/clg-jules-solesse\/wp-json\/wp\/v2\/types\/post"}],"author":[{"embeddable":true,"href":"https:\/\/etab.ac-reunion.fr\/clg-jules-solesse\/wp-json\/wp\/v2\/users\/13197"}],"replies":[{"embeddable":true,"href":"https:\/\/etab.ac-reunion.fr\/clg-jules-solesse\/wp-json\/wp\/v2\/comments?post=7575"}],"version-history":[{"count":3,"href":"https:\/\/etab.ac-reunion.fr\/clg-jules-solesse\/wp-json\/wp\/v2\/posts\/7575\/revisions"}],"predecessor-version":[{"id":7915,"href":"https:\/\/etab.ac-reunion.fr\/clg-jules-solesse\/wp-json\/wp\/v2\/posts\/7575\/revisions\/7915"}],"wp:featuredmedia":[{"embeddable":true,"href":"https:\/\/etab.ac-reunion.fr\/clg-jules-solesse\/wp-json\/wp\/v2\/media\/7586"}],"wp:attachment":[{"href":"https:\/\/etab.ac-reunion.fr\/clg-jules-solesse\/wp-json\/wp\/v2\/media?parent=7575"}],"wp:term":[{"taxonomy":"category","embeddable":true,"href":"https:\/\/etab.ac-reunion.fr\/clg-jules-solesse\/wp-json\/wp\/v2\/categories?post=7575"},{"taxonomy":"post_tag","embeddable":true,"href":"https:\/\/etab.ac-reunion.fr\/clg-jules-solesse\/wp-json\/wp\/v2\/tags?post=7575"}],"curies":[{"name":"wp","href":"https:\/\/api.w.org\/{rel}","templated":true}]}}