{"id":1528,"date":"2019-06-18T13:59:08","date_gmt":"2019-06-18T09:59:08","guid":{"rendered":"http:\/\/college-lachatoire.ac-reunion.fr\/?p=1528"},"modified":"2019-06-18T15:01:18","modified_gmt":"2019-06-18T11:01:18","slug":"le-harcelement-scolaire","status":"publish","type":"post","link":"https:\/\/etab.ac-reunion.fr\/clg-la-chatoire\/le-harcelement-scolaire\/","title":{"rendered":"Le Harc\u00e8lement Scolaire"},"content":{"rendered":"<h1 style=\"text-align: center\"><span style=\"text-decoration: underline\"><em><strong>Qu&rsquo;est-ce que le harc\u00e8lement scolaire<\/strong>?<\/em><\/span><\/h1>\n<p>Le harc\u00e8lement est un acte de violence r\u00e9p\u00e9t\u00e9 qui se pr\u00e9sente sous forme verbale, psychologique ou m\u00eame physique (rejet de la personne et de la diff\u00e9rence).<\/p>\n<p>\u00a0\u00a0\u00a0\u00a0\u00a0 <span style=\"text-decoration: underline\">Exemple<\/span>: insultes, menaces (verbales ou \u00e9crites), coup ou bousculade<\/p>\n<p>Le harc\u00e8lement s&rsquo;explique par certains crit\u00e8res:<\/p>\n<ul>\n<li><strong>L\u2019apparence physique<\/strong> (poids, taille, couleur de peau ou type de cheveux)<\/li>\n<li><strong>\u00a0L\u2019identit\u00e9 de genre<\/strong> (gar\u00e7on jug\u00e9 trop eff\u00e9min\u00e9, fille jug\u00e9e trop masculine, sexisme)<\/li>\n<li><strong>Un handicap<\/strong> (physique ou mental)<\/li>\n<li><strong>Etc&#8230;<\/strong><\/li>\n<\/ul>\n<p lang=\"zxx\">Le harc\u00e8lement a des aspects diff\u00e9rents en fonction de l\u2019\u00e2ge et du sexe.<\/p>\n<p lang=\"zxx\">D&rsquo;apr\u00e8s le site passeport sant\u00e9 (voir le lien ci-dessous), pr\u00e8s d&rsquo;un enfant sur dix, sont victimes de harc\u00e8lement en France.<\/p>\n<h2 style=\"text-align: center\"><em><strong><span style=\"text-decoration: underline\">Quelles sont les cons\u00e9quences chez les victimes?<\/span><\/strong><\/em><\/h2>\n<ul>\n<li>Rackets, bagarres violentes etc&#8230; Tout cela causent des marques corporelles.<br \/>Mais on oublie souvent que cela entra\u00eene de graves cons\u00e9quences scolaires, sociales et psychologiques sur le long terme.<\/li>\n<\/ul>\n<ul>\n<li>D\u00e9pression, automutilation, difficult\u00e9s \u00e0 se concentrer, insomnie etc&#8230; tout cela est dangereux pour l&rsquo;enfant. Cela aura un impact sur son d\u00e9veloppement. Il dormira mal, aura des difficult\u00e9s \u00e0 se concentrer en cours. Tout cela entra\u00eene l&rsquo;\u00e9chec scolaire.<\/li>\n<\/ul>\n<h2 style=\"text-align: center\"><em><strong><span style=\"text-decoration: underline\">Voici quelques t\u00e9moignages:<\/span><\/strong><\/em><\/h2>\n<p><em><span style=\"text-decoration: underline\">T\u00e9moignage d&rsquo;une \u00e9l\u00e8ve de 4\u00e8me en 2017<\/span><\/em>:<\/p>\n<p>Une fois, en sport , nous n&rsquo;avions pas pu faire cours \u00e0 cause de plusieurs \u00e9l\u00e8ves perturbateurs. Ils \u00e9taient en train de perturber le cours. En tant que d\u00e9l\u00e9gu\u00e9 suppl\u00e9ante, j&rsquo;avais expliqu\u00e9 \u00e0 notre professeure principale ce qu&rsquo;il s&rsquo;\u00e9tait pass\u00e9 et elle a convoqu\u00e9 les \u00e9l\u00e8ves concern\u00e9s. L&rsquo;une des personnes concern\u00e9es est alors venue me voir entre midi et deux pour me dire que je trichais dans certaines mati\u00e8res. Sous ce pr\u00e9texte, deux de ses amis sont venues me voir pour me dire que ce n&rsquo;\u00e9tait pas grave de tricher, et que tout le monde avait d\u00e9j\u00e0 trich\u00e9. Mais ce qu&rsquo;elles n&rsquo;avaient surtout pas appr\u00e9ci\u00e9 est le fait que je sois partie raconter tout \u00e0 la professeure principale. Elles m&rsquo;ont donc entour\u00e9 \u00e0 la sonnerie de 12H45. Elles \u00e9taient 6 ou plus, je n&rsquo;avais pas bien vu. Et moi j\u2019\u00e9tais seule au milieu. Elles m&rsquo;ont insult\u00e9e et il y a eu plusieurs altercations de ce genre. Elles venaient m&rsquo;insulter et je me souviens qu&rsquo;en sortant des cours elles m&rsquo;avaient bouscul\u00e9e et je me suis d\u00e9fendu. Cette histoire c\u2019\u00e9tait termin\u00e9e chez les C.P.E et des sanctions ont \u00e9t\u00e9 appliqu\u00e9es.<\/p>\n<p><em><span style=\"text-decoration: underline\">T\u00e9moignage d&rsquo;une \u00e9l\u00e8ve de 6\u00e8me en 2018:<\/span><\/em><\/p>\n<p>J\u2019\u00e9tais en 6\u00e8me quand c&rsquo;est arriv\u00e9. C\u2019\u00e9tait une de mes amies au d\u00e9but. Mais \u00e7a n&rsquo;a pas dur\u00e9 longtemps. Un jour en sport, elle m&rsquo;avait dit que je ne courrais pas assez vite. Et cela ne m&rsquo;a pas plu et j&rsquo;ai arr\u00eat\u00e9 de lui parler mais elle non plus cela ne lui a pas plu. Elle a commenc\u00e9 \u00e0 m&rsquo;insulter dans mon dos et \u00e0 faire tourner des rumeurs sur moi. Un jour je suis pass\u00e9e devant elle et elle m&rsquo;a dit que j&rsquo;\u00e9tais grosse. L\u00e0 c\u2019\u00e9tait trop pour moi. Je ne voulais plus venir au coll\u00e8ge. Donc je suis aller voir les C.P.E mais devant leur bureau elle avait menac\u00e9 de me frapper. Aujourd&rsquo;hui tout cela est fini et heureusement. Je ne lui ai plus jamais reparl\u00e9 apr\u00e8s \u00e7a.<\/p>\n<p><em><span style=\"text-decoration: underline\">T\u00e9moignage d&rsquo;un \u00e9l\u00e8ve de 5\u00e8me en 2017:<\/span><\/em><\/p>\n<p>Un jour, en derni\u00e8re heure, en sortant de cours, je me suis fait insulter par des \u00e9l\u00e8ves plus grands. Je n&rsquo;ai pas fais attention mais le jour d&rsquo;apr\u00e8s \u00e7a a recommenc\u00e9. Ils passaient et ils m&rsquo;insultaient, ils me disaient que j\u2019\u00e9tais gros et moche. Cela a dur\u00e9 1 semaine. J&rsquo;ai pr\u00e9venu les C.P.E et ils ont continu\u00e9 et les insultes \u00e9taient de plus en plus fr\u00e9quentes et violentes. Cela a termin\u00e9 de nouveau chez les C.P.E des sanctions ont \u00e9t\u00e9 appliqu\u00e9es et tout c&rsquo;est bien termin\u00e9.<\/p>\n<h3>Morale de ces t\u00e9moignages toujours pr\u00e9venir un adulte, d\u00e8s que cela commence! Et ne surtout pas attendre que les choses s\u2019aggravent. Alors si tu te fais harceler n&rsquo;h\u00e9site pas a en parler. Ce n&rsquo;est pas ta faute, toi tu n&rsquo;es que la victime.<\/h3>\n<p><span style=\"text-decoration: underline\"><em><strong>Source de l&rsquo;article: <\/strong><\/em><\/span><a href=\"https:\/\/www.passeportsante.net\/fr\/psychologie\/Fiche.aspx?doc=harcelement-scolaire\" target=\"_blank\" rel=\"noopener noreferrer\">Passeport sant\u00e9<\/a><\/p>\n<p>Vous pouvez participer \u00e0 ce petit sondage pour rendre compte du nombre d&rsquo;\u00e9l\u00e8ves qui se font harceler au coll\u00e8ge:<\/p>\n<p><a href=\"https:\/\/fr.surveymonkey.com\/r\/2M8VQ2T\" target=\"_blank\" rel=\"noopener noreferrer\">petit sondage<\/a><\/p>\n\n\n<p><\/p>\n","protected":false},"excerpt":{"rendered":"<p>Qu&rsquo;est-ce que le harc\u00e8lement scolaire? Le harc\u00e8lement est un acte de violence r\u00e9p\u00e9t\u00e9 qui se pr\u00e9sente sous forme verbale, psychologique ou m\u00eame physique (rejet de la personne et de la diff\u00e9rence). \u00a0\u00a0\u00a0\u00a0\u00a0 Exemple: insultes, menaces (verbales ou \u00e9crites), coup ou bousculade Le harc\u00e8lement s&rsquo;explique par certains crit\u00e8res: L\u2019apparence physique (poids,&#8230;<\/p>\n<p> <a class=\"continue-reading-link\" href=\"https:\/\/etab.ac-reunion.fr\/clg-la-chatoire\/le-harcelement-scolaire\/\"><span>Lire l&rsquo;Article<\/span><i class=\"crycon-right-dir\"><\/i><\/a> <\/p>\n","protected":false},"author":19242,"featured_media":0,"comment_status":"closed","ping_status":"closed","sticky":false,"template":"","format":"standard","meta":{"footnotes":""},"categories":[76],"tags":[],"class_list":["post-1528","post","type-post","status-publish","format-standard","hentry","category-articles"],"_links":{"self":[{"href":"https:\/\/etab.ac-reunion.fr\/clg-la-chatoire\/wp-json\/wp\/v2\/posts\/1528","targetHints":{"allow":["GET"]}}],"collection":[{"href":"https:\/\/etab.ac-reunion.fr\/clg-la-chatoire\/wp-json\/wp\/v2\/posts"}],"about":[{"href":"https:\/\/etab.ac-reunion.fr\/clg-la-chatoire\/wp-json\/wp\/v2\/types\/post"}],"author":[{"embeddable":true,"href":"https:\/\/etab.ac-reunion.fr\/clg-la-chatoire\/wp-json\/wp\/v2\/users\/19242"}],"replies":[{"embeddable":true,"href":"https:\/\/etab.ac-reunion.fr\/clg-la-chatoire\/wp-json\/wp\/v2\/comments?post=1528"}],"version-history":[{"count":29,"href":"https:\/\/etab.ac-reunion.fr\/clg-la-chatoire\/wp-json\/wp\/v2\/posts\/1528\/revisions"}],"predecessor-version":[{"id":2599,"href":"https:\/\/etab.ac-reunion.fr\/clg-la-chatoire\/wp-json\/wp\/v2\/posts\/1528\/revisions\/2599"}],"wp:attachment":[{"href":"https:\/\/etab.ac-reunion.fr\/clg-la-chatoire\/wp-json\/wp\/v2\/media?parent=1528"}],"wp:term":[{"taxonomy":"category","embeddable":true,"href":"https:\/\/etab.ac-reunion.fr\/clg-la-chatoire\/wp-json\/wp\/v2\/categories?post=1528"},{"taxonomy":"post_tag","embeddable":true,"href":"https:\/\/etab.ac-reunion.fr\/clg-la-chatoire\/wp-json\/wp\/v2\/tags?post=1528"}],"curies":[{"name":"wp","href":"https:\/\/api.w.org\/{rel}","templated":true}]}}