{"id":3298,"date":"2019-12-19T11:16:44","date_gmt":"2019-12-19T07:16:44","guid":{"rendered":"http:\/\/college-lachatoire.ac-reunion.fr\/?p=3298"},"modified":"2020-02-05T11:21:13","modified_gmt":"2020-02-05T07:21:13","slug":"expo-au-cdi-30-ans-de-la-chute-du-mur-de-berlin","status":"publish","type":"post","link":"https:\/\/etab.ac-reunion.fr\/clg-la-chatoire\/expo-au-cdi-30-ans-de-la-chute-du-mur-de-berlin\/","title":{"rendered":"Expo au CDI \u00a0\u00bb 30 ans de la chute du mur de Berlin\u00a0\u00bb"},"content":{"rendered":"\n<p> Les \u00e9l\u00e8ves germanistes du coll\u00e8ge de la Chatoire ont voulu comm\u00e9morer avec cette exposition la chute du mur de Berlin le 9 novembre 1989 et faire conna\u00eetre aux autres \u00e9l\u00e8ves cet \u00e9v\u00e8nement historique important dans l&rsquo;histoire de l&rsquo;Europe.<br> Des affiches portant sur l&rsquo;aspect historique ont ainsi \u00e9t\u00e9 r\u00e9alis\u00e9es en classe avec Mme B\u00e8gue, tandis que des dessins illustrant la s\u00e9paration des deux Allemagnes ont \u00e9t\u00e9 r\u00e9alis\u00e9es au CDI avec Mme Ansiaux et la documentaliste.<br> Cette exposition est visible dans l&rsquo;espace Erasmus jusqu&rsquo;en Mars 2020.  <\/p>\n\n\n\n<figure class=\"wp-block-image size-large\"><img loading=\"lazy\" decoding=\"async\" width=\"1024\" height=\"704\" src=\"https:\/\/etab.ac-reunion.fr\/clg-la-chatoire\/wp-content\/uploads\/sites\/131\/2019\/12\/IMG_20191211_105200-2-1024x704.jpg\" alt=\"\" class=\"wp-image-3299\" srcset=\"https:\/\/etab.ac-reunion.fr\/clg-la-chatoire\/wp-content\/uploads\/sites\/131\/2019\/12\/IMG_20191211_105200-2-1024x704.jpg 1024w, https:\/\/etab.ac-reunion.fr\/clg-la-chatoire\/wp-content\/uploads\/sites\/131\/2019\/12\/IMG_20191211_105200-2-300x206.jpg 300w, https:\/\/etab.ac-reunion.fr\/clg-la-chatoire\/wp-content\/uploads\/sites\/131\/2019\/12\/IMG_20191211_105200-2-768x528.jpg 768w, https:\/\/etab.ac-reunion.fr\/clg-la-chatoire\/wp-content\/uploads\/sites\/131\/2019\/12\/IMG_20191211_105200-2-1536x1056.jpg 1536w, https:\/\/etab.ac-reunion.fr\/clg-la-chatoire\/wp-content\/uploads\/sites\/131\/2019\/12\/IMG_20191211_105200-2-2048x1408.jpg 2048w, https:\/\/etab.ac-reunion.fr\/clg-la-chatoire\/wp-content\/uploads\/sites\/131\/2019\/12\/IMG_20191211_105200-2-150x103.jpg 150w\" sizes=\"auto, (max-width: 1024px) 100vw, 1024px\" \/><\/figure>\n\n\n\n<figure class=\"wp-block-image size-large\"><img loading=\"lazy\" decoding=\"async\" width=\"1024\" height=\"768\" src=\"https:\/\/etab.ac-reunion.fr\/clg-la-chatoire\/wp-content\/uploads\/sites\/131\/2019\/12\/IMG_20191211_111224-1-1024x768.jpg\" alt=\"\" class=\"wp-image-3301\" srcset=\"https:\/\/etab.ac-reunion.fr\/clg-la-chatoire\/wp-content\/uploads\/sites\/131\/2019\/12\/IMG_20191211_111224-1-1024x768.jpg 1024w, https:\/\/etab.ac-reunion.fr\/clg-la-chatoire\/wp-content\/uploads\/sites\/131\/2019\/12\/IMG_20191211_111224-1-300x225.jpg 300w, https:\/\/etab.ac-reunion.fr\/clg-la-chatoire\/wp-content\/uploads\/sites\/131\/2019\/12\/IMG_20191211_111224-1-768x576.jpg 768w, https:\/\/etab.ac-reunion.fr\/clg-la-chatoire\/wp-content\/uploads\/sites\/131\/2019\/12\/IMG_20191211_111224-1-1536x1152.jpg 1536w, https:\/\/etab.ac-reunion.fr\/clg-la-chatoire\/wp-content\/uploads\/sites\/131\/2019\/12\/IMG_20191211_111224-1-2048x1536.jpg 2048w, https:\/\/etab.ac-reunion.fr\/clg-la-chatoire\/wp-content\/uploads\/sites\/131\/2019\/12\/IMG_20191211_111224-1-150x113.jpg 150w\" sizes=\"auto, (max-width: 1024px) 100vw, 1024px\" \/><figcaption>L&rsquo; espace Erasmus au CDI<\/figcaption><\/figure>\n\n\n\n<figure class=\"wp-block-image size-large\"><img loading=\"lazy\" decoding=\"async\" width=\"693\" height=\"1024\" src=\"https:\/\/etab.ac-reunion.fr\/clg-la-chatoire\/wp-content\/uploads\/sites\/131\/2019\/12\/IMG_20191211_105117-1-693x1024.jpg\" alt=\"\" class=\"wp-image-3300\" srcset=\"https:\/\/etab.ac-reunion.fr\/clg-la-chatoire\/wp-content\/uploads\/sites\/131\/2019\/12\/IMG_20191211_105117-1-693x1024.jpg 693w, https:\/\/etab.ac-reunion.fr\/clg-la-chatoire\/wp-content\/uploads\/sites\/131\/2019\/12\/IMG_20191211_105117-1-203x300.jpg 203w, https:\/\/etab.ac-reunion.fr\/clg-la-chatoire\/wp-content\/uploads\/sites\/131\/2019\/12\/IMG_20191211_105117-1-768x1134.jpg 768w, https:\/\/etab.ac-reunion.fr\/clg-la-chatoire\/wp-content\/uploads\/sites\/131\/2019\/12\/IMG_20191211_105117-1-1040x1536.jpg 1040w, https:\/\/etab.ac-reunion.fr\/clg-la-chatoire\/wp-content\/uploads\/sites\/131\/2019\/12\/IMG_20191211_105117-1-1387x2048.jpg 1387w, https:\/\/etab.ac-reunion.fr\/clg-la-chatoire\/wp-content\/uploads\/sites\/131\/2019\/12\/IMG_20191211_105117-1-102x150.jpg 102w, https:\/\/etab.ac-reunion.fr\/clg-la-chatoire\/wp-content\/uploads\/sites\/131\/2019\/12\/IMG_20191211_105117-1-scaled.jpg 1734w\" sizes=\"auto, (max-width: 693px) 100vw, 693px\" \/><figcaption>A l&rsquo;arri\u00e8re de la grille d&rsquo;autres affiches r\u00e9alis\u00e9es par les \u00e9l\u00e8ves de Mme Ansiaux<\/figcaption><\/figure>\n\n\n\n<figure class=\"wp-block-image size-large\"><img loading=\"lazy\" decoding=\"async\" width=\"768\" height=\"1024\" src=\"https:\/\/etab.ac-reunion.fr\/clg-la-chatoire\/wp-content\/uploads\/sites\/131\/2019\/12\/IMG_20191211_105225-1-768x1024.jpg\" alt=\"\" class=\"wp-image-3303\" srcset=\"https:\/\/etab.ac-reunion.fr\/clg-la-chatoire\/wp-content\/uploads\/sites\/131\/2019\/12\/IMG_20191211_105225-1-768x1024.jpg 768w, https:\/\/etab.ac-reunion.fr\/clg-la-chatoire\/wp-content\/uploads\/sites\/131\/2019\/12\/IMG_20191211_105225-1-225x300.jpg 225w, https:\/\/etab.ac-reunion.fr\/clg-la-chatoire\/wp-content\/uploads\/sites\/131\/2019\/12\/IMG_20191211_105225-1-1152x1536.jpg 1152w, https:\/\/etab.ac-reunion.fr\/clg-la-chatoire\/wp-content\/uploads\/sites\/131\/2019\/12\/IMG_20191211_105225-1-1536x2048.jpg 1536w, https:\/\/etab.ac-reunion.fr\/clg-la-chatoire\/wp-content\/uploads\/sites\/131\/2019\/12\/IMG_20191211_105225-1-113x150.jpg 113w, https:\/\/etab.ac-reunion.fr\/clg-la-chatoire\/wp-content\/uploads\/sites\/131\/2019\/12\/IMG_20191211_105225-1-scaled.jpg 1920w\" sizes=\"auto, (max-width: 768px) 100vw, 768px\" \/><figcaption> A l&rsquo;arri\u00e8re de la grille d&rsquo;autres affiches  r\u00e9alis\u00e9es par les \u00e9l\u00e8ves de Mme B\u00e8gue<\/figcaption><\/figure>\n","protected":false},"excerpt":{"rendered":"<p>Les \u00e9l\u00e8ves germanistes du coll\u00e8ge de la Chatoire ont voulu comm\u00e9morer avec cette exposition la chute du mur de Berlin le 9 novembre 1989 et faire conna\u00eetre aux autres \u00e9l\u00e8ves cet \u00e9v\u00e8nement historique important dans l&rsquo;histoire de l&rsquo;Europe. Des affiches portant sur l&rsquo;aspect historique ont ainsi \u00e9t\u00e9 r\u00e9alis\u00e9es en classe&#8230;<\/p>\n<p> <a class=\"continue-reading-link\" href=\"https:\/\/etab.ac-reunion.fr\/clg-la-chatoire\/expo-au-cdi-30-ans-de-la-chute-du-mur-de-berlin\/\"><span>Lire l&rsquo;Article<\/span><i class=\"crycon-right-dir\"><\/i><\/a> <\/p>\n","protected":false},"author":18560,"featured_media":0,"comment_status":"closed","ping_status":"closed","sticky":false,"template":"","format":"standard","meta":{"footnotes":""},"categories":[4,7],"tags":[],"class_list":["post-3298","post","type-post","status-publish","format-standard","hentry","category-actualites","category-cdi"],"_links":{"self":[{"href":"https:\/\/etab.ac-reunion.fr\/clg-la-chatoire\/wp-json\/wp\/v2\/posts\/3298","targetHints":{"allow":["GET"]}}],"collection":[{"href":"https:\/\/etab.ac-reunion.fr\/clg-la-chatoire\/wp-json\/wp\/v2\/posts"}],"about":[{"href":"https:\/\/etab.ac-reunion.fr\/clg-la-chatoire\/wp-json\/wp\/v2\/types\/post"}],"author":[{"embeddable":true,"href":"https:\/\/etab.ac-reunion.fr\/clg-la-chatoire\/wp-json\/wp\/v2\/users\/18560"}],"replies":[{"embeddable":true,"href":"https:\/\/etab.ac-reunion.fr\/clg-la-chatoire\/wp-json\/wp\/v2\/comments?post=3298"}],"version-history":[{"count":2,"href":"https:\/\/etab.ac-reunion.fr\/clg-la-chatoire\/wp-json\/wp\/v2\/posts\/3298\/revisions"}],"predecessor-version":[{"id":3304,"href":"https:\/\/etab.ac-reunion.fr\/clg-la-chatoire\/wp-json\/wp\/v2\/posts\/3298\/revisions\/3304"}],"wp:attachment":[{"href":"https:\/\/etab.ac-reunion.fr\/clg-la-chatoire\/wp-json\/wp\/v2\/media?parent=3298"}],"wp:term":[{"taxonomy":"category","embeddable":true,"href":"https:\/\/etab.ac-reunion.fr\/clg-la-chatoire\/wp-json\/wp\/v2\/categories?post=3298"},{"taxonomy":"post_tag","embeddable":true,"href":"https:\/\/etab.ac-reunion.fr\/clg-la-chatoire\/wp-json\/wp\/v2\/tags?post=3298"}],"curies":[{"name":"wp","href":"https:\/\/api.w.org\/{rel}","templated":true}]}}