{"id":3598,"date":"2020-04-01T12:21:57","date_gmt":"2020-04-01T08:21:57","guid":{"rendered":"http:\/\/college-lachatoire.ac-reunion.fr\/?p=3598"},"modified":"2020-06-04T11:25:30","modified_gmt":"2020-06-04T07:25:30","slug":"des-idees-pour-se-cultiver-et-samuser-chez-soi","status":"publish","type":"post","link":"https:\/\/etab.ac-reunion.fr\/clg-la-chatoire\/des-idees-pour-se-cultiver-et-samuser-chez-soi\/","title":{"rendered":"Des id\u00e9es pour se cultiver et s&rsquo;amuser chez soi ! N\u00b01"},"content":{"rendered":"<p>Eh, oui, rester \u00e0 la maison est peut-\u00eatre synonyme d&rsquo;ennui pour nos jeunes confin\u00e9(es)&#8230;Alors, au lieu de tourner en rond, de se chamailler avec ses fr\u00e8res et s\u0153urs et de mettre les nerfs de vos parents en pelote, voil\u00e0 quelques id\u00e9es pour d\u00e9compresser apr\u00e8s l&rsquo;\u00e9cole en ligne &#8230;<\/p>\n<p><strong>Des recettes de cuisine !<\/strong><br \/>\nBon, c&rsquo;est toujours en ligne.., mais tu vas mettre les mains dans la farine et r\u00e9galer toute ta famille avec <a href=\"https:\/\/larecette.net\/confinement-atelier-cuisine-pour-les-enfants\/\" target=\"_blank\" rel=\"noopener noreferrer\">L&rsquo;atelier cuisine pour enfants sp\u00e9cial confinement <\/a>! Du sucr\u00e9, du sal\u00e9, y en a pour tous les go\u00fbts&#8230; Allez, en cuisine et \u00e0 vos tabliers !<img loading=\"lazy\" decoding=\"async\" class=\"attachment-bimber-classic-1of1  wp-post-image aligncenter\" src=\"https:\/\/larecette.net\/wp-content\/uploads\/2020\/03\/iStock-483847838-1152x734.jpg\" alt=\"atelier cuisine enfants\" width=\"216\" height=\"138\"><\/p>\n<p><strong>Une sortie au mus\u00e9e !?<\/strong> Et oui ! pour \u00ab\u00a0d\u00e9confiner\u00a0\u00bb et se cultiver , je te propose de t&#8217;emmener \u00e0 Paris au mus\u00e9e Gr\u00e9vin ! <a href=\"http:\/\/www.timographie360.fr\/wp-content\/panoramiques\/visites-virtuelles\/realisations\/musee-grevin\/index.html\" target=\"_blank\" rel=\"noopener noreferrer\">Le mus\u00e9e Gr\u00e9vin \u00e0 Paris<\/a><\/p>\n<p>Dans ce mus\u00e9e, tu verras des reproductions en cire de personnages c\u00e9l\u00e8bres du monde entier ! <img loading=\"lazy\" decoding=\"async\" class=\"aligncenter\" src=\"https:\/\/etab.ac-reunion.fr\/clg-la-chatoire\/wp-content\/uploads\/sites\/131\/2020\/04\/gr\u00e9vin.jpg\" alt=\"L\u2019attribut alt de cette image est vide, son nom de fichier est gr\u00e9vin.jpg.\" width=\"225\" height=\"150\"><\/p>\n<p>Dans \u00ab\u00a0Le Palais des Mirages\u00a0\u00bb, tu pourras croiser <a href=\"https:\/\/fr.vikidia.org\/wiki\/Charlie_Chaplin\" target=\"_blank\" rel=\"noopener noreferrer\">Charlie Chaplin<\/a> ou <a href=\"https:\/\/fr.vikidia.org\/wiki\/Marilyn_Monroe\" target=\"_blank\" rel=\"noopener noreferrer\">Marylin Monroe<\/a> , dans \u00ab\u00a0Les musiciens\u00a0\u00bb, tu verras le c\u00e9l\u00e8bre <a href=\"https:\/\/fr.vikidia.org\/wiki\/Louis_Armstrong\" target=\"_blank\" rel=\"noopener noreferrer\">Louis Amstrong<\/a>, tu connais certainement sa chanson \u00a0\u00bb <a href=\"https:\/\/www.youtube.com\/watch?v=ddLd0QRf7Vg\" target=\"_blank\" rel=\"noopener noreferrer\">What a wonderful world<\/a> , et aussi la c\u00e9l\u00e8bre <a href=\"https:\/\/fr.wikipedia.org\/wiki\/%C3%89dith_Piaf\" target=\"_blank\" rel=\"noopener noreferrer\">Edith Piaf<\/a> et sa chanson <a href=\"https:\/\/www.youtube.com\/watch?v=xskM54vC_IA\" target=\"_blank\" rel=\"noopener noreferrer\">La vie en rose<\/a> (en version The Voicekids)&nbsp; et pour les sportifs, il y a l&rsquo;espace \u00a0\u00bb Les Champions\u00a0\u00bb, tu verras <a href=\"https:\/\/fr.vikidia.org\/wiki\/Tony_Parker\" target=\"_blank\" rel=\"noopener noreferrer\">Tony Parker<\/a>, <a href=\"https:\/\/www.google.com\/search?client=firefox-b-d&amp;q=Pel%C3%A9+vikidia\" target=\"_blank\" rel=\"noopener noreferrer\">P\u00e9l\u00e9<\/a>&#8230;<\/p>\n<p>Et plein d&rsquo;autres personnages c\u00e9l\u00e8bres ! <a href=\"http:\/\/www.timographie360.fr\/wp-content\/panoramiques\/visites-virtuelles\/realisations\/musee-grevin\/index.html\" target=\"_blank\" rel=\"noopener noreferrer\">Le mus\u00e9e Gr\u00e9vin \u00e0 Paris<\/a><\/p>\n<p><strong>Et, puis pour s&rsquo;\u00e9vader, rien de tel qu&rsquo;un peu de lecture !<\/strong>&nbsp; ! Pars \u00e0 l&rsquo;aventure \u00e0 bord d&rsquo;un bateau \u00e0 roue dans le Sud des Etats-Unis du 19\u00e8me si\u00e8cle avec le c\u00e9l\u00e8bre <a href=\"https:\/\/gallica.bnf.fr\/blog\/18012018\/150-epub-gallica-selectionnes-par-le-ministere-de-leducation-nationale?mode=desktop\" target=\"_blank\" rel=\"noopener noreferrer\">Tom Sawyer<\/a> de Marc Twain ! Lecture en ligne sur Gallica.<\/p>\n<p><img loading=\"lazy\" decoding=\"async\" class=\"aligncenter\" src=\"https:\/\/etab.ac-reunion.fr\/clg-la-chatoire\/wp-content\/uploads\/sites\/131\/2020\/04\/Tom.jpg\" alt=\"L\u2019attribut alt de cette image est vide, son nom de fichier est Tom.jpg.\" width=\"142\" height=\"231\"><\/p>\n<p>Et, si tu pr\u00e9f\u00e8res qu&rsquo;on te lise cette histoire, c&rsquo;est possible avec France Culture !<a href=\"https:\/\/www.franceculture.fr\/emissions\/archives-des-fictions-de-france-culture\/les-aventures-de-tom-sawyer-14\" target=\"_blank\" rel=\"noopener noreferrer\">&nbsp;Les aventures de Tom Sawyer en audio livre <\/a><\/p>\n<p>A bient\u00f4t pour une nouvelle s\u00e9lection ! En attendant, reste bien chez toi !<\/p>\n","protected":false},"excerpt":{"rendered":"<p>Eh, oui, rester \u00e0 la maison est peut-\u00eatre synonyme d&rsquo;ennui pour nos jeunes confin\u00e9(es)&#8230;Alors, au lieu de tourner en rond, de se chamailler avec ses fr\u00e8res et s\u0153urs et de mettre les nerfs de vos parents en pelote, voil\u00e0 quelques id\u00e9es pour d\u00e9compresser apr\u00e8s l&rsquo;\u00e9cole en ligne &#8230; Des recettes&#8230;<\/p>\n<p> <a class=\"continue-reading-link\" href=\"https:\/\/etab.ac-reunion.fr\/clg-la-chatoire\/des-idees-pour-se-cultiver-et-samuser-chez-soi\/\"><span>Lire l&rsquo;Article<\/span><i class=\"crycon-right-dir\"><\/i><\/a> <\/p>\n","protected":false},"author":18560,"featured_media":0,"comment_status":"closed","ping_status":"closed","sticky":false,"template":"","format":"standard","meta":{"footnotes":""},"categories":[4,7],"tags":[],"class_list":["post-3598","post","type-post","status-publish","format-standard","hentry","category-actualites","category-cdi"],"_links":{"self":[{"href":"https:\/\/etab.ac-reunion.fr\/clg-la-chatoire\/wp-json\/wp\/v2\/posts\/3598","targetHints":{"allow":["GET"]}}],"collection":[{"href":"https:\/\/etab.ac-reunion.fr\/clg-la-chatoire\/wp-json\/wp\/v2\/posts"}],"about":[{"href":"https:\/\/etab.ac-reunion.fr\/clg-la-chatoire\/wp-json\/wp\/v2\/types\/post"}],"author":[{"embeddable":true,"href":"https:\/\/etab.ac-reunion.fr\/clg-la-chatoire\/wp-json\/wp\/v2\/users\/18560"}],"replies":[{"embeddable":true,"href":"https:\/\/etab.ac-reunion.fr\/clg-la-chatoire\/wp-json\/wp\/v2\/comments?post=3598"}],"version-history":[{"count":6,"href":"https:\/\/etab.ac-reunion.fr\/clg-la-chatoire\/wp-json\/wp\/v2\/posts\/3598\/revisions"}],"predecessor-version":[{"id":3625,"href":"https:\/\/etab.ac-reunion.fr\/clg-la-chatoire\/wp-json\/wp\/v2\/posts\/3598\/revisions\/3625"}],"wp:attachment":[{"href":"https:\/\/etab.ac-reunion.fr\/clg-la-chatoire\/wp-json\/wp\/v2\/media?parent=3598"}],"wp:term":[{"taxonomy":"category","embeddable":true,"href":"https:\/\/etab.ac-reunion.fr\/clg-la-chatoire\/wp-json\/wp\/v2\/categories?post=3598"},{"taxonomy":"post_tag","embeddable":true,"href":"https:\/\/etab.ac-reunion.fr\/clg-la-chatoire\/wp-json\/wp\/v2\/tags?post=3598"}],"curies":[{"name":"wp","href":"https:\/\/api.w.org\/{rel}","templated":true}]}}