{"id":3723,"date":"2020-04-29T11:12:48","date_gmt":"2020-04-29T07:12:48","guid":{"rendered":"http:\/\/college-lachatoire.ac-reunion.fr\/?p=3723"},"modified":"2021-04-23T07:59:41","modified_gmt":"2021-04-23T03:59:41","slug":"nouveaux-defis-dessin","status":"publish","type":"post","link":"https:\/\/etab.ac-reunion.fr\/clg-la-chatoire\/nouveaux-defis-dessin\/","title":{"rendered":"NOUVEAUX D\u00c9FIS DESSIN"},"content":{"rendered":"\n<div class=\"wp-block-cover has-background-dim\" style=\"background-image:url(https:\/\/etab.ac-reunion.fr\/clg-la-chatoire\/wp-content\/uploads\/sites\/131\/2020\/04\/image.png)\"><div class=\"wp-block-cover__inner-container is-layout-flow wp-block-cover-is-layout-flow\">\n<p>Exemples de  d\u00e9fis \u00e0 retrouver sur le lien  : <a class=\"\" href=\"https:\/\/defidessineducatio.wixsite.com\/defidessin\">https:\/\/defidessineducatio.wixsite.com\/defidessin<\/a>  <\/p>\n\n\n\n<p>\u00ab\u00a0<strong>Un dessin qui pique\u00a0\u00bb<br>\u00ab\u00a0Un dessin sans fin\u00a0\u00bb<br>\u00ab\u00a0Un dessin fait dans le noir\u00a0\u00bb<br>\u00ab\u00a0Un dessin de ce que voit un insecte\u00a0\u00bb d\u00e9fi 13<br>\u00ab\u00a0Un dessin d\u2019un dessin<\/strong>\u00ab\u00a0<\/p>\n<\/div><\/div>\n\n\n\n<p><strong><br><\/strong><\/p>\n\n\n\n<p>Tu veux t&rsquo;a\u00e9rer l&rsquo;esprit de mani\u00e8re ludique et participer au d\u00e9fi national? <\/p>\n\n\n\n<p>Chaque jour (ou presque, c\u2019est \u00e0 chacun de voir), il est possible de dessiner pour montrer ton univers, a\u00e9rer ton imagination, t\u2019\u00e9tonner toi-m\u00eame et les autres aussi\u2009! <\/p>\n\n\n\n<p><strong>Un peu comme un entra\u00eenement artistique et un rendez-vous r\u00e9gulier avec la sensibilit\u00e9. Et nul besoin d\u2019\u00eatre dou\u00e9\u2009!&nbsp;<\/strong><\/p>\n\n\n\n<p><br><strong>R\u00c8GLE DU JEU : <\/strong><\/p>\n\n\n\n<p><strong>Pas d\u2019obligation, mais quelques r\u00e8gles du jeu<\/strong>\u2026 tout de m\u00eame&nbsp;:<\/p>\n\n\n\n<p><\/p>\n\n\n\n<p class=\"has-large-font-size\"><\/p>\n\n\n\n<p>&#8211; une dur\u00e9e&nbsp;: <strong>15 minutes maximum <\/strong>(ou presque\u2026)\u2009;<\/p>\n\n\n\n<p>&#8211; Proposition 1 : <strong>Un dessin d&rsquo;une seule ligne<\/strong>. <\/p>\n\n\n\n<p class=\"has-normal-font-size\"><strong>Outils<\/strong> :  crayon ou stylo. <\/p>\n\n\n\n<p><strong>Support<\/strong> :  papier de format libre . <\/p>\n\n\n\n<p><strong>Temps<\/strong> :  15 min maxi <\/p>\n\n\n\n<h2 class=\"wp-block-heading\">Comment et o\u00f9 l&rsquo;envoyer?<\/h2>\n\n\n\n<p>Chacun peut, s\u2019il le souhaite, collectionner ses dessins, en faire un album, une mini exposition, les partager avec ses amis, pour les \u00e9l\u00e8ves les rapporter le moment venu en classe.&nbsp;<br><strong>Il suffit d\u2019entrer dans le site en ligne,<\/strong> avec une tablette, un smartphone ou un ordinateur et de cliquer sur l\u2019une des vignettes qui sont propos\u00e9es pour d\u00e9couvrir un&nbsp;<em>D\u00c9FIDESSIN&nbsp;<\/em>:<\/p>\n\n\n\n<p>&nbsp;<a class=\"\" href=\"https:\/\/defidessineducatio.wixsite.com\/defidessin\">https:\/\/defidessineducatio.wixsite.com\/defidessin<\/a><\/p>\n\n\n\n<p>Il est possible de d\u00e9poser une photographie de son dessin sur un site Instagram&nbsp;:&nbsp;<a class=\"\" href=\"https:\/\/www.instagram.com\/defidessin\/\">https:\/\/www.instagram.com\/defidessin\/<\/a><\/p>\n\n\n\n<h2 class=\"has-vivid-red-color has-text-color wp-block-heading\">Alors \u00e0 vos crayons \ud83d\ude09 <\/h2>\n\n\n\n<p>Tu peux aussi  envoyer tes dessins ton professeur d&rsquo;arts plastiques , Mr Wanty ou Mme Juhel sur pronote en leur pr\u00e9cisant de quel d\u00e9fi il s&rsquo;agit et en renommant ton fichier avec ton Nom Pr\u00e9nom et classe. <\/p>\n\n\n\n<p><\/p>\n","protected":false},"excerpt":{"rendered":"<p>Tu veux t&rsquo;a\u00e9rer l&rsquo;esprit de mani\u00e8re ludique et participer au d\u00e9fi national? Chaque jour (ou presque, c\u2019est \u00e0 chacun de voir), il est possible de dessiner pour montrer ton univers, a\u00e9rer ton imagination, t\u2019\u00e9tonner toi-m\u00eame et les autres aussi\u2009! Un peu comme un entra\u00eenement artistique et un rendez-vous r\u00e9gulier avec&#8230;<\/p>\n<p> <a class=\"continue-reading-link\" href=\"https:\/\/etab.ac-reunion.fr\/clg-la-chatoire\/nouveaux-defis-dessin\/\"><span>Lire l&rsquo;Article<\/span><i class=\"crycon-right-dir\"><\/i><\/a> <\/p>\n","protected":false},"author":13469,"featured_media":0,"comment_status":"closed","ping_status":"closed","sticky":false,"template":"","format":"standard","meta":{"footnotes":""},"categories":[4,95],"tags":[],"class_list":["post-3723","post","type-post","status-publish","format-standard","hentry","category-actualites","category-evenements"],"_links":{"self":[{"href":"https:\/\/etab.ac-reunion.fr\/clg-la-chatoire\/wp-json\/wp\/v2\/posts\/3723","targetHints":{"allow":["GET"]}}],"collection":[{"href":"https:\/\/etab.ac-reunion.fr\/clg-la-chatoire\/wp-json\/wp\/v2\/posts"}],"about":[{"href":"https:\/\/etab.ac-reunion.fr\/clg-la-chatoire\/wp-json\/wp\/v2\/types\/post"}],"author":[{"embeddable":true,"href":"https:\/\/etab.ac-reunion.fr\/clg-la-chatoire\/wp-json\/wp\/v2\/users\/13469"}],"replies":[{"embeddable":true,"href":"https:\/\/etab.ac-reunion.fr\/clg-la-chatoire\/wp-json\/wp\/v2\/comments?post=3723"}],"version-history":[{"count":10,"href":"https:\/\/etab.ac-reunion.fr\/clg-la-chatoire\/wp-json\/wp\/v2\/posts\/3723\/revisions"}],"predecessor-version":[{"id":3746,"href":"https:\/\/etab.ac-reunion.fr\/clg-la-chatoire\/wp-json\/wp\/v2\/posts\/3723\/revisions\/3746"}],"wp:attachment":[{"href":"https:\/\/etab.ac-reunion.fr\/clg-la-chatoire\/wp-json\/wp\/v2\/media?parent=3723"}],"wp:term":[{"taxonomy":"category","embeddable":true,"href":"https:\/\/etab.ac-reunion.fr\/clg-la-chatoire\/wp-json\/wp\/v2\/categories?post=3723"},{"taxonomy":"post_tag","embeddable":true,"href":"https:\/\/etab.ac-reunion.fr\/clg-la-chatoire\/wp-json\/wp\/v2\/tags?post=3723"}],"curies":[{"name":"wp","href":"https:\/\/api.w.org\/{rel}","templated":true}]}}