{"id":4130,"date":"2021-03-04T07:58:16","date_gmt":"2021-03-04T03:58:16","guid":{"rendered":"http:\/\/college-lachatoire.ac-reunion.fr\/?p=4130"},"modified":"2021-04-23T07:46:36","modified_gmt":"2021-04-23T03:46:36","slug":"quand-lhistoire-sinvite-au-college","status":"publish","type":"post","link":"https:\/\/etab.ac-reunion.fr\/clg-la-chatoire\/quand-lhistoire-sinvite-au-college\/","title":{"rendered":"Quand l&rsquo;Histoire s&rsquo;invite au coll\u00e8ge &#8230;"},"content":{"rendered":"\n<figure class=\"wp-block-gallery aligncenter columns-1 is-cropped wp-block-gallery-1 is-layout-flex wp-block-gallery-is-layout-flex\"><ul class=\"blocks-gallery-grid\"><li class=\"blocks-gallery-item\"><figure><img loading=\"lazy\" decoding=\"async\" width=\"1024\" height=\"768\" src=\"https:\/\/etab.ac-reunion.fr\/clg-la-chatoire\/wp-content\/uploads\/sites\/131\/2021\/03\/attach-1024x768.jpg\" alt=\"\" data-id=\"4131\" data-full-url=\"https:\/\/etab.ac-reunion.fr\/clg-la-chatoire\/wp-content\/uploads\/sites\/131\/2021\/03\/attach-scaled.jpg\" data-link=\"https:\/\/etab.ac-reunion.fr\/clg-la-chatoire\/?attachment_id=4131\" class=\"wp-image-4131\" srcset=\"https:\/\/etab.ac-reunion.fr\/clg-la-chatoire\/wp-content\/uploads\/sites\/131\/2021\/03\/attach-1024x768.jpg 1024w, https:\/\/etab.ac-reunion.fr\/clg-la-chatoire\/wp-content\/uploads\/sites\/131\/2021\/03\/attach-300x225.jpg 300w, https:\/\/etab.ac-reunion.fr\/clg-la-chatoire\/wp-content\/uploads\/sites\/131\/2021\/03\/attach-768x576.jpg 768w, https:\/\/etab.ac-reunion.fr\/clg-la-chatoire\/wp-content\/uploads\/sites\/131\/2021\/03\/attach-1536x1152.jpg 1536w, https:\/\/etab.ac-reunion.fr\/clg-la-chatoire\/wp-content\/uploads\/sites\/131\/2021\/03\/attach-2048x1536.jpg 2048w, https:\/\/etab.ac-reunion.fr\/clg-la-chatoire\/wp-content\/uploads\/sites\/131\/2021\/03\/attach-150x113.jpg 150w\" sizes=\"auto, (max-width: 1024px) 100vw, 1024px\" \/><\/figure><\/li><\/ul><\/figure>\n\n\n\n<p>Ce mercredi 24 f\u00e9vrier, monsieur LE PIMPEC de l\u2019association \u00ab\u00a0Mi aim mon\u00a0 mus\u00e9e\u00a0\u00bb\u00a0\u00a0 est venu faire des pr\u00e9sentations sur la 2<sup>nde<\/sup> Guerre mondiale et a expos\u00e9 du mat\u00e9riel historique aux \u00e9l\u00e8ves des classes de 3<sup>\u00e8me<\/sup>.<\/p>\n\n\n\n<p>Apr\u00e8s leur avoir rappel\u00e9 que <strong>la<\/strong> <strong>violence est la force des faibles<\/strong>, monsieur LE PIMPEC leur a pr\u00e9sent\u00e9 un diaporama tr\u00e8s document\u00e9 sur la 2<sup>nde<\/sup> Guerre mondiale, le nazisme et ses symboles, la France sous l\u2019occupation, la collaboration et la R\u00e9sistance, la Shoah, le d\u00e9barquement en Normandie, la participation de 200 R\u00e9unionnais dont 50 femmes, \u2026&nbsp; Ses propos \u00e9taient illustr\u00e9s d\u2019objets d\u2019\u00e9poques, armes neutralis\u00e9es, tenues, casques, \u2026 que nos \u00e9l\u00e8ves ont pu d\u00e9couvrir.<\/p>\n\n\n\n<p>A quelques jours du brevet blanc, ce fut une s\u00e9ance de r\u00e9vision interactive appr\u00e9ci\u00e9e de nos \u00e9l\u00e8ves.<\/p>\n\n\n\n<div class=\"wp-block-image\"><figure class=\"aligncenter size-large is-resized\"><img loading=\"lazy\" decoding=\"async\" src=\"https:\/\/etab.ac-reunion.fr\/clg-la-chatoire\/wp-content\/uploads\/sites\/131\/2021\/03\/attach-2-768x1024.jpg\" alt=\"\" class=\"wp-image-4133\" width=\"387\" height=\"516\" srcset=\"https:\/\/etab.ac-reunion.fr\/clg-la-chatoire\/wp-content\/uploads\/sites\/131\/2021\/03\/attach-2-768x1024.jpg 768w, https:\/\/etab.ac-reunion.fr\/clg-la-chatoire\/wp-content\/uploads\/sites\/131\/2021\/03\/attach-2-225x300.jpg 225w, https:\/\/etab.ac-reunion.fr\/clg-la-chatoire\/wp-content\/uploads\/sites\/131\/2021\/03\/attach-2-1152x1536.jpg 1152w, https:\/\/etab.ac-reunion.fr\/clg-la-chatoire\/wp-content\/uploads\/sites\/131\/2021\/03\/attach-2-1536x2048.jpg 1536w, https:\/\/etab.ac-reunion.fr\/clg-la-chatoire\/wp-content\/uploads\/sites\/131\/2021\/03\/attach-2-113x150.jpg 113w, https:\/\/etab.ac-reunion.fr\/clg-la-chatoire\/wp-content\/uploads\/sites\/131\/2021\/03\/attach-2-scaled.jpg 1920w\" sizes=\"auto, (max-width: 387px) 100vw, 387px\" \/><\/figure><\/div>\n\n\n\n<p><strong><u>Quelques r\u00e9actions d\u2019\u00e9l\u00e8ves de 305&nbsp;:<\/u><\/strong><\/p>\n\n\n\n<p>\u00ab&nbsp;Mercredi dernier nous avons d\u00e9couvert les armes de la 2<sup>nde<\/sup> Guerre mondiale. C\u2019\u00e9tait tr\u00e8s bien, nous avons revu pourquoi Hitler avait d\u00e9cid\u00e9 de lancer une guerre. Pendant quelques instants, j\u2019ai cru avoir v\u00e9cu la guerre&nbsp;! Nous avons pu prendre des photos des objets. J\u2019ai bien aim\u00e9 et j\u2019esp\u00e8re revivre cette exp\u00e9rience incroyable un jour&nbsp;\u00bb Maxime<\/p>\n\n\n\n<p>\u00ab&nbsp;J\u2019ai bien aim\u00e9 son intervention, car il nous a montr\u00e9 quelques armes et des objets que les soldats utilisaient pendant la 2<sup>nde<\/sup> Guerre, comme les casques, \u00e0 quoi ressemblait leur gourde\u2026 Il expliquait tr\u00e8s bien.&nbsp;\u00bb Alexie<\/p>\n\n\n\n<p>\u00ab&nbsp;J\u2019ai ador\u00e9 quand on a vu les armes, quand il nous a racont\u00e9 ce qui s\u2019est pass\u00e9. Le monsieur expliquait tr\u00e8s bien.&nbsp;\u00bb Mhoudhoir<\/p>\n\n\n\n<p>\u00abL&nbsp;\u2018intervention de mercredi \u00e9tait sympa car \u00e7a m\u2019a parmi de r\u00e9viser un peu puis il a commenc\u00e9 \u00e0 parler des armes, il nous a laiss\u00e9 voir, il y avait les \u00e9quipements pour les soldats, il nous a montr\u00e9 les casques fran\u00e7ais, am\u00e9ricains, allemands. Personnellement, la partie que j\u2019ai le plus aim\u00e9 c\u2019est quand on a vu les armes (Sten, \u2026). On a vu des armes semi-automatiques, des armes \u00e0 rafale et des armes automatiques qui tiraient plus de 1200 balles \u00e0 la minute&nbsp;!&nbsp;\u00bb. Dany<\/p>\n\n\n\n<p>A noter\u00a0: l\u2019association \u00abMi aim mon mus\u00e9e\u00a0\u00bb \u0153uvre pour la cr\u00e9ation du \u00ab\u00a0mus\u00e9e des v\u00e9t\u00e9rans\u00a0\u00bb \u00e0 Bois-Court. \u00bb (site\u00a0: <a href=\"http:\/\/www.veterans@laposte.net\">www.veterans@laposte.net<\/a>)<\/p>\n\n\n\n<figure class=\"wp-block-gallery aligncenter columns-1 is-cropped wp-block-gallery-2 is-layout-flex wp-block-gallery-is-layout-flex\"><ul class=\"blocks-gallery-grid\"><li class=\"blocks-gallery-item\"><figure><img loading=\"lazy\" decoding=\"async\" width=\"768\" height=\"1024\" src=\"https:\/\/etab.ac-reunion.fr\/clg-la-chatoire\/wp-content\/uploads\/sites\/131\/2021\/03\/attach-1-2-768x1024.jpg\" alt=\"\" data-id=\"4135\" data-full-url=\"https:\/\/etab.ac-reunion.fr\/clg-la-chatoire\/wp-content\/uploads\/sites\/131\/2021\/03\/attach-1-2-scaled.jpg\" data-link=\"https:\/\/etab.ac-reunion.fr\/clg-la-chatoire\/?attachment_id=4135\" class=\"wp-image-4135\" srcset=\"https:\/\/etab.ac-reunion.fr\/clg-la-chatoire\/wp-content\/uploads\/sites\/131\/2021\/03\/attach-1-2-768x1024.jpg 768w, https:\/\/etab.ac-reunion.fr\/clg-la-chatoire\/wp-content\/uploads\/sites\/131\/2021\/03\/attach-1-2-225x300.jpg 225w, https:\/\/etab.ac-reunion.fr\/clg-la-chatoire\/wp-content\/uploads\/sites\/131\/2021\/03\/attach-1-2-1152x1536.jpg 1152w, https:\/\/etab.ac-reunion.fr\/clg-la-chatoire\/wp-content\/uploads\/sites\/131\/2021\/03\/attach-1-2-1536x2048.jpg 1536w, https:\/\/etab.ac-reunion.fr\/clg-la-chatoire\/wp-content\/uploads\/sites\/131\/2021\/03\/attach-1-2-113x150.jpg 113w, https:\/\/etab.ac-reunion.fr\/clg-la-chatoire\/wp-content\/uploads\/sites\/131\/2021\/03\/attach-1-2-scaled.jpg 1920w\" sizes=\"auto, (max-width: 768px) 100vw, 768px\" \/><\/figure><\/li><\/ul><\/figure>\n","protected":false},"excerpt":{"rendered":"<p>Ce mercredi 24 f\u00e9vrier, monsieur LE PIMPEC de l\u2019association \u00ab\u00a0Mi aim mon\u00a0 mus\u00e9e\u00a0\u00bb\u00a0\u00a0 est venu faire des pr\u00e9sentations sur la 2nde Guerre mondiale et a expos\u00e9 du mat\u00e9riel historique aux \u00e9l\u00e8ves des classes de 3\u00e8me. Apr\u00e8s leur avoir rappel\u00e9 que la violence est la force des faibles, monsieur LE PIMPEC&#8230;<\/p>\n<p> <a class=\"continue-reading-link\" href=\"https:\/\/etab.ac-reunion.fr\/clg-la-chatoire\/quand-lhistoire-sinvite-au-college\/\"><span>Lire l&rsquo;Article<\/span><i class=\"crycon-right-dir\"><\/i><\/a> <\/p>\n","protected":false},"author":19408,"featured_media":0,"comment_status":"closed","ping_status":"closed","sticky":false,"template":"","format":"standard","meta":{"footnotes":""},"categories":[4,95],"tags":[],"class_list":["post-4130","post","type-post","status-publish","format-standard","hentry","category-actualites","category-evenements"],"_links":{"self":[{"href":"https:\/\/etab.ac-reunion.fr\/clg-la-chatoire\/wp-json\/wp\/v2\/posts\/4130","targetHints":{"allow":["GET"]}}],"collection":[{"href":"https:\/\/etab.ac-reunion.fr\/clg-la-chatoire\/wp-json\/wp\/v2\/posts"}],"about":[{"href":"https:\/\/etab.ac-reunion.fr\/clg-la-chatoire\/wp-json\/wp\/v2\/types\/post"}],"author":[{"embeddable":true,"href":"https:\/\/etab.ac-reunion.fr\/clg-la-chatoire\/wp-json\/wp\/v2\/users\/19408"}],"replies":[{"embeddable":true,"href":"https:\/\/etab.ac-reunion.fr\/clg-la-chatoire\/wp-json\/wp\/v2\/comments?post=4130"}],"version-history":[{"count":1,"href":"https:\/\/etab.ac-reunion.fr\/clg-la-chatoire\/wp-json\/wp\/v2\/posts\/4130\/revisions"}],"predecessor-version":[{"id":4136,"href":"https:\/\/etab.ac-reunion.fr\/clg-la-chatoire\/wp-json\/wp\/v2\/posts\/4130\/revisions\/4136"}],"wp:attachment":[{"href":"https:\/\/etab.ac-reunion.fr\/clg-la-chatoire\/wp-json\/wp\/v2\/media?parent=4130"}],"wp:term":[{"taxonomy":"category","embeddable":true,"href":"https:\/\/etab.ac-reunion.fr\/clg-la-chatoire\/wp-json\/wp\/v2\/categories?post=4130"},{"taxonomy":"post_tag","embeddable":true,"href":"https:\/\/etab.ac-reunion.fr\/clg-la-chatoire\/wp-json\/wp\/v2\/tags?post=4130"}],"curies":[{"name":"wp","href":"https:\/\/api.w.org\/{rel}","templated":true}]}}