{"id":4331,"date":"2021-04-27T13:17:17","date_gmt":"2021-04-27T09:17:17","guid":{"rendered":"http:\/\/college-lachatoire.ac-reunion.fr\/?p=4331"},"modified":"2021-04-27T15:37:44","modified_gmt":"2021-04-27T11:37:44","slug":"semaine-des-langues","status":"publish","type":"post","link":"https:\/\/etab.ac-reunion.fr\/clg-la-chatoire\/semaine-des-langues\/","title":{"rendered":"Semaine des langues"},"content":{"rendered":"\n<p>Les langues ont \u00e9t\u00e9 mises \u00e0 l\u2019honneur la semaine du <span style=\"text-decoration: underline\">12 au 17 avril 2021<\/span> avec divers projets et activit\u00e9s men\u00e9s au sein des classes ou dans l\u2019\u00e9tablissement.<\/p>\n\n\n\n<div class=\"wp-block-image is-style-rounded\"><figure class=\"aligncenter size-large is-resized\"><img loading=\"lazy\" decoding=\"async\" src=\"https:\/\/etab.ac-reunion.fr\/clg-la-chatoire\/wp-content\/uploads\/sites\/131\/2021\/04\/Semana-de-las-lenguas_cartel-2021-1-724x1024.png\" alt=\"\" class=\"wp-image-4348\" width=\"181\" height=\"256\" srcset=\"https:\/\/etab.ac-reunion.fr\/clg-la-chatoire\/wp-content\/uploads\/sites\/131\/2021\/04\/Semana-de-las-lenguas_cartel-2021-1-724x1024.png 724w, https:\/\/etab.ac-reunion.fr\/clg-la-chatoire\/wp-content\/uploads\/sites\/131\/2021\/04\/Semana-de-las-lenguas_cartel-2021-1-212x300.png 212w, https:\/\/etab.ac-reunion.fr\/clg-la-chatoire\/wp-content\/uploads\/sites\/131\/2021\/04\/Semana-de-las-lenguas_cartel-2021-1-768x1086.png 768w, https:\/\/etab.ac-reunion.fr\/clg-la-chatoire\/wp-content\/uploads\/sites\/131\/2021\/04\/Semana-de-las-lenguas_cartel-2021-1-1086x1536.png 1086w, https:\/\/etab.ac-reunion.fr\/clg-la-chatoire\/wp-content\/uploads\/sites\/131\/2021\/04\/Semana-de-las-lenguas_cartel-2021-1-1448x2048.png 1448w, https:\/\/etab.ac-reunion.fr\/clg-la-chatoire\/wp-content\/uploads\/sites\/131\/2021\/04\/Semana-de-las-lenguas_cartel-2021-1-106x150.png 106w, https:\/\/etab.ac-reunion.fr\/clg-la-chatoire\/wp-content\/uploads\/sites\/131\/2021\/04\/Semana-de-las-lenguas_cartel-2021-1.png 1587w\" sizes=\"auto, (max-width: 181px) 100vw, 181px\" \/><\/figure><\/div>\n\n\n\n<p>En anglais, les <strong>affiches<\/strong> des \u00e9l\u00e8ves de 3e sur le th\u00e8me de la <span class=\"has-inline-color has-vivid-cyan-blue-color\"><a rel=\"noreferrer noopener\" href=\"https:\/\/padlet.com\/senorapayet\/auqenk51n3ivqrcs\" target=\"_blank\">protection de l\u2019environnement<\/a><\/span> ont d\u00e9cor\u00e9 le CDI tout au long de la semaine. <\/p>\n\n\n\n<figure class=\"wp-block-gallery columns-2 is-cropped wp-block-gallery-1 is-layout-flex wp-block-gallery-is-layout-flex\"><ul class=\"blocks-gallery-grid\"><li class=\"blocks-gallery-item\"><figure><img loading=\"lazy\" decoding=\"async\" width=\"1024\" height=\"768\" src=\"https:\/\/etab.ac-reunion.fr\/clg-la-chatoire\/wp-content\/uploads\/sites\/131\/2021\/04\/IMG_6400-1024x768.jpg\" alt=\"\" data-id=\"4332\" data-link=\"https:\/\/etab.ac-reunion.fr\/clg-la-chatoire\/?attachment_id=4332\" class=\"wp-image-4332\" srcset=\"https:\/\/etab.ac-reunion.fr\/clg-la-chatoire\/wp-content\/uploads\/sites\/131\/2021\/04\/IMG_6400-1024x768.jpg 1024w, https:\/\/etab.ac-reunion.fr\/clg-la-chatoire\/wp-content\/uploads\/sites\/131\/2021\/04\/IMG_6400-300x225.jpg 300w, https:\/\/etab.ac-reunion.fr\/clg-la-chatoire\/wp-content\/uploads\/sites\/131\/2021\/04\/IMG_6400-768x576.jpg 768w, https:\/\/etab.ac-reunion.fr\/clg-la-chatoire\/wp-content\/uploads\/sites\/131\/2021\/04\/IMG_6400-1536x1152.jpg 1536w, https:\/\/etab.ac-reunion.fr\/clg-la-chatoire\/wp-content\/uploads\/sites\/131\/2021\/04\/IMG_6400-2048x1536.jpg 2048w, https:\/\/etab.ac-reunion.fr\/clg-la-chatoire\/wp-content\/uploads\/sites\/131\/2021\/04\/IMG_6400-150x113.jpg 150w\" sizes=\"auto, (max-width: 1024px) 100vw, 1024px\" \/><\/figure><\/li><li class=\"blocks-gallery-item\"><figure><img loading=\"lazy\" decoding=\"async\" width=\"1024\" height=\"768\" src=\"https:\/\/etab.ac-reunion.fr\/clg-la-chatoire\/wp-content\/uploads\/sites\/131\/2021\/04\/IMG_6423-1024x768.jpg\" alt=\"\" data-id=\"4333\" data-full-url=\"https:\/\/etab.ac-reunion.fr\/clg-la-chatoire\/wp-content\/uploads\/sites\/131\/2021\/04\/IMG_6423-scaled.jpg\" data-link=\"https:\/\/etab.ac-reunion.fr\/clg-la-chatoire\/?attachment_id=4333\" class=\"wp-image-4333\" srcset=\"https:\/\/etab.ac-reunion.fr\/clg-la-chatoire\/wp-content\/uploads\/sites\/131\/2021\/04\/IMG_6423-1024x768.jpg 1024w, https:\/\/etab.ac-reunion.fr\/clg-la-chatoire\/wp-content\/uploads\/sites\/131\/2021\/04\/IMG_6423-300x225.jpg 300w, https:\/\/etab.ac-reunion.fr\/clg-la-chatoire\/wp-content\/uploads\/sites\/131\/2021\/04\/IMG_6423-768x576.jpg 768w, https:\/\/etab.ac-reunion.fr\/clg-la-chatoire\/wp-content\/uploads\/sites\/131\/2021\/04\/IMG_6423-1536x1152.jpg 1536w, https:\/\/etab.ac-reunion.fr\/clg-la-chatoire\/wp-content\/uploads\/sites\/131\/2021\/04\/IMG_6423-2048x1536.jpg 2048w, https:\/\/etab.ac-reunion.fr\/clg-la-chatoire\/wp-content\/uploads\/sites\/131\/2021\/04\/IMG_6423-150x113.jpg 150w\" sizes=\"auto, (max-width: 1024px) 100vw, 1024px\" \/><\/figure><\/li><\/ul><\/figure>\n\n\n\n<p>Les \u00e9l\u00e8ves de 4e LCE espagnol ont compl\u00e9t\u00e9 une <strong>carte du monde interactive<\/strong> qui met en avant <a rel=\"noreferrer noopener\" href=\"https:\/\/padlet.com\/senorapayet\/1c7ycqj119k92apm\" target=\"_blank\">l\u2019art \u00e0 travers l\u2019architecture<\/a>. <\/p>\n\n\n\n<p>Des \u00e9l\u00e8ves de 5e ont plong\u00e9 dans l\u2019univers haut en couleurs des traditions mexicaines \u00e0 travers le <strong>film \u00ab\u00a0Coco\u00a0\u00bb<\/strong> en espagnol.<\/p>\n\n\n\n<div class=\"wp-block-image is-style-rounded\"><figure class=\"aligncenter size-large is-resized\"><img loading=\"lazy\" decoding=\"async\" src=\"https:\/\/etab.ac-reunion.fr\/clg-la-chatoire\/wp-content\/uploads\/sites\/131\/2021\/04\/cartel-coco.jpg\" alt=\"\" class=\"wp-image-4334\" width=\"252\" height=\"360\" srcset=\"https:\/\/etab.ac-reunion.fr\/clg-la-chatoire\/wp-content\/uploads\/sites\/131\/2021\/04\/cartel-coco.jpg 503w, https:\/\/etab.ac-reunion.fr\/clg-la-chatoire\/wp-content\/uploads\/sites\/131\/2021\/04\/cartel-coco-210x300.jpg 210w, https:\/\/etab.ac-reunion.fr\/clg-la-chatoire\/wp-content\/uploads\/sites\/131\/2021\/04\/cartel-coco-105x150.jpg 105w\" sizes=\"auto, (max-width: 252px) 100vw, 252px\" \/><\/figure><\/div>\n\n\n\n<p>Des \u00e9l\u00e8ves de 4e et de 3e ont particip\u00e9 \u00e0 des activit\u00e9s vari\u00e9es de d\u00e9couverte ou d&rsquo;approfondissement de connaissances sur les langues, les pays, les capitales dans le monde \u00e0 travers des <strong>quiz<\/strong> et des <strong>devinettes<\/strong>.<\/p>\n\n\n\n<p>Ces m\u00eames \u00e9l\u00e8ves ont pu \u00e9galement faire une <strong>initiation \u00e0 la langue arabe<\/strong>. <\/p>\n\n\n\n<figure class=\"wp-block-gallery columns-3 is-cropped wp-block-gallery-2 is-layout-flex wp-block-gallery-is-layout-flex\"><ul class=\"blocks-gallery-grid\"><li class=\"blocks-gallery-item\"><figure><img loading=\"lazy\" decoding=\"async\" width=\"461\" height=\"1024\" src=\"https:\/\/etab.ac-reunion.fr\/clg-la-chatoire\/wp-content\/uploads\/sites\/131\/2021\/04\/1619372559979-461x1024.jpg\" alt=\"\" data-id=\"4335\" data-link=\"https:\/\/etab.ac-reunion.fr\/clg-la-chatoire\/?attachment_id=4335\" class=\"wp-image-4335\" srcset=\"https:\/\/etab.ac-reunion.fr\/clg-la-chatoire\/wp-content\/uploads\/sites\/131\/2021\/04\/1619372559979-461x1024.jpg 461w, https:\/\/etab.ac-reunion.fr\/clg-la-chatoire\/wp-content\/uploads\/sites\/131\/2021\/04\/1619372559979-135x300.jpg 135w, https:\/\/etab.ac-reunion.fr\/clg-la-chatoire\/wp-content\/uploads\/sites\/131\/2021\/04\/1619372559979-68x150.jpg 68w, https:\/\/etab.ac-reunion.fr\/clg-la-chatoire\/wp-content\/uploads\/sites\/131\/2021\/04\/1619372559979.jpg 675w\" sizes=\"auto, (max-width: 461px) 100vw, 461px\" \/><\/figure><\/li><li class=\"blocks-gallery-item\"><figure><img loading=\"lazy\" decoding=\"async\" width=\"530\" height=\"862\" src=\"https:\/\/etab.ac-reunion.fr\/clg-la-chatoire\/wp-content\/uploads\/sites\/131\/2021\/04\/semaine-des-langues-2.jpg\" alt=\"\" data-id=\"4336\" data-link=\"https:\/\/etab.ac-reunion.fr\/clg-la-chatoire\/?attachment_id=4336\" class=\"wp-image-4336\" srcset=\"https:\/\/etab.ac-reunion.fr\/clg-la-chatoire\/wp-content\/uploads\/sites\/131\/2021\/04\/semaine-des-langues-2.jpg 530w, https:\/\/etab.ac-reunion.fr\/clg-la-chatoire\/wp-content\/uploads\/sites\/131\/2021\/04\/semaine-des-langues-2-184x300.jpg 184w, https:\/\/etab.ac-reunion.fr\/clg-la-chatoire\/wp-content\/uploads\/sites\/131\/2021\/04\/semaine-des-langues-2-92x150.jpg 92w\" sizes=\"auto, (max-width: 530px) 100vw, 530px\" \/><\/figure><\/li><li class=\"blocks-gallery-item\"><figure><img loading=\"lazy\" decoding=\"async\" width=\"866\" height=\"1012\" src=\"https:\/\/etab.ac-reunion.fr\/clg-la-chatoire\/wp-content\/uploads\/sites\/131\/2021\/04\/semaine-des-langues-3.jpg\" alt=\"\" data-id=\"4338\" data-full-url=\"https:\/\/etab.ac-reunion.fr\/clg-la-chatoire\/wp-content\/uploads\/sites\/131\/2021\/04\/semaine-des-langues-3.jpg\" data-link=\"https:\/\/etab.ac-reunion.fr\/clg-la-chatoire\/?attachment_id=4338\" class=\"wp-image-4338\" srcset=\"https:\/\/etab.ac-reunion.fr\/clg-la-chatoire\/wp-content\/uploads\/sites\/131\/2021\/04\/semaine-des-langues-3.jpg 866w, https:\/\/etab.ac-reunion.fr\/clg-la-chatoire\/wp-content\/uploads\/sites\/131\/2021\/04\/semaine-des-langues-3-257x300.jpg 257w, https:\/\/etab.ac-reunion.fr\/clg-la-chatoire\/wp-content\/uploads\/sites\/131\/2021\/04\/semaine-des-langues-3-768x897.jpg 768w, https:\/\/etab.ac-reunion.fr\/clg-la-chatoire\/wp-content\/uploads\/sites\/131\/2021\/04\/semaine-des-langues-3-128x150.jpg 128w\" sizes=\"auto, (max-width: 866px) 100vw, 866px\" \/><\/figure><\/li><\/ul><\/figure>\n\n\n\n<p>Un <strong>concours d\u2019affiches<\/strong> ouvert \u00e0 tous les niveaux a r\u00e9compens\u00e9 4 \u00e9l\u00e8ves : <em>HOAREAU \u00c9milie, NASSALAM Gwendoline<\/em> (505), <em>PION Oc\u00e9ane<\/em> et <em>GRONDIN Tabitha<\/em> (305). F\u00e9licitations!<br>On remercie \u00e9galement HOARAU Ma\u00ebl (602), LEBON Noah (507) et FOUCART-RAVELOSON Milo (607) pour leur participation \u00e0 ce concours.<\/p>\n\n\n\n<figure class=\"wp-block-gallery columns-3 is-cropped wp-block-gallery-3 is-layout-flex wp-block-gallery-is-layout-flex\"><ul class=\"blocks-gallery-grid\"><li class=\"blocks-gallery-item\"><figure><img loading=\"lazy\" decoding=\"async\" width=\"712\" height=\"1024\" src=\"https:\/\/etab.ac-reunion.fr\/clg-la-chatoire\/wp-content\/uploads\/sites\/131\/2021\/04\/affiche-1-712x1024.jpg\" alt=\"\" data-id=\"4340\" data-link=\"https:\/\/etab.ac-reunion.fr\/clg-la-chatoire\/?attachment_id=4340\" class=\"wp-image-4340\" srcset=\"https:\/\/etab.ac-reunion.fr\/clg-la-chatoire\/wp-content\/uploads\/sites\/131\/2021\/04\/affiche-1-712x1024.jpg 712w, https:\/\/etab.ac-reunion.fr\/clg-la-chatoire\/wp-content\/uploads\/sites\/131\/2021\/04\/affiche-1-209x300.jpg 209w, https:\/\/etab.ac-reunion.fr\/clg-la-chatoire\/wp-content\/uploads\/sites\/131\/2021\/04\/affiche-1-768x1105.jpg 768w, https:\/\/etab.ac-reunion.fr\/clg-la-chatoire\/wp-content\/uploads\/sites\/131\/2021\/04\/affiche-1-1068x1536.jpg 1068w, https:\/\/etab.ac-reunion.fr\/clg-la-chatoire\/wp-content\/uploads\/sites\/131\/2021\/04\/affiche-1-1424x2048.jpg 1424w, https:\/\/etab.ac-reunion.fr\/clg-la-chatoire\/wp-content\/uploads\/sites\/131\/2021\/04\/affiche-1-104x150.jpg 104w, https:\/\/etab.ac-reunion.fr\/clg-la-chatoire\/wp-content\/uploads\/sites\/131\/2021\/04\/affiche-1-scaled.jpg 1780w\" sizes=\"auto, (max-width: 712px) 100vw, 712px\" \/><\/figure><\/li><li class=\"blocks-gallery-item\"><figure><img loading=\"lazy\" decoding=\"async\" width=\"725\" height=\"1024\" src=\"https:\/\/etab.ac-reunion.fr\/clg-la-chatoire\/wp-content\/uploads\/sites\/131\/2021\/04\/Affiche-2-725x1024.jpg\" alt=\"\" data-id=\"4341\" data-link=\"https:\/\/etab.ac-reunion.fr\/clg-la-chatoire\/?attachment_id=4341\" class=\"wp-image-4341\" srcset=\"https:\/\/etab.ac-reunion.fr\/clg-la-chatoire\/wp-content\/uploads\/sites\/131\/2021\/04\/Affiche-2-725x1024.jpg 725w, https:\/\/etab.ac-reunion.fr\/clg-la-chatoire\/wp-content\/uploads\/sites\/131\/2021\/04\/Affiche-2-212x300.jpg 212w, https:\/\/etab.ac-reunion.fr\/clg-la-chatoire\/wp-content\/uploads\/sites\/131\/2021\/04\/Affiche-2-768x1085.jpg 768w, https:\/\/etab.ac-reunion.fr\/clg-la-chatoire\/wp-content\/uploads\/sites\/131\/2021\/04\/Affiche-2-1088x1536.jpg 1088w, https:\/\/etab.ac-reunion.fr\/clg-la-chatoire\/wp-content\/uploads\/sites\/131\/2021\/04\/Affiche-2-1450x2048.jpg 1450w, https:\/\/etab.ac-reunion.fr\/clg-la-chatoire\/wp-content\/uploads\/sites\/131\/2021\/04\/Affiche-2-106x150.jpg 106w, https:\/\/etab.ac-reunion.fr\/clg-la-chatoire\/wp-content\/uploads\/sites\/131\/2021\/04\/Affiche-2.jpg 1683w\" sizes=\"auto, (max-width: 725px) 100vw, 725px\" \/><\/figure><\/li><li class=\"blocks-gallery-item\"><figure><img loading=\"lazy\" decoding=\"async\" width=\"1024\" height=\"759\" src=\"https:\/\/etab.ac-reunion.fr\/clg-la-chatoire\/wp-content\/uploads\/sites\/131\/2021\/04\/affiche-3-1024x759.jpg\" alt=\"\" data-id=\"4342\" data-link=\"https:\/\/etab.ac-reunion.fr\/clg-la-chatoire\/?attachment_id=4342\" class=\"wp-image-4342\" srcset=\"https:\/\/etab.ac-reunion.fr\/clg-la-chatoire\/wp-content\/uploads\/sites\/131\/2021\/04\/affiche-3-1024x759.jpg 1024w, https:\/\/etab.ac-reunion.fr\/clg-la-chatoire\/wp-content\/uploads\/sites\/131\/2021\/04\/affiche-3-300x222.jpg 300w, https:\/\/etab.ac-reunion.fr\/clg-la-chatoire\/wp-content\/uploads\/sites\/131\/2021\/04\/affiche-3-768x569.jpg 768w, https:\/\/etab.ac-reunion.fr\/clg-la-chatoire\/wp-content\/uploads\/sites\/131\/2021\/04\/affiche-3-1536x1138.jpg 1536w, https:\/\/etab.ac-reunion.fr\/clg-la-chatoire\/wp-content\/uploads\/sites\/131\/2021\/04\/affiche-3-150x111.jpg 150w, https:\/\/etab.ac-reunion.fr\/clg-la-chatoire\/wp-content\/uploads\/sites\/131\/2021\/04\/affiche-3.jpg 1811w\" sizes=\"auto, (max-width: 1024px) 100vw, 1024px\" \/><\/figure><\/li><li class=\"blocks-gallery-item\"><figure><img loading=\"lazy\" decoding=\"async\" width=\"1024\" height=\"768\" src=\"https:\/\/etab.ac-reunion.fr\/clg-la-chatoire\/wp-content\/uploads\/sites\/131\/2021\/04\/photo-de-groupes_affiches-1024x768.jpg\" alt=\"\" data-id=\"4343\" data-full-url=\"https:\/\/etab.ac-reunion.fr\/clg-la-chatoire\/wp-content\/uploads\/sites\/131\/2021\/04\/photo-de-groupes_affiches-scaled.jpg\" data-link=\"https:\/\/etab.ac-reunion.fr\/clg-la-chatoire\/?attachment_id=4343\" class=\"wp-image-4343\" srcset=\"https:\/\/etab.ac-reunion.fr\/clg-la-chatoire\/wp-content\/uploads\/sites\/131\/2021\/04\/photo-de-groupes_affiches-1024x768.jpg 1024w, https:\/\/etab.ac-reunion.fr\/clg-la-chatoire\/wp-content\/uploads\/sites\/131\/2021\/04\/photo-de-groupes_affiches-300x225.jpg 300w, https:\/\/etab.ac-reunion.fr\/clg-la-chatoire\/wp-content\/uploads\/sites\/131\/2021\/04\/photo-de-groupes_affiches-768x576.jpg 768w, https:\/\/etab.ac-reunion.fr\/clg-la-chatoire\/wp-content\/uploads\/sites\/131\/2021\/04\/photo-de-groupes_affiches-1536x1152.jpg 1536w, https:\/\/etab.ac-reunion.fr\/clg-la-chatoire\/wp-content\/uploads\/sites\/131\/2021\/04\/photo-de-groupes_affiches-2048x1536.jpg 2048w, https:\/\/etab.ac-reunion.fr\/clg-la-chatoire\/wp-content\/uploads\/sites\/131\/2021\/04\/photo-de-groupes_affiches-150x113.jpg 150w\" sizes=\"auto, (max-width: 1024px) 100vw, 1024px\" \/><\/figure><\/li><\/ul><\/figure>\n\n\n\n<p>Merci \u00e0 tous pour votre implication dans cet \u00e9v\u00e9nement !<\/p>\n\n\n\n<p class=\"has-text-align-center\"><strong>Les professeurs de langue.<\/strong><\/p>\n\n\n\n<p><\/p>\n","protected":false},"excerpt":{"rendered":"<p>Les langues ont \u00e9t\u00e9 mises \u00e0 l\u2019honneur la semaine du 12 au 17 avril 2021 avec divers projets et activit\u00e9s men\u00e9s au sein des classes ou dans l\u2019\u00e9tablissement. En anglais, les affiches des \u00e9l\u00e8ves de 3e sur le th\u00e8me de la protection de l\u2019environnement ont d\u00e9cor\u00e9 le CDI tout au&#8230;<\/p>\n<p> <a class=\"continue-reading-link\" href=\"https:\/\/etab.ac-reunion.fr\/clg-la-chatoire\/semaine-des-langues\/\"><span>Lire l&rsquo;Article<\/span><i class=\"crycon-right-dir\"><\/i><\/a> <\/p>\n","protected":false},"author":13942,"featured_media":4340,"comment_status":"closed","ping_status":"closed","sticky":false,"template":"","format":"standard","meta":{"footnotes":""},"categories":[4,95],"tags":[],"class_list":["post-4331","post","type-post","status-publish","format-standard","has-post-thumbnail","hentry","category-actualites","category-evenements"],"_links":{"self":[{"href":"https:\/\/etab.ac-reunion.fr\/clg-la-chatoire\/wp-json\/wp\/v2\/posts\/4331","targetHints":{"allow":["GET"]}}],"collection":[{"href":"https:\/\/etab.ac-reunion.fr\/clg-la-chatoire\/wp-json\/wp\/v2\/posts"}],"about":[{"href":"https:\/\/etab.ac-reunion.fr\/clg-la-chatoire\/wp-json\/wp\/v2\/types\/post"}],"author":[{"embeddable":true,"href":"https:\/\/etab.ac-reunion.fr\/clg-la-chatoire\/wp-json\/wp\/v2\/users\/13942"}],"replies":[{"embeddable":true,"href":"https:\/\/etab.ac-reunion.fr\/clg-la-chatoire\/wp-json\/wp\/v2\/comments?post=4331"}],"version-history":[{"count":10,"href":"https:\/\/etab.ac-reunion.fr\/clg-la-chatoire\/wp-json\/wp\/v2\/posts\/4331\/revisions"}],"predecessor-version":[{"id":4354,"href":"https:\/\/etab.ac-reunion.fr\/clg-la-chatoire\/wp-json\/wp\/v2\/posts\/4331\/revisions\/4354"}],"wp:featuredmedia":[{"embeddable":true,"href":"https:\/\/etab.ac-reunion.fr\/clg-la-chatoire\/wp-json\/wp\/v2\/media\/4340"}],"wp:attachment":[{"href":"https:\/\/etab.ac-reunion.fr\/clg-la-chatoire\/wp-json\/wp\/v2\/media?parent=4331"}],"wp:term":[{"taxonomy":"category","embeddable":true,"href":"https:\/\/etab.ac-reunion.fr\/clg-la-chatoire\/wp-json\/wp\/v2\/categories?post=4331"},{"taxonomy":"post_tag","embeddable":true,"href":"https:\/\/etab.ac-reunion.fr\/clg-la-chatoire\/wp-json\/wp\/v2\/tags?post=4331"}],"curies":[{"name":"wp","href":"https:\/\/api.w.org\/{rel}","templated":true}]}}