{"id":4857,"date":"2022-12-01T12:29:59","date_gmt":"2022-12-01T08:29:59","guid":{"rendered":"https:\/\/etab.ac-reunion.fr\/clg-la-chatoire\/?p=4857"},"modified":"2022-12-01T12:29:59","modified_gmt":"2022-12-01T08:29:59","slug":"journee-orange-du-25-novembre","status":"publish","type":"post","link":"https:\/\/etab.ac-reunion.fr\/clg-la-chatoire\/journee-orange-du-25-novembre\/","title":{"rendered":"Journ\u00e9e Orange du 25 novembre"},"content":{"rendered":"\n<figure class=\"wp-block-image size-large\"><img loading=\"lazy\" decoding=\"async\" width=\"1024\" height=\"768\" src=\"https:\/\/etab.ac-reunion.fr\/clg-la-chatoire\/wp-content\/uploads\/sites\/131\/2022\/12\/25nov22-4-1-1024x768.jpg\" alt=\"\" class=\"wp-image-4859\" srcset=\"https:\/\/etab.ac-reunion.fr\/clg-la-chatoire\/wp-content\/uploads\/sites\/131\/2022\/12\/25nov22-4-1-1024x768.jpg 1024w, https:\/\/etab.ac-reunion.fr\/clg-la-chatoire\/wp-content\/uploads\/sites\/131\/2022\/12\/25nov22-4-1-300x225.jpg 300w, https:\/\/etab.ac-reunion.fr\/clg-la-chatoire\/wp-content\/uploads\/sites\/131\/2022\/12\/25nov22-4-1-768x576.jpg 768w, https:\/\/etab.ac-reunion.fr\/clg-la-chatoire\/wp-content\/uploads\/sites\/131\/2022\/12\/25nov22-4-1-1536x1152.jpg 1536w, https:\/\/etab.ac-reunion.fr\/clg-la-chatoire\/wp-content\/uploads\/sites\/131\/2022\/12\/25nov22-4-1-2048x1536.jpg 2048w, https:\/\/etab.ac-reunion.fr\/clg-la-chatoire\/wp-content\/uploads\/sites\/131\/2022\/12\/25nov22-4-1-150x113.jpg 150w\" sizes=\"auto, (max-width: 1024px) 100vw, 1024px\" \/><\/figure>\n\n\n\n<p>Instaur\u00e9e par l\u2019ONU en 1999, le 25 novembre est la journ\u00e9e internationale de lutte pour l\u2019\u00e9limination des violences faites aux femmes.<\/p>\n\n\n\n<p>Le vendredi 25 novembre 2022, les \u00e9l\u00e8ves du coll\u00e8ge de La Chatoire ont donc \u00e9t\u00e9 invit\u00e9-e-s \u00e0 porter un ruban orange (couleur choisie par l\u2019ONU) pour manifester leur refus de ces violences.<\/p>\n\n\n\n<figure class=\"wp-block-image size-large\"><img loading=\"lazy\" decoding=\"async\" width=\"1024\" height=\"768\" src=\"https:\/\/etab.ac-reunion.fr\/clg-la-chatoire\/wp-content\/uploads\/sites\/131\/2022\/12\/25nov22-7-1024x768.jpg\" alt=\"\" class=\"wp-image-4860\" srcset=\"https:\/\/etab.ac-reunion.fr\/clg-la-chatoire\/wp-content\/uploads\/sites\/131\/2022\/12\/25nov22-7-1024x768.jpg 1024w, https:\/\/etab.ac-reunion.fr\/clg-la-chatoire\/wp-content\/uploads\/sites\/131\/2022\/12\/25nov22-7-300x225.jpg 300w, https:\/\/etab.ac-reunion.fr\/clg-la-chatoire\/wp-content\/uploads\/sites\/131\/2022\/12\/25nov22-7-768x576.jpg 768w, https:\/\/etab.ac-reunion.fr\/clg-la-chatoire\/wp-content\/uploads\/sites\/131\/2022\/12\/25nov22-7-1536x1152.jpg 1536w, https:\/\/etab.ac-reunion.fr\/clg-la-chatoire\/wp-content\/uploads\/sites\/131\/2022\/12\/25nov22-7-2048x1536.jpg 2048w, https:\/\/etab.ac-reunion.fr\/clg-la-chatoire\/wp-content\/uploads\/sites\/131\/2022\/12\/25nov22-7-150x113.jpg 150w\" sizes=\"auto, (max-width: 1024px) 100vw, 1024px\" \/><figcaption class=\"wp-element-caption\">Elles et ils ont \u00e9galement \u00e9t\u00e9 sensibilis\u00e9-e-s \u00e0 cette lutte \u00e0 travers diff\u00e9rents projets men\u00e9s par l\u2019\u00e9quipe p\u00e9dagogique\u00a0: installation d\u2019\u0153uvres plastiques \u00e9voquant l\u2019amour, Th\u00e9\u00e2tre Forum, d\u00e9finition des violences faites aux femmes \u00e0 partir d\u2019un support textuel ou vid\u00e9o, cr\u00e9ation de sayn\u00e8tes, r\u00e9alisation d\u2019affiches.<\/figcaption><\/figure>\n","protected":false},"excerpt":{"rendered":"<p>Instaur\u00e9e par l\u2019ONU en 1999, le 25 novembre est la journ\u00e9e internationale de lutte pour l\u2019\u00e9limination des violences faites aux femmes. Le vendredi 25 novembre 2022, les \u00e9l\u00e8ves du coll\u00e8ge de La Chatoire ont donc \u00e9t\u00e9 invit\u00e9-e-s \u00e0 porter un ruban orange (couleur choisie par l\u2019ONU) pour manifester leur refus&#8230;<\/p>\n<p> <a class=\"continue-reading-link\" href=\"https:\/\/etab.ac-reunion.fr\/clg-la-chatoire\/journee-orange-du-25-novembre\/\"><span>Lire l&rsquo;Article<\/span><i class=\"crycon-right-dir\"><\/i><\/a> <\/p>\n","protected":false},"author":19408,"featured_media":4859,"comment_status":"closed","ping_status":"closed","sticky":false,"template":"","format":"standard","meta":{"footnotes":""},"categories":[4,95],"tags":[],"class_list":["post-4857","post","type-post","status-publish","format-standard","has-post-thumbnail","hentry","category-actualites","category-evenements"],"_links":{"self":[{"href":"https:\/\/etab.ac-reunion.fr\/clg-la-chatoire\/wp-json\/wp\/v2\/posts\/4857","targetHints":{"allow":["GET"]}}],"collection":[{"href":"https:\/\/etab.ac-reunion.fr\/clg-la-chatoire\/wp-json\/wp\/v2\/posts"}],"about":[{"href":"https:\/\/etab.ac-reunion.fr\/clg-la-chatoire\/wp-json\/wp\/v2\/types\/post"}],"author":[{"embeddable":true,"href":"https:\/\/etab.ac-reunion.fr\/clg-la-chatoire\/wp-json\/wp\/v2\/users\/19408"}],"replies":[{"embeddable":true,"href":"https:\/\/etab.ac-reunion.fr\/clg-la-chatoire\/wp-json\/wp\/v2\/comments?post=4857"}],"version-history":[{"count":1,"href":"https:\/\/etab.ac-reunion.fr\/clg-la-chatoire\/wp-json\/wp\/v2\/posts\/4857\/revisions"}],"predecessor-version":[{"id":4861,"href":"https:\/\/etab.ac-reunion.fr\/clg-la-chatoire\/wp-json\/wp\/v2\/posts\/4857\/revisions\/4861"}],"wp:featuredmedia":[{"embeddable":true,"href":"https:\/\/etab.ac-reunion.fr\/clg-la-chatoire\/wp-json\/wp\/v2\/media\/4859"}],"wp:attachment":[{"href":"https:\/\/etab.ac-reunion.fr\/clg-la-chatoire\/wp-json\/wp\/v2\/media?parent=4857"}],"wp:term":[{"taxonomy":"category","embeddable":true,"href":"https:\/\/etab.ac-reunion.fr\/clg-la-chatoire\/wp-json\/wp\/v2\/categories?post=4857"},{"taxonomy":"post_tag","embeddable":true,"href":"https:\/\/etab.ac-reunion.fr\/clg-la-chatoire\/wp-json\/wp\/v2\/tags?post=4857"}],"curies":[{"name":"wp","href":"https:\/\/api.w.org\/{rel}","templated":true}]}}