{"id":5532,"date":"2025-12-17T07:51:38","date_gmt":"2025-12-17T03:51:38","guid":{"rendered":"https:\/\/etab.ac-reunion.fr\/clg-la-chatoire\/?p=5532"},"modified":"2025-12-17T07:51:38","modified_gmt":"2025-12-17T03:51:38","slug":"eco-delegues-visite-dune-exploitation-agricole-ici-cest-pei","status":"publish","type":"post","link":"https:\/\/etab.ac-reunion.fr\/clg-la-chatoire\/eco-delegues-visite-dune-exploitation-agricole-ici-cest-pei\/","title":{"rendered":"Eco-d\u00e9l\u00e9gu\u00e9s : Visite d&rsquo;une exploitation agricole \u00ab\u00a0Ici, c&rsquo;est P\u00e9\u00ef \u00ab\u00a0"},"content":{"rendered":"\n<figure class=\"wp-block-image size-large\"><img loading=\"lazy\" decoding=\"async\" width=\"1024\" height=\"1024\" src=\"https:\/\/etab.ac-reunion.fr\/clg-la-chatoire\/wp-content\/uploads\/sites\/131\/2025\/11\/20251125_143320-1024x1024.jpg\" alt=\"\" class=\"wp-image-5533\" srcset=\"https:\/\/etab.ac-reunion.fr\/clg-la-chatoire\/wp-content\/uploads\/sites\/131\/2025\/11\/20251125_143320-1024x1024.jpg 1024w, https:\/\/etab.ac-reunion.fr\/clg-la-chatoire\/wp-content\/uploads\/sites\/131\/2025\/11\/20251125_143320-300x300.jpg 300w, https:\/\/etab.ac-reunion.fr\/clg-la-chatoire\/wp-content\/uploads\/sites\/131\/2025\/11\/20251125_143320-150x150.jpg 150w, https:\/\/etab.ac-reunion.fr\/clg-la-chatoire\/wp-content\/uploads\/sites\/131\/2025\/11\/20251125_143320-768x768.jpg 768w, https:\/\/etab.ac-reunion.fr\/clg-la-chatoire\/wp-content\/uploads\/sites\/131\/2025\/11\/20251125_143320-1536x1536.jpg 1536w, https:\/\/etab.ac-reunion.fr\/clg-la-chatoire\/wp-content\/uploads\/sites\/131\/2025\/11\/20251125_143320-2048x2048.jpg 2048w\" sizes=\"auto, (max-width: 1024px) 100vw, 1024px\" \/><\/figure>\n\n\n\n<p class=\"has-text-align-center\"><strong>Compte-rendu de cette sortie par des \u00e9l\u00e8ves : <\/strong><\/p>\n\n\n\n<p>\u00ab\u00a0Nous sommes all\u00e9s \u00e0 une exploitation agricole \u00e0 La Ravine des Cafres \u00e0 St Pierre.<\/p>\n\n\n\n<p>La dame nous a montr\u00e9 leurs champs et leur fumier et a expliqu\u00e9 leur travail, tr\u00e8s difficile, surtout quand il fait chaud. <\/p>\n\n\n\n<p>Pour eux, le plus important est de favoriser le circuit court entre les producteurs et le consommateurs et de proposer des productions P\u00e9\u00ef !  Pour cette raison , ils organisent des march\u00e9s de producteurs.<\/p>\n\n\n\n<figure class=\"wp-block-image size-large\"><img loading=\"lazy\" decoding=\"async\" width=\"1024\" height=\"1024\" src=\"https:\/\/etab.ac-reunion.fr\/clg-la-chatoire\/wp-content\/uploads\/sites\/131\/2025\/11\/20251125_143837-1024x1024.jpg\" alt=\"\" class=\"wp-image-5536\" srcset=\"https:\/\/etab.ac-reunion.fr\/clg-la-chatoire\/wp-content\/uploads\/sites\/131\/2025\/11\/20251125_143837-1024x1024.jpg 1024w, https:\/\/etab.ac-reunion.fr\/clg-la-chatoire\/wp-content\/uploads\/sites\/131\/2025\/11\/20251125_143837-300x300.jpg 300w, https:\/\/etab.ac-reunion.fr\/clg-la-chatoire\/wp-content\/uploads\/sites\/131\/2025\/11\/20251125_143837-150x150.jpg 150w, https:\/\/etab.ac-reunion.fr\/clg-la-chatoire\/wp-content\/uploads\/sites\/131\/2025\/11\/20251125_143837-768x768.jpg 768w, https:\/\/etab.ac-reunion.fr\/clg-la-chatoire\/wp-content\/uploads\/sites\/131\/2025\/11\/20251125_143837-1536x1536.jpg 1536w, https:\/\/etab.ac-reunion.fr\/clg-la-chatoire\/wp-content\/uploads\/sites\/131\/2025\/11\/20251125_143837-2048x2048.jpg 2048w\" sizes=\"auto, (max-width: 1024px) 100vw, 1024px\" \/><\/figure>\n\n\n\n<p>Apr\u00e8s, nous sommes all\u00e9s manger des brochettes de fruits avec du melon, des fraises et de l&rsquo;ananas. On a pu manger aussi du g\u00e2teau patates et des beignets de courgettes accompagn\u00e9e d&rsquo;une citronnade. Ce sont des fruits qu&rsquo;ils ont eux m\u00eame cultiv\u00e9 dans leurs propres champs . C&rsquo;\u00e9tait tr\u00e8s bon ! <\/p>\n\n\n\n<figure class=\"wp-block-image size-large\"><img loading=\"lazy\" decoding=\"async\" width=\"1024\" height=\"1024\" src=\"https:\/\/etab.ac-reunion.fr\/clg-la-chatoire\/wp-content\/uploads\/sites\/131\/2025\/11\/20251125_143532-1024x1024.jpg\" alt=\"\" class=\"wp-image-5534\" srcset=\"https:\/\/etab.ac-reunion.fr\/clg-la-chatoire\/wp-content\/uploads\/sites\/131\/2025\/11\/20251125_143532-1024x1024.jpg 1024w, https:\/\/etab.ac-reunion.fr\/clg-la-chatoire\/wp-content\/uploads\/sites\/131\/2025\/11\/20251125_143532-300x300.jpg 300w, https:\/\/etab.ac-reunion.fr\/clg-la-chatoire\/wp-content\/uploads\/sites\/131\/2025\/11\/20251125_143532-150x150.jpg 150w, https:\/\/etab.ac-reunion.fr\/clg-la-chatoire\/wp-content\/uploads\/sites\/131\/2025\/11\/20251125_143532-768x768.jpg 768w, https:\/\/etab.ac-reunion.fr\/clg-la-chatoire\/wp-content\/uploads\/sites\/131\/2025\/11\/20251125_143532-1536x1536.jpg 1536w, https:\/\/etab.ac-reunion.fr\/clg-la-chatoire\/wp-content\/uploads\/sites\/131\/2025\/11\/20251125_143532-2048x2048.jpg 2048w\" sizes=\"auto, (max-width: 1024px) 100vw, 1024px\" \/><\/figure>\n\n\n\n<p>Nous avons appris qu&rsquo;ils utilisaient de la cendre m\u00e9lang\u00e9e \u00e0 la terre et non des pesticides pour lutter contre les insectes ravageurs. C&rsquo;est un moyen efficace pour prot\u00e9ger les culture sans tuer les insectes, car ils n&rsquo;aiment pas la cendre.<\/p>\n\n\n\n<p>Nous avons vu leurs diff\u00e9rentes cultures, la canne \u00e0 sucre, les tomates, les piments, les fleurs, les herbes aromatiques, les bananes, les fruits de la passion, les citrons, des fruits lontan comme le coeur de boeuf ..etc..<\/p>\n\n\n\n<figure class=\"wp-block-image size-large\"><img loading=\"lazy\" decoding=\"async\" width=\"1024\" height=\"1024\" src=\"https:\/\/etab.ac-reunion.fr\/clg-la-chatoire\/wp-content\/uploads\/sites\/131\/2025\/11\/20251125_144041-1024x1024.jpg\" alt=\"\" class=\"wp-image-5535\" srcset=\"https:\/\/etab.ac-reunion.fr\/clg-la-chatoire\/wp-content\/uploads\/sites\/131\/2025\/11\/20251125_144041-1024x1024.jpg 1024w, https:\/\/etab.ac-reunion.fr\/clg-la-chatoire\/wp-content\/uploads\/sites\/131\/2025\/11\/20251125_144041-300x300.jpg 300w, https:\/\/etab.ac-reunion.fr\/clg-la-chatoire\/wp-content\/uploads\/sites\/131\/2025\/11\/20251125_144041-150x150.jpg 150w, https:\/\/etab.ac-reunion.fr\/clg-la-chatoire\/wp-content\/uploads\/sites\/131\/2025\/11\/20251125_144041-768x768.jpg 768w, https:\/\/etab.ac-reunion.fr\/clg-la-chatoire\/wp-content\/uploads\/sites\/131\/2025\/11\/20251125_144041-1536x1536.jpg 1536w, https:\/\/etab.ac-reunion.fr\/clg-la-chatoire\/wp-content\/uploads\/sites\/131\/2025\/11\/20251125_144041-2048x2048.jpg 2048w\" sizes=\"auto, (max-width: 1024px) 100vw, 1024px\" \/><\/figure>\n\n\n\n<p>Nous avons poursuivi par un pic-nique \u00e0 Grand-anse donn\u00e9e par la cantine o\u00f9 nous somme rest\u00e9 2h avant de rentrer au coll\u00e8ge pour 15h45. Nous avons bien aim\u00e9 aller \u00e0 Grand Anse ! Huit \u00e9l\u00e8ves n&rsquo;\u00e9taient jamais all\u00e9s l\u00e0-bas. <\/p>\n\n\n\n<p>Nous avons pass\u00e9 une bonne journ\u00e9e et appris beaucoup de choses. C&rsquo;\u00e9tait super ! \u00ab\u00a0<\/p>\n\n\n\n<p><strong>C\u00e9lia et Ma\u00eblys 6\u00e8me, Camille,Margot, Noah et Benjamin 3\u00e8me<\/strong><\/p>\n","protected":false},"excerpt":{"rendered":"<p>Compte-rendu de cette sortie par des \u00e9l\u00e8ves : \u00ab\u00a0Nous sommes all\u00e9s \u00e0 une exploitation agricole \u00e0 La Ravine des Cafres \u00e0 St Pierre. La dame nous a montr\u00e9 leurs champs et leur fumier et a expliqu\u00e9 leur travail, tr\u00e8s difficile, surtout quand il fait chaud. Pour eux, le plus important&#8230;<\/p>\n<p> <a class=\"continue-reading-link\" href=\"https:\/\/etab.ac-reunion.fr\/clg-la-chatoire\/eco-delegues-visite-dune-exploitation-agricole-ici-cest-pei\/\"><span>Lire l&rsquo;Article<\/span><i class=\"crycon-right-dir\"><\/i><\/a> <\/p>\n","protected":false},"author":18560,"featured_media":5533,"comment_status":"closed","ping_status":"closed","sticky":false,"template":"","format":"standard","meta":{"footnotes":""},"categories":[4],"tags":[],"class_list":["post-5532","post","type-post","status-publish","format-standard","has-post-thumbnail","hentry","category-actualites"],"_links":{"self":[{"href":"https:\/\/etab.ac-reunion.fr\/clg-la-chatoire\/wp-json\/wp\/v2\/posts\/5532","targetHints":{"allow":["GET"]}}],"collection":[{"href":"https:\/\/etab.ac-reunion.fr\/clg-la-chatoire\/wp-json\/wp\/v2\/posts"}],"about":[{"href":"https:\/\/etab.ac-reunion.fr\/clg-la-chatoire\/wp-json\/wp\/v2\/types\/post"}],"author":[{"embeddable":true,"href":"https:\/\/etab.ac-reunion.fr\/clg-la-chatoire\/wp-json\/wp\/v2\/users\/18560"}],"replies":[{"embeddable":true,"href":"https:\/\/etab.ac-reunion.fr\/clg-la-chatoire\/wp-json\/wp\/v2\/comments?post=5532"}],"version-history":[{"count":3,"href":"https:\/\/etab.ac-reunion.fr\/clg-la-chatoire\/wp-json\/wp\/v2\/posts\/5532\/revisions"}],"predecessor-version":[{"id":5559,"href":"https:\/\/etab.ac-reunion.fr\/clg-la-chatoire\/wp-json\/wp\/v2\/posts\/5532\/revisions\/5559"}],"wp:featuredmedia":[{"embeddable":true,"href":"https:\/\/etab.ac-reunion.fr\/clg-la-chatoire\/wp-json\/wp\/v2\/media\/5533"}],"wp:attachment":[{"href":"https:\/\/etab.ac-reunion.fr\/clg-la-chatoire\/wp-json\/wp\/v2\/media?parent=5532"}],"wp:term":[{"taxonomy":"category","embeddable":true,"href":"https:\/\/etab.ac-reunion.fr\/clg-la-chatoire\/wp-json\/wp\/v2\/categories?post=5532"},{"taxonomy":"post_tag","embeddable":true,"href":"https:\/\/etab.ac-reunion.fr\/clg-la-chatoire\/wp-json\/wp\/v2\/tags?post=5532"}],"curies":[{"name":"wp","href":"https:\/\/api.w.org\/{rel}","templated":true}]}}