{"id":19755,"date":"2025-12-16T13:58:33","date_gmt":"2025-12-16T09:58:33","guid":{"rendered":"https:\/\/etab.ac-reunion.fr\/clg-la-montagne\/?p=19755"},"modified":"2025-12-16T13:58:33","modified_gmt":"2025-12-16T09:58:33","slug":"vegetalisation-au-college","status":"publish","type":"post","link":"https:\/\/etab.ac-reunion.fr\/clg-la-montagne\/2025\/12\/16\/vegetalisation-au-college\/","title":{"rendered":"V\u00e9g\u00e9talisation au coll\u00e8ge"},"content":{"rendered":"<p>C\u2019est en partenariat avec la Srepen et le \u00ab Plan un million d\u2019arbres \u00bb financ\u00e9 par le D\u00e9partement que nos \u00e9co-d\u00e9l\u00e9gu\u00e9s et \u00e9co-volontaires ont particip\u00e9 \u00e0 une plantation d\u2019envergure au coll\u00e8ge. Ce 04 d\u00e9cembre, \u00e7a n\u2019est pas loin de 80 plants d\u2019end\u00e9miques qui ont pu \u00eatre plant\u00e9s avec l\u2019aide des agents du coll\u00e8ge que nous remercions vivement ainsi que Madame Angot, la secr\u00e9taire G\u00e9n\u00e9rale et Monsieur Gokalsing, le Principal. Une mani\u00e8re de montrer notre engagement en mati\u00e8re d\u2019Education au D\u00e9veloppement Durable. Bravo \u00e0 tous pour votre engagement et cette belle action \u00e9co-citoyenne! <a href=\"https:\/\/etab.ac-reunion.fr\/clg-la-montagne\/wp-content\/uploads\/sites\/74\/2025\/12\/1764841573058-scaled.jpg\"><img loading=\"lazy\" decoding=\"async\" class=\"alignnone size-full wp-image-19756\" src=\"https:\/\/etab.ac-reunion.fr\/clg-la-montagne\/wp-content\/uploads\/sites\/74\/2025\/12\/1764841573058-scaled.jpg\" alt=\"\" width=\"2560\" height=\"1440\" srcset=\"https:\/\/etab.ac-reunion.fr\/clg-la-montagne\/wp-content\/uploads\/sites\/74\/2025\/12\/1764841573058-scaled.jpg 2560w, https:\/\/etab.ac-reunion.fr\/clg-la-montagne\/wp-content\/uploads\/sites\/74\/2025\/12\/1764841573058-300x169.jpg 300w, https:\/\/etab.ac-reunion.fr\/clg-la-montagne\/wp-content\/uploads\/sites\/74\/2025\/12\/1764841573058-1024x576.jpg 1024w, https:\/\/etab.ac-reunion.fr\/clg-la-montagne\/wp-content\/uploads\/sites\/74\/2025\/12\/1764841573058-768x432.jpg 768w, https:\/\/etab.ac-reunion.fr\/clg-la-montagne\/wp-content\/uploads\/sites\/74\/2025\/12\/1764841573058-1536x864.jpg 1536w, https:\/\/etab.ac-reunion.fr\/clg-la-montagne\/wp-content\/uploads\/sites\/74\/2025\/12\/1764841573058-2048x1152.jpg 2048w, https:\/\/etab.ac-reunion.fr\/clg-la-montagne\/wp-content\/uploads\/sites\/74\/2025\/12\/1764841573058-150x84.jpg 150w\" sizes=\"auto, (max-width: 2560px) 100vw, 2560px\" \/><\/a> <a href=\"https:\/\/etab.ac-reunion.fr\/clg-la-montagne\/wp-content\/uploads\/sites\/74\/2025\/12\/1764841573083-scaled.jpg\"><img loading=\"lazy\" decoding=\"async\" class=\"alignnone size-full wp-image-19757\" src=\"https:\/\/etab.ac-reunion.fr\/clg-la-montagne\/wp-content\/uploads\/sites\/74\/2025\/12\/1764841573083-scaled.jpg\" alt=\"\" width=\"1440\" height=\"2560\" srcset=\"https:\/\/etab.ac-reunion.fr\/clg-la-montagne\/wp-content\/uploads\/sites\/74\/2025\/12\/1764841573083-scaled.jpg 1440w, https:\/\/etab.ac-reunion.fr\/clg-la-montagne\/wp-content\/uploads\/sites\/74\/2025\/12\/1764841573083-169x300.jpg 169w, https:\/\/etab.ac-reunion.fr\/clg-la-montagne\/wp-content\/uploads\/sites\/74\/2025\/12\/1764841573083-576x1024.jpg 576w, https:\/\/etab.ac-reunion.fr\/clg-la-montagne\/wp-content\/uploads\/sites\/74\/2025\/12\/1764841573083-768x1365.jpg 768w, https:\/\/etab.ac-reunion.fr\/clg-la-montagne\/wp-content\/uploads\/sites\/74\/2025\/12\/1764841573083-864x1536.jpg 864w, https:\/\/etab.ac-reunion.fr\/clg-la-montagne\/wp-content\/uploads\/sites\/74\/2025\/12\/1764841573083-1152x2048.jpg 1152w, https:\/\/etab.ac-reunion.fr\/clg-la-montagne\/wp-content\/uploads\/sites\/74\/2025\/12\/1764841573083-84x150.jpg 84w\" sizes=\"auto, (max-width: 1440px) 100vw, 1440px\" \/><\/a><\/p>\n","protected":false},"excerpt":{"rendered":"<p>C\u2019est en partenariat avec la Srepen et le \u00ab Plan un million d\u2019arbres \u00bb financ\u00e9 par le D\u00e9partement que nos \u00e9co-d\u00e9l\u00e9gu\u00e9s et \u00e9co-volontaires ont particip\u00e9 \u00e0 une plantation d\u2019envergure au coll\u00e8ge. Ce 04 d\u00e9cembre, \u00e7a n\u2019est pas loin de 80 plants d\u2019end\u00e9miques qui ont pu \u00eatre plant\u00e9s avec l\u2019aide des&#8230;<\/p>\n<p> <a class=\"continue-reading-link\" href=\"https:\/\/etab.ac-reunion.fr\/clg-la-montagne\/2025\/12\/16\/vegetalisation-au-college\/\"><span>Lire plus<\/span><i class=\"crycon-right-dir\"><\/i><\/a> <\/p>\n","protected":false},"author":28689,"featured_media":19756,"comment_status":"closed","ping_status":"closed","sticky":false,"template":"","format":"standard","meta":{"footnotes":""},"categories":[16],"tags":[],"class_list":["post-19755","post","type-post","status-publish","format-standard","has-post-thumbnail","hentry","category-pedagogie-evenements"],"_links":{"self":[{"href":"https:\/\/etab.ac-reunion.fr\/clg-la-montagne\/wp-json\/wp\/v2\/posts\/19755","targetHints":{"allow":["GET"]}}],"collection":[{"href":"https:\/\/etab.ac-reunion.fr\/clg-la-montagne\/wp-json\/wp\/v2\/posts"}],"about":[{"href":"https:\/\/etab.ac-reunion.fr\/clg-la-montagne\/wp-json\/wp\/v2\/types\/post"}],"author":[{"embeddable":true,"href":"https:\/\/etab.ac-reunion.fr\/clg-la-montagne\/wp-json\/wp\/v2\/users\/28689"}],"replies":[{"embeddable":true,"href":"https:\/\/etab.ac-reunion.fr\/clg-la-montagne\/wp-json\/wp\/v2\/comments?post=19755"}],"version-history":[{"count":1,"href":"https:\/\/etab.ac-reunion.fr\/clg-la-montagne\/wp-json\/wp\/v2\/posts\/19755\/revisions"}],"predecessor-version":[{"id":19758,"href":"https:\/\/etab.ac-reunion.fr\/clg-la-montagne\/wp-json\/wp\/v2\/posts\/19755\/revisions\/19758"}],"wp:featuredmedia":[{"embeddable":true,"href":"https:\/\/etab.ac-reunion.fr\/clg-la-montagne\/wp-json\/wp\/v2\/media\/19756"}],"wp:attachment":[{"href":"https:\/\/etab.ac-reunion.fr\/clg-la-montagne\/wp-json\/wp\/v2\/media?parent=19755"}],"wp:term":[{"taxonomy":"category","embeddable":true,"href":"https:\/\/etab.ac-reunion.fr\/clg-la-montagne\/wp-json\/wp\/v2\/categories?post=19755"},{"taxonomy":"post_tag","embeddable":true,"href":"https:\/\/etab.ac-reunion.fr\/clg-la-montagne\/wp-json\/wp\/v2\/tags?post=19755"}],"curies":[{"name":"wp","href":"https:\/\/api.w.org\/{rel}","templated":true}]}}