{"id":19800,"date":"2026-04-14T07:54:35","date_gmt":"2026-04-14T03:54:35","guid":{"rendered":"https:\/\/etab.ac-reunion.fr\/clg-la-montagne\/?p=19800"},"modified":"2026-04-14T07:54:35","modified_gmt":"2026-04-14T03:54:35","slug":"sortie-a-la-riviere-saint-denis-avec-latelier-edd","status":"publish","type":"post","link":"https:\/\/etab.ac-reunion.fr\/clg-la-montagne\/2026\/04\/14\/sortie-a-la-riviere-saint-denis-avec-latelier-edd\/","title":{"rendered":"Sortie \u00e0 la Rivi\u00e8re Saint-Denis avec l\u2019atelier EDD"},"content":{"rendered":"<p>C\u2019est lors d\u2019une belle journ\u00e9e ensoleill\u00e9e que l\u2019association AAPPMA (Association Agr\u00e9\u00e9e pour la P\u00eache et la Protection des Milieux Aquatiques) nous a rejoint sur les berges de la Rivi\u00e8re Saint-Denis. L\u2019occasion pour 24 \u00e9l\u00e8ves du coll\u00e8ge d\u2019aller \u00e0 la rencontre des esp\u00e8ces animales et v\u00e9g\u00e9tales qui peuplent la Rivi\u00e8re Saint-Denis. Cette sortie a permis de faire le lien avec l\u2019intervention au coll\u00e8ge de l\u2019Office de l\u2019eau. Les \u00e9l\u00e8ves ont parcouru la rivi\u00e8re, de son embouchure jusqu\u2019au pont Bailey afin de d\u00e9couvrir les esp\u00e8ces end\u00e9miques, indig\u00e8nes et exotiques et se sensibiliser \u00e0 la protection de la biodiversit\u00e9.<\/p>\n<p>A.Lougnon<\/p>\n<p><a href=\"http:\/\/www.pechereunion.fr\/2389-association-de-peche-des-rivieres-du-nord.htm\">http:\/\/www.pechereunion.fr\/2389-association-de-peche-des-rivieres-du-nord.htm<\/a><\/p>\n<p><a href=\"https:\/\/etab.ac-reunion.fr\/clg-la-montagne\/wp-content\/uploads\/sites\/74\/2026\/04\/1776061287080-scaled.jpg\"><img loading=\"lazy\" decoding=\"async\" class=\"alignnone size-full wp-image-19801\" src=\"https:\/\/etab.ac-reunion.fr\/clg-la-montagne\/wp-content\/uploads\/sites\/74\/2026\/04\/1776061287080-scaled.jpg\" alt=\"\" width=\"2560\" height=\"1440\" srcset=\"https:\/\/etab.ac-reunion.fr\/clg-la-montagne\/wp-content\/uploads\/sites\/74\/2026\/04\/1776061287080-scaled.jpg 2560w, https:\/\/etab.ac-reunion.fr\/clg-la-montagne\/wp-content\/uploads\/sites\/74\/2026\/04\/1776061287080-300x169.jpg 300w, https:\/\/etab.ac-reunion.fr\/clg-la-montagne\/wp-content\/uploads\/sites\/74\/2026\/04\/1776061287080-1024x576.jpg 1024w, https:\/\/etab.ac-reunion.fr\/clg-la-montagne\/wp-content\/uploads\/sites\/74\/2026\/04\/1776061287080-768x432.jpg 768w, https:\/\/etab.ac-reunion.fr\/clg-la-montagne\/wp-content\/uploads\/sites\/74\/2026\/04\/1776061287080-1536x864.jpg 1536w, https:\/\/etab.ac-reunion.fr\/clg-la-montagne\/wp-content\/uploads\/sites\/74\/2026\/04\/1776061287080-2048x1152.jpg 2048w, https:\/\/etab.ac-reunion.fr\/clg-la-montagne\/wp-content\/uploads\/sites\/74\/2026\/04\/1776061287080-150x84.jpg 150w\" sizes=\"auto, (max-width: 2560px) 100vw, 2560px\" \/><\/a> <a href=\"https:\/\/etab.ac-reunion.fr\/clg-la-montagne\/wp-content\/uploads\/sites\/74\/2026\/04\/1776061287054-scaled.jpg\"><img loading=\"lazy\" decoding=\"async\" class=\"alignnone size-full wp-image-19802\" src=\"https:\/\/etab.ac-reunion.fr\/clg-la-montagne\/wp-content\/uploads\/sites\/74\/2026\/04\/1776061287054-scaled.jpg\" alt=\"\" width=\"1440\" height=\"2560\" srcset=\"https:\/\/etab.ac-reunion.fr\/clg-la-montagne\/wp-content\/uploads\/sites\/74\/2026\/04\/1776061287054-scaled.jpg 1440w, https:\/\/etab.ac-reunion.fr\/clg-la-montagne\/wp-content\/uploads\/sites\/74\/2026\/04\/1776061287054-169x300.jpg 169w, https:\/\/etab.ac-reunion.fr\/clg-la-montagne\/wp-content\/uploads\/sites\/74\/2026\/04\/1776061287054-576x1024.jpg 576w, https:\/\/etab.ac-reunion.fr\/clg-la-montagne\/wp-content\/uploads\/sites\/74\/2026\/04\/1776061287054-768x1365.jpg 768w, https:\/\/etab.ac-reunion.fr\/clg-la-montagne\/wp-content\/uploads\/sites\/74\/2026\/04\/1776061287054-864x1536.jpg 864w, https:\/\/etab.ac-reunion.fr\/clg-la-montagne\/wp-content\/uploads\/sites\/74\/2026\/04\/1776061287054-1152x2048.jpg 1152w, https:\/\/etab.ac-reunion.fr\/clg-la-montagne\/wp-content\/uploads\/sites\/74\/2026\/04\/1776061287054-84x150.jpg 84w\" sizes=\"auto, (max-width: 1440px) 100vw, 1440px\" \/><\/a><\/p>\n","protected":false},"excerpt":{"rendered":"<p>C\u2019est lors d\u2019une belle journ\u00e9e ensoleill\u00e9e que l\u2019association AAPPMA (Association Agr\u00e9\u00e9e pour la P\u00eache et la Protection des Milieux Aquatiques) nous a rejoint sur les berges de la Rivi\u00e8re Saint-Denis. L\u2019occasion pour 24 \u00e9l\u00e8ves du coll\u00e8ge d\u2019aller \u00e0 la rencontre des esp\u00e8ces animales et v\u00e9g\u00e9tales qui peuplent la Rivi\u00e8re Saint-Denis&#8230;.<\/p>\n<p> <a class=\"continue-reading-link\" href=\"https:\/\/etab.ac-reunion.fr\/clg-la-montagne\/2026\/04\/14\/sortie-a-la-riviere-saint-denis-avec-latelier-edd\/\"><span>Lire plus<\/span><i class=\"crycon-right-dir\"><\/i><\/a> <\/p>\n","protected":false},"author":28689,"featured_media":19802,"comment_status":"closed","ping_status":"closed","sticky":false,"template":"","format":"standard","meta":{"footnotes":""},"categories":[16],"tags":[],"class_list":["post-19800","post","type-post","status-publish","format-standard","has-post-thumbnail","hentry","category-pedagogie-evenements"],"_links":{"self":[{"href":"https:\/\/etab.ac-reunion.fr\/clg-la-montagne\/wp-json\/wp\/v2\/posts\/19800","targetHints":{"allow":["GET"]}}],"collection":[{"href":"https:\/\/etab.ac-reunion.fr\/clg-la-montagne\/wp-json\/wp\/v2\/posts"}],"about":[{"href":"https:\/\/etab.ac-reunion.fr\/clg-la-montagne\/wp-json\/wp\/v2\/types\/post"}],"author":[{"embeddable":true,"href":"https:\/\/etab.ac-reunion.fr\/clg-la-montagne\/wp-json\/wp\/v2\/users\/28689"}],"replies":[{"embeddable":true,"href":"https:\/\/etab.ac-reunion.fr\/clg-la-montagne\/wp-json\/wp\/v2\/comments?post=19800"}],"version-history":[{"count":1,"href":"https:\/\/etab.ac-reunion.fr\/clg-la-montagne\/wp-json\/wp\/v2\/posts\/19800\/revisions"}],"predecessor-version":[{"id":19803,"href":"https:\/\/etab.ac-reunion.fr\/clg-la-montagne\/wp-json\/wp\/v2\/posts\/19800\/revisions\/19803"}],"wp:featuredmedia":[{"embeddable":true,"href":"https:\/\/etab.ac-reunion.fr\/clg-la-montagne\/wp-json\/wp\/v2\/media\/19802"}],"wp:attachment":[{"href":"https:\/\/etab.ac-reunion.fr\/clg-la-montagne\/wp-json\/wp\/v2\/media?parent=19800"}],"wp:term":[{"taxonomy":"category","embeddable":true,"href":"https:\/\/etab.ac-reunion.fr\/clg-la-montagne\/wp-json\/wp\/v2\/categories?post=19800"},{"taxonomy":"post_tag","embeddable":true,"href":"https:\/\/etab.ac-reunion.fr\/clg-la-montagne\/wp-json\/wp\/v2\/tags?post=19800"}],"curies":[{"name":"wp","href":"https:\/\/api.w.org\/{rel}","templated":true}]}}