{"id":347,"date":"2014-06-16T14:55:16","date_gmt":"2014-06-16T10:55:16","guid":{"rendered":"http:\/\/college-lacaussade.ac-reunion.fr\/?p=347"},"modified":"2014-06-16T14:57:05","modified_gmt":"2014-06-16T10:57:05","slug":"fete-de-la-musique-2014-20-juin-2014-a-13h30","status":"publish","type":"post","link":"https:\/\/etab.ac-reunion.fr\/clg-lacaussade\/2014\/06\/16\/fete-de-la-musique-2014-20-juin-2014-a-13h30\/","title":{"rendered":"F\u00eate de la musique 2014 &#8211; 20 Juin 2014 \u00e0 13h30"},"content":{"rendered":"<p><img loading=\"lazy\" decoding=\"async\" class=\"alignleft size-full wp-image-350\" src=\"https:\/\/etab.ac-reunion.fr\/clg-lacaussade\/wp-content\/uploads\/sites\/75\/2014\/06\/music.png\" alt=\"music\" width=\"128\" height=\"128\" srcset=\"https:\/\/etab.ac-reunion.fr\/clg-lacaussade\/wp-content\/uploads\/sites\/75\/2014\/06\/music.png 128w, https:\/\/etab.ac-reunion.fr\/clg-lacaussade\/wp-content\/uploads\/sites\/75\/2014\/06\/music-74x74.png 74w\" sizes=\"(max-width: 128px) 100vw, 128px\" \/>La f\u00eate de musique 2014 au coll\u00e8ge Auguste Lacaussade<\/p>\n<p>Ce sera le vendredi 20 Juin \u00e0 partir de 13h30<\/p>\n<p>&nbsp;<\/p>\n<p>&nbsp;<\/p>\n<p>&nbsp;<\/p>\n<p><img loading=\"lazy\" decoding=\"async\" class=\"alignleft wp-image-348 size-full\" src=\"https:\/\/etab.ac-reunion.fr\/clg-lacaussade\/wp-content\/uploads\/sites\/75\/2014\/06\/feteMusique2014.jpg\" alt=\"feteMusique2014\" width=\"650\" height=\"915\" srcset=\"https:\/\/etab.ac-reunion.fr\/clg-lacaussade\/wp-content\/uploads\/sites\/75\/2014\/06\/feteMusique2014.jpg 650w, https:\/\/etab.ac-reunion.fr\/clg-lacaussade\/wp-content\/uploads\/sites\/75\/2014\/06\/feteMusique2014-213x300.jpg 213w\" sizes=\"(max-width: 650px) 100vw, 650px\" \/><\/p>\n<p>&nbsp;<\/p>\n<p>&nbsp;<\/p>\n","protected":false},"excerpt":{"rendered":"<p>La f\u00eate de musique 2014 au coll\u00e8ge Auguste Lacaussade Ce sera le vendredi 20 Juin \u00e0 partir de 13h30 &nbsp; &nbsp; &nbsp; &nbsp; &nbsp;<\/p>\n","protected":false},"author":1514,"featured_media":0,"comment_status":"closed","ping_status":"closed","sticky":false,"template":"","format":"standard","meta":{"_et_pb_use_builder":"","_et_pb_old_content":"","_et_gb_content_width":"","footnotes":""},"categories":[2],"tags":[],"class_list":["post-347","post","type-post","status-publish","format-standard","hentry","category-actu"],"_links":{"self":[{"href":"https:\/\/etab.ac-reunion.fr\/clg-lacaussade\/wp-json\/wp\/v2\/posts\/347","targetHints":{"allow":["GET"]}}],"collection":[{"href":"https:\/\/etab.ac-reunion.fr\/clg-lacaussade\/wp-json\/wp\/v2\/posts"}],"about":[{"href":"https:\/\/etab.ac-reunion.fr\/clg-lacaussade\/wp-json\/wp\/v2\/types\/post"}],"author":[{"embeddable":true,"href":"https:\/\/etab.ac-reunion.fr\/clg-lacaussade\/wp-json\/wp\/v2\/users\/1514"}],"replies":[{"embeddable":true,"href":"https:\/\/etab.ac-reunion.fr\/clg-lacaussade\/wp-json\/wp\/v2\/comments?post=347"}],"version-history":[{"count":3,"href":"https:\/\/etab.ac-reunion.fr\/clg-lacaussade\/wp-json\/wp\/v2\/posts\/347\/revisions"}],"predecessor-version":[{"id":352,"href":"https:\/\/etab.ac-reunion.fr\/clg-lacaussade\/wp-json\/wp\/v2\/posts\/347\/revisions\/352"}],"wp:attachment":[{"href":"https:\/\/etab.ac-reunion.fr\/clg-lacaussade\/wp-json\/wp\/v2\/media?parent=347"}],"wp:term":[{"taxonomy":"category","embeddable":true,"href":"https:\/\/etab.ac-reunion.fr\/clg-lacaussade\/wp-json\/wp\/v2\/categories?post=347"},{"taxonomy":"post_tag","embeddable":true,"href":"https:\/\/etab.ac-reunion.fr\/clg-lacaussade\/wp-json\/wp\/v2\/tags?post=347"}],"curies":[{"name":"wp","href":"https:\/\/api.w.org\/{rel}","templated":true}]}}