{"id":3646,"date":"2017-06-16T13:24:15","date_gmt":"2017-06-16T09:24:15","guid":{"rendered":"http:\/\/college-lacaussade.ac-reunion.fr\/?p=3646"},"modified":"2017-06-16T13:36:02","modified_gmt":"2017-06-16T09:36:02","slug":"visite-des-cm2","status":"publish","type":"post","link":"https:\/\/etab.ac-reunion.fr\/clg-lacaussade\/2017\/06\/16\/visite-des-cm2\/","title":{"rendered":"Visite des CM2"},"content":{"rendered":"<p><img loading=\"lazy\" decoding=\"async\" class=\"alignleft size-full wp-image-2944\" src=\"https:\/\/etab.ac-reunion.fr\/clg-lacaussade\/wp-content\/uploads\/sites\/75\/2016\/11\/SignaturePAMaree_v2.3.png\" alt=\"\" width=\"181\" height=\"572\" srcset=\"https:\/\/etab.ac-reunion.fr\/clg-lacaussade\/wp-content\/uploads\/sites\/75\/2016\/11\/SignaturePAMaree_v2.3.png 181w, https:\/\/etab.ac-reunion.fr\/clg-lacaussade\/wp-content\/uploads\/sites\/75\/2016\/11\/SignaturePAMaree_v2.3-95x300.png 95w\" sizes=\"(max-width: 181px) 100vw, 181px\" \/><\/p>\n<p style=\"text-align: center\">Dans le cadre de la pr\u00e9paration de la rentr\u00e9e 2017, la journ\u00e9e du lundi 26 Juin 2017 est banalis\u00e9e.<\/p>\n<p style=\"text-align: center\">___________________________<\/p>\n<p>L\u2019ensemble des personnels doit \u00eatre pr\u00e9sent lors de cette journ\u00e9e.<\/p>\n<p>Cette journ\u00e9e s\u2019articulera en 2 temps :<\/p>\n<p>&#8211; Le matin : Accueil des \u00e9l\u00e8ves de CM2 par ateliers et constitution des classes de 6\u00e8me avec les professeurs principaux de 6\u00e8me de l\u2019ann\u00e9e prochaine en salle A1 et les professeurs des \u00e9coles.<br \/>\n<strong>Les 6\u00e8me seront encadr\u00e9s par leur professeurs principaux respectifs entre 08H00 et 09H00 pour leur expliquer le d\u00e9roulement de la matin\u00e9e.<\/strong><\/p>\n<p>&#8211; L\u2019apr\u00e8s midi : Constitution des classes pour les niveaux 5\u00e8me, 4\u00e8me et 3\u00e8me en salle 01, 02 et 03.<\/p>\n","protected":false},"excerpt":{"rendered":"<p>Dans le cadre de la pr\u00e9paration de la rentr\u00e9e 2017, la journ\u00e9e du lundi 26 Juin 2017 est banalis\u00e9e. ___________________________ L\u2019ensemble des personnels doit \u00eatre pr\u00e9sent lors de cette journ\u00e9e. [&hellip;]<\/p>\n","protected":false},"author":1514,"featured_media":0,"comment_status":"closed","ping_status":"closed","sticky":false,"template":"","format":"standard","meta":{"_et_pb_use_builder":"","_et_pb_old_content":"","_et_gb_content_width":"","footnotes":""},"categories":[16],"tags":[],"class_list":["post-3646","post","type-post","status-publish","format-standard","hentry","category-agenda"],"_links":{"self":[{"href":"https:\/\/etab.ac-reunion.fr\/clg-lacaussade\/wp-json\/wp\/v2\/posts\/3646","targetHints":{"allow":["GET"]}}],"collection":[{"href":"https:\/\/etab.ac-reunion.fr\/clg-lacaussade\/wp-json\/wp\/v2\/posts"}],"about":[{"href":"https:\/\/etab.ac-reunion.fr\/clg-lacaussade\/wp-json\/wp\/v2\/types\/post"}],"author":[{"embeddable":true,"href":"https:\/\/etab.ac-reunion.fr\/clg-lacaussade\/wp-json\/wp\/v2\/users\/1514"}],"replies":[{"embeddable":true,"href":"https:\/\/etab.ac-reunion.fr\/clg-lacaussade\/wp-json\/wp\/v2\/comments?post=3646"}],"version-history":[{"count":4,"href":"https:\/\/etab.ac-reunion.fr\/clg-lacaussade\/wp-json\/wp\/v2\/posts\/3646\/revisions"}],"predecessor-version":[{"id":3651,"href":"https:\/\/etab.ac-reunion.fr\/clg-lacaussade\/wp-json\/wp\/v2\/posts\/3646\/revisions\/3651"}],"wp:attachment":[{"href":"https:\/\/etab.ac-reunion.fr\/clg-lacaussade\/wp-json\/wp\/v2\/media?parent=3646"}],"wp:term":[{"taxonomy":"category","embeddable":true,"href":"https:\/\/etab.ac-reunion.fr\/clg-lacaussade\/wp-json\/wp\/v2\/categories?post=3646"},{"taxonomy":"post_tag","embeddable":true,"href":"https:\/\/etab.ac-reunion.fr\/clg-lacaussade\/wp-json\/wp\/v2\/tags?post=3646"}],"curies":[{"name":"wp","href":"https:\/\/api.w.org\/{rel}","templated":true}]}}