{"id":3673,"date":"2017-06-23T15:17:56","date_gmt":"2017-06-23T11:17:56","guid":{"rendered":"http:\/\/college-lacaussade.ac-reunion.fr\/?p=3673"},"modified":"2017-06-23T15:17:48","modified_gmt":"2017-06-23T11:17:48","slug":"rentree-scolaire-2017-2018","status":"publish","type":"post","link":"https:\/\/etab.ac-reunion.fr\/clg-lacaussade\/2017\/06\/23\/rentree-scolaire-2017-2018\/","title":{"rendered":"Rentr\u00e9e scolaire 2017 \/ 2018"},"content":{"rendered":"<p class=\"western\" style=\"border: 3px outset black;padding: 5px\" align=\"center\"><span style=\"font-size: 22px\">RENTR\u00c9E SCOLAIRE 2017 \/ 2018<\/span><\/p>\n<p>&nbsp;<\/p>\n<p><strong>&#8211; Le vendredi 18 ao\u00fbt 2016\u00a0de 8h00 \u00e0 13h30 :<br \/>\nAccueil des sixi\u00e8mes <\/strong><\/p>\n<p><strong>&#8211; Le lundi 21 ao\u00fbt 2016\u00a0\u00e0 8h00\u00a0\u00e0 13h30 :<br \/>\nRentr\u00e9e des 5\u00e8mes, 4\u00e8mes, 3\u00e8mes<\/strong><\/p>\n<p><strong>D\u00e9marrage normal des cours le mardi 22 ao\u00fbt 2016 selon les emplois du temps.<\/strong><\/p>\n","protected":false},"excerpt":{"rendered":"<p>RENTR\u00c9E SCOLAIRE 2017 \/ 2018 &nbsp; &#8211; Le vendredi 18 ao\u00fbt 2016\u00a0de 8h00 \u00e0 13h30 : Accueil des sixi\u00e8mes &#8211; Le lundi 21 ao\u00fbt 2016\u00a0\u00e0 8h00\u00a0\u00e0 13h30 : Rentr\u00e9e des [&hellip;]<\/p>\n","protected":false},"author":1514,"featured_media":0,"comment_status":"closed","ping_status":"closed","sticky":false,"template":"","format":"standard","meta":{"_et_pb_use_builder":"","_et_pb_old_content":"","_et_gb_content_width":"","footnotes":""},"categories":[16],"tags":[],"class_list":["post-3673","post","type-post","status-publish","format-standard","hentry","category-agenda"],"_links":{"self":[{"href":"https:\/\/etab.ac-reunion.fr\/clg-lacaussade\/wp-json\/wp\/v2\/posts\/3673","targetHints":{"allow":["GET"]}}],"collection":[{"href":"https:\/\/etab.ac-reunion.fr\/clg-lacaussade\/wp-json\/wp\/v2\/posts"}],"about":[{"href":"https:\/\/etab.ac-reunion.fr\/clg-lacaussade\/wp-json\/wp\/v2\/types\/post"}],"author":[{"embeddable":true,"href":"https:\/\/etab.ac-reunion.fr\/clg-lacaussade\/wp-json\/wp\/v2\/users\/1514"}],"replies":[{"embeddable":true,"href":"https:\/\/etab.ac-reunion.fr\/clg-lacaussade\/wp-json\/wp\/v2\/comments?post=3673"}],"version-history":[{"count":7,"href":"https:\/\/etab.ac-reunion.fr\/clg-lacaussade\/wp-json\/wp\/v2\/posts\/3673\/revisions"}],"predecessor-version":[{"id":3681,"href":"https:\/\/etab.ac-reunion.fr\/clg-lacaussade\/wp-json\/wp\/v2\/posts\/3673\/revisions\/3681"}],"wp:attachment":[{"href":"https:\/\/etab.ac-reunion.fr\/clg-lacaussade\/wp-json\/wp\/v2\/media?parent=3673"}],"wp:term":[{"taxonomy":"category","embeddable":true,"href":"https:\/\/etab.ac-reunion.fr\/clg-lacaussade\/wp-json\/wp\/v2\/categories?post=3673"},{"taxonomy":"post_tag","embeddable":true,"href":"https:\/\/etab.ac-reunion.fr\/clg-lacaussade\/wp-json\/wp\/v2\/tags?post=3673"}],"curies":[{"name":"wp","href":"https:\/\/api.w.org\/{rel}","templated":true}]}}