{"id":368,"date":"2014-08-19T13:26:21","date_gmt":"2014-08-19T09:26:21","guid":{"rendered":"http:\/\/college-lacaussade.ac-reunion.fr\/?p=368"},"modified":"2014-08-19T13:26:21","modified_gmt":"2014-08-19T09:26:21","slug":"rentree-2014-2015","status":"publish","type":"post","link":"https:\/\/etab.ac-reunion.fr\/clg-lacaussade\/2014\/08\/19\/rentree-2014-2015\/","title":{"rendered":"Rentr\u00e9e 2014-2015"},"content":{"rendered":"<p><span style=\"color: #000000;text-decoration: underline\"><strong><a href=\"https:\/\/etab.ac-reunion.fr\/clg-lacaussade\/wp-content\/uploads\/sites\/75\/2014\/05\/calendar.png\"><img loading=\"lazy\" decoding=\"async\" class=\"alignleft size-thumbnail wp-image-125\" src=\"https:\/\/etab.ac-reunion.fr\/clg-lacaussade\/wp-content\/uploads\/sites\/75\/2014\/05\/calendar-150x150.png\" alt=\"calendar\" width=\"150\" height=\"150\" srcset=\"https:\/\/etab.ac-reunion.fr\/clg-lacaussade\/wp-content\/uploads\/sites\/75\/2014\/05\/calendar-150x150.png 150w, https:\/\/etab.ac-reunion.fr\/clg-lacaussade\/wp-content\/uploads\/sites\/75\/2014\/05\/calendar-140x140.png 140w, https:\/\/etab.ac-reunion.fr\/clg-lacaussade\/wp-content\/uploads\/sites\/75\/2014\/05\/calendar-74x74.png 74w, https:\/\/etab.ac-reunion.fr\/clg-lacaussade\/wp-content\/uploads\/sites\/75\/2014\/05\/calendar-184x184.png 184w, https:\/\/etab.ac-reunion.fr\/clg-lacaussade\/wp-content\/uploads\/sites\/75\/2014\/05\/calendar.png 256w\" sizes=\"(max-width: 150px) 100vw, 150px\" \/><\/a>Jeudi 21 :\u00a0<\/strong><\/span><span style=\"color: #000000\">Rentr\u00e9e des professeurs \u00e0 8h00<\/span><br style=\"color: #000000\" \/><span style=\"color: #000000;text-decoration: underline\"><strong>Vendredi 22 :<\/strong><\/span><span style=\"color: #000000\">\u00a0Rentr\u00e9e des 6\u00e8me de 8h00 \u00e0 13h30<\/span><br style=\"color: #000000\" \/><span style=\"color: #000000\">Les parents sont convi\u00e9s avec les enfants en classe de 8h00 \u00e0 10h00<\/span><br style=\"color: #000000\" \/><span style=\"color: #000000\">Puis de 10h00 \u00e0 12h00 \u00e0 une r\u00e9union qui se fera en salle polyvalente pour ensuite partir vers le restaurant scolaire.<\/span><br style=\"color: #000000\" \/><span style=\"color: #000000;text-decoration: underline\"><strong>Lundi 25 :<\/strong><\/span><span style=\"color: #000000\">\u00a0Rentr\u00e9e tous niveau (+ 6\u00e8me)<\/span><br style=\"color: #000000\" \/><span style=\"color: #000000\">De 8h00 \u00e0 10h00 en classe avec le prof principal<\/span><br style=\"color: #000000\" \/><span style=\"color: #000000\">A partir de 10h l&#8217;emploi du temps normal d\u00e9marre.<\/span><\/p>\n","protected":false},"excerpt":{"rendered":"<p>Jeudi 21 :\u00a0Rentr\u00e9e des professeurs \u00e0 8h00Vendredi 22 :\u00a0Rentr\u00e9e des 6\u00e8me de 8h00 \u00e0 13h30Les parents sont convi\u00e9s avec les enfants en classe de 8h00 \u00e0 10h00Puis de 10h00 \u00e0 [&hellip;]<\/p>\n","protected":false},"author":1514,"featured_media":0,"comment_status":"closed","ping_status":"closed","sticky":false,"template":"","format":"standard","meta":{"_et_pb_use_builder":"","_et_pb_old_content":"","_et_gb_content_width":"","footnotes":""},"categories":[2,16],"tags":[],"class_list":["post-368","post","type-post","status-publish","format-standard","hentry","category-actu","category-agenda"],"_links":{"self":[{"href":"https:\/\/etab.ac-reunion.fr\/clg-lacaussade\/wp-json\/wp\/v2\/posts\/368","targetHints":{"allow":["GET"]}}],"collection":[{"href":"https:\/\/etab.ac-reunion.fr\/clg-lacaussade\/wp-json\/wp\/v2\/posts"}],"about":[{"href":"https:\/\/etab.ac-reunion.fr\/clg-lacaussade\/wp-json\/wp\/v2\/types\/post"}],"author":[{"embeddable":true,"href":"https:\/\/etab.ac-reunion.fr\/clg-lacaussade\/wp-json\/wp\/v2\/users\/1514"}],"replies":[{"embeddable":true,"href":"https:\/\/etab.ac-reunion.fr\/clg-lacaussade\/wp-json\/wp\/v2\/comments?post=368"}],"version-history":[{"count":1,"href":"https:\/\/etab.ac-reunion.fr\/clg-lacaussade\/wp-json\/wp\/v2\/posts\/368\/revisions"}],"predecessor-version":[{"id":369,"href":"https:\/\/etab.ac-reunion.fr\/clg-lacaussade\/wp-json\/wp\/v2\/posts\/368\/revisions\/369"}],"wp:attachment":[{"href":"https:\/\/etab.ac-reunion.fr\/clg-lacaussade\/wp-json\/wp\/v2\/media?parent=368"}],"wp:term":[{"taxonomy":"category","embeddable":true,"href":"https:\/\/etab.ac-reunion.fr\/clg-lacaussade\/wp-json\/wp\/v2\/categories?post=368"},{"taxonomy":"post_tag","embeddable":true,"href":"https:\/\/etab.ac-reunion.fr\/clg-lacaussade\/wp-json\/wp\/v2\/tags?post=368"}],"curies":[{"name":"wp","href":"https:\/\/api.w.org\/{rel}","templated":true}]}}