{"id":3696,"date":"2017-06-23T11:42:13","date_gmt":"2017-06-23T07:42:13","guid":{"rendered":"http:\/\/college-lacaussade.ac-reunion.fr\/?p=3696"},"modified":"2017-06-23T11:53:43","modified_gmt":"2017-06-23T07:53:43","slug":"visite-a-la-cite-du-volcan","status":"publish","type":"post","link":"https:\/\/etab.ac-reunion.fr\/clg-lacaussade\/2017\/06\/23\/visite-a-la-cite-du-volcan\/","title":{"rendered":"Visite \u00e0 la cit\u00e9 du volcan"},"content":{"rendered":"<p style=\"text-align: center\"><span style=\"font-size: 28px;color: #ff0000 ! important\">La cit\u00e9 du volcan&#8230;<\/span><\/p>\n<p><img loading=\"lazy\" decoding=\"async\" class=\"size-full wp-image-3683 aligncenter\" src=\"https:\/\/etab.ac-reunion.fr\/clg-lacaussade\/wp-content\/uploads\/sites\/75\/2017\/06\/CiteDuVolcan.png\" alt=\"\" width=\"480\" height=\"373\" srcset=\"https:\/\/etab.ac-reunion.fr\/clg-lacaussade\/wp-content\/uploads\/sites\/75\/2017\/06\/CiteDuVolcan.png 480w, https:\/\/etab.ac-reunion.fr\/clg-lacaussade\/wp-content\/uploads\/sites\/75\/2017\/06\/CiteDuVolcan-300x233.png 300w\" sizes=\"(max-width: 480px) 100vw, 480px\" \/><\/p>\n<p><span style=\"font-size: 15px\"><strong><em>Les \u00e9l\u00e8ves de 505 et de 403 se sont rendus \u00e0 la cit\u00e9 du volcan avec leurs professeurs<\/em><\/strong><\/span><\/p>\n<p><span style=\"font-size: 15px\"><strong><em>En fran\u00e7ais avec l&rsquo;aide de la documentaliste, les 403 ont \u00e9crit des articles r\u00e9els ou imaginaires sur cette sortie tandis que les 505 ont \u00e9crit des contes \u00e0 partir des \u00e9l\u00e9ments qu&rsquo;ils ont pu observ\u00e9 lors de cette visite.<\/em><\/strong><\/span><\/p>\n<p>&nbsp;<\/p>\n<p style=\"text-align: center\"><span style=\"font-family: comic sans ms,sans-serif;font-size: 24px\"><a href=\"https:\/\/etab.ac-reunion.fr\/clg-lacaussade\/2017\/06\/23\/la-cite-du-volcan\/\" target=\"_blank\" rel=\"noopener\"><span style=\"color: #ff6600\">!! Retrouvez l&rsquo;article complet en cliquant ici !!<\/span><\/a><\/span><\/p>\n","protected":false},"excerpt":{"rendered":"<p>La cit\u00e9 du volcan&#8230; Les \u00e9l\u00e8ves de 505 et de 403 se sont rendus \u00e0 la cit\u00e9 du volcan avec leurs professeurs En fran\u00e7ais avec l&rsquo;aide de la documentaliste, les [&hellip;]<\/p>\n","protected":false},"author":1514,"featured_media":0,"comment_status":"closed","ping_status":"closed","sticky":false,"template":"","format":"standard","meta":{"_et_pb_use_builder":"","_et_pb_old_content":"","_et_gb_content_width":"","footnotes":""},"categories":[2,6,4],"tags":[],"class_list":["post-3696","post","type-post","status-publish","format-standard","hentry","category-actu","category-francais-et-creole","category-sciences"],"_links":{"self":[{"href":"https:\/\/etab.ac-reunion.fr\/clg-lacaussade\/wp-json\/wp\/v2\/posts\/3696","targetHints":{"allow":["GET"]}}],"collection":[{"href":"https:\/\/etab.ac-reunion.fr\/clg-lacaussade\/wp-json\/wp\/v2\/posts"}],"about":[{"href":"https:\/\/etab.ac-reunion.fr\/clg-lacaussade\/wp-json\/wp\/v2\/types\/post"}],"author":[{"embeddable":true,"href":"https:\/\/etab.ac-reunion.fr\/clg-lacaussade\/wp-json\/wp\/v2\/users\/1514"}],"replies":[{"embeddable":true,"href":"https:\/\/etab.ac-reunion.fr\/clg-lacaussade\/wp-json\/wp\/v2\/comments?post=3696"}],"version-history":[{"count":7,"href":"https:\/\/etab.ac-reunion.fr\/clg-lacaussade\/wp-json\/wp\/v2\/posts\/3696\/revisions"}],"predecessor-version":[{"id":3704,"href":"https:\/\/etab.ac-reunion.fr\/clg-lacaussade\/wp-json\/wp\/v2\/posts\/3696\/revisions\/3704"}],"wp:attachment":[{"href":"https:\/\/etab.ac-reunion.fr\/clg-lacaussade\/wp-json\/wp\/v2\/media?parent=3696"}],"wp:term":[{"taxonomy":"category","embeddable":true,"href":"https:\/\/etab.ac-reunion.fr\/clg-lacaussade\/wp-json\/wp\/v2\/categories?post=3696"},{"taxonomy":"post_tag","embeddable":true,"href":"https:\/\/etab.ac-reunion.fr\/clg-lacaussade\/wp-json\/wp\/v2\/tags?post=3696"}],"curies":[{"name":"wp","href":"https:\/\/api.w.org\/{rel}","templated":true}]}}