{"id":3706,"date":"2017-06-23T15:13:19","date_gmt":"2017-06-23T11:13:19","guid":{"rendered":"http:\/\/college-lacaussade.ac-reunion.fr\/?p=3706"},"modified":"2017-06-23T15:13:19","modified_gmt":"2017-06-23T11:13:19","slug":"sortie-au-salon-du-livre","status":"publish","type":"post","link":"https:\/\/etab.ac-reunion.fr\/clg-lacaussade\/2017\/06\/23\/sortie-au-salon-du-livre\/","title":{"rendered":"Sortie au salon du livre"},"content":{"rendered":"<p style=\"text-align: center\"><span style=\"font-size: 28px;color: #ff0000;font-family: comic sans ms,sans-serif\">Sortie au salon du livre<\/span><\/p>\n<p align=\"center\"><b>La 505 et la 503 au salon du livre\u00a0: Halle des manifestations du Port 2016.<\/b><\/p>\n<p align=\"center\"><b>T\u00e9moignages des \u00e9l\u00e8ves.<\/b><\/p>\n<p align=\"center\"><b>Avant d\u2019y aller\u2026<\/b><\/p>\n<p><em>J\u2019avais h\u00e2te de voir \u00e0 quoi ressemblait le salon du livre. Il pleuvait , c\u2019\u00e9tait un peu dommage mais je positivais en me disant qu\u2019au Port, il ferait beau. Nous avons fait l\u2019appel puis direction le bus\u00a0! La journ\u00e9e ne faisait que commencer\u00a0!<\/em><\/p>\n<p align=\"center\"><b>Dans le bus\u2026<\/b><\/p>\n<p><em>Dans le bus, il y avait une bonne ambiance, je n\u2019ai donc pas vu le temps pass\u00e9. C\u2019\u00e9tait un peu dommage que Lucy et moi n\u2019ayons pas pu changer de place car nos si\u00e8ges n\u2019\u00e9taient pas tr\u00e8s confortables. On est arriv\u00e9 et je me suis rendue compte que m\u00eame s\u2019il pleuvait, il faisait tr\u00e8s chaud\u00a0!<\/em><\/p>\n<p align=\"center\"><b><span style=\"font-family: Liberation Serif,serif\">\u00c0<\/span><span style=\"font-family: Liberation Serif,serif\"> la Halle des manifestations du Port&#8230;<\/span> <\/b><\/p>\n<p><em>On s\u2019est s\u00e9par\u00e9 en deux groupes\u00a0: l\u2019un est all\u00e9 faire d\u00e9dicacer des livres et l\u2019autre est all\u00e9 rencontrer un \u00e9crivain\u00a0: St\u00e9phane Servant. J\u2019\u00e9tais dans le deuxi\u00e8me groupe.<\/em><\/p>\n<p><em>On a d\u2019abord visit\u00e9 le salon, c\u2019\u00e9tait plus grand que je ne le pensais\u00a0! Comme nous avions un questionnaire, on a commenc\u00e9 nos recherches. J\u2019ai bien aim\u00e9 car on a pu d\u00e9couvrir plein de livres. Certains avaient l\u2019air un peu enfantin mais c\u2019\u00e9tait chouette\u00a0!<\/em><\/p>\n<p><em>Avec Lucy, nous avons fait quelques rencontres, mais \u00e0 un moment, nous nous sommes un peu perdues\u00a0! Nous nous sommes retrouv\u00e9s dans un atelier pour petits\u00a0!<\/em><\/p>\n<p><em>Je regrette un peu de ne pas avoir emmen\u00e9 d\u2019argent car il y avait \u00e9norm\u00e9ment de livres qui m\u2019intriguaient\u00a0!<\/em><\/p>\n<p><em>Je ne pensais pas voir autant de livres, d\u2019auteurs, d\u2019ateliers, d\u2019illustrateurs\u2026<\/em><\/p>\n<p><em>C\u2019\u00e9tait bien\u00a0!<\/em><\/p>\n<p style=\"text-align: center\">_______________________________________________________<\/p>\n<p>&nbsp;<\/p>\n<p><span style=\"font-size: large\"><u><b>Interview de Stephane Servant r\u00e9alis\u00e9e par les \u00e9l\u00e8ves de la 503 et 505 lors du salon du livre 2016 \u00e0 la halle des manifestations du Port.<\/b><\/u><\/span><\/p>\n<p><span style=\"font-size: large\"><i><b>Est-ce que vous \u00eates connu\u00a0? <\/b><\/i><\/span><\/p>\n<p><span style=\"font-size: large\">Moi, ce n\u2019est pas ce qui importe\u00a0! J\u2019aime bien que mes livres soient connus, cela signifie que les gens aiment ma fa\u00e7on de voir le monde\u00a0! <\/span><\/p>\n<p><span style=\"font-size: large\"><i><b>Comment trouvez-vous l\u2019inspiration\u00a0? De qui tenez-vous cette passion pour l\u2019\u00e9criture\u00a0?<\/b><\/i><\/span><\/p>\n<p><span style=\"font-size: large\">Chez moi, il n\u2019y avait pas d\u2019histoires\u00a0! On m\u2019emmenait \u00e0 la biblioth\u00e8que. Mes parents criaient beaucoup. J\u2019adorais aller chez ma grand-m\u00e8re Jeanine qui me lisait des histoires. Chez elle, j\u2019\u00e9tais le roi du monde\u00a0! J\u2019aimais inventer des histoires\u00a0!<\/span><\/p>\n<p><span style=\"font-size: large\"><i><b><span style=\"font-family: Liberation Serif,serif\">\u00c0<\/span> quel \u00e2ge avez-vous cr\u00e9\u00e9 votre premi\u00e8re histoire\u00a0?<\/b><\/i><\/span><\/p>\n<p><span style=\"font-size: large\">J\u2019ai cr\u00e9\u00e9 ma premi\u00e8re histoire au CP et au CE1. J\u2019 agrafais mes pages pour former un livre.<\/span><\/p>\n<p><span style=\"font-size: large\"><i><b>Combien de livres avez-vous publi\u00e9 exactement\u00a0?<\/b><\/i><\/span><\/p>\n<p><span style=\"font-size: large\">J\u2019en ai publi\u00e9 35.<\/span><\/p>\n<p><span style=\"font-size: large\"><i><b>Avez-vous des enfants\u00a0?<\/b><\/i><\/span><\/p>\n<p><span style=\"font-size: large\">Non, je n\u2019ai pas d\u2019enfants\u00a0! Je suis tranquille.. (sourire)<\/span><\/p>\n<p><span style=\"font-size: large\"><i><b>Avez-vous une femme\u00a0?<\/b><\/i><\/span><\/p>\n<p><span style=\"font-size: large\">J\u2019ai une amoureuse tr\u00e8s patiente qui est ma\u00eetresse d\u2019\u00e9cole. <\/span><\/p>\n<p><span style=\"font-size: large\"><i><b>D\u2019o\u00f9 venez-vous\u00a0?<\/b><\/i><\/span><\/p>\n<p><span style=\"font-size: large\">Je viens du Sud\u00a0: entre Montpellier et Toulouse.<\/span><\/p>\n<p><span style=\"font-size: large\"><i><b>Combien gagnez-vous\u00a0?<\/b><\/i><\/span><\/p>\n<p><span style=\"font-size: large\">Je gagne 30 centimes sur un livre vendu \u00e0 15 euros.<\/span><\/p>\n<p><span style=\"font-size: large\"><i><b>Quelle \u00e9tait votre mati\u00e8re pr\u00e9f\u00e9r\u00e9e\u00a0?<\/b><\/i><\/span><\/p>\n<p><span style=\"font-size: large\">J\u2019aimais beaucoup le fran\u00e7ais.<\/span><\/p>\n<p><span style=\"font-size: large\"><i><b>Quels sports faites-vous\u00a0?<\/b><\/i><\/span><\/p>\n<p><span style=\"font-size: large\">Je ne fais pas trop de sport mais un peu de karat\u00e9, de l\u2019a\u00efkido, de la marche.<\/span><\/p>\n<p><span style=\"font-size: large\"><i><b>Quel est votre plat pr\u00e9f\u00e9r\u00e9\u00a0?<\/b><\/i><\/span><\/p>\n<p><span style=\"font-size: large\">Mon plat pr\u00e9f\u00e9r\u00e9 est\u00a0: les pois chiches de ma grand-m\u00e8re.<\/span><\/p>\n<p><span style=\"font-size: large\"><i><b>Qu\u2019est-ce que vous aimez bien faire\u00a0?<\/b><\/i><\/span><\/p>\n<p><span style=\"font-size: large\">J\u2019aime bien marcher dans les Pyr\u00e9n\u00e9es.<\/span><\/p>\n<p><span style=\"font-size: large\"><i><b>Si vous \u00e9tiez un animal, qui seriez-vous\u00a0?<\/b><\/i><\/span><\/p>\n<p><span style=\"font-size: large\">Je serai un chat.<\/span><\/p>\n<p><span style=\"font-size: large\"><i><b>Si vous \u00e9tiez un objet, que seriez-vous\u00a0?<\/b><\/i><\/span><\/p>\n<p><span style=\"font-size: large\">Je serai un ventilateur mais j\u2019sais pas\u00a0! J\u2019ai un carnet qui ne me quitte jamais car j\u2019oublie tout. Du coup, si j\u2019\u00e9tais un objet, je serai un carnet.<\/span><\/p>\n<p style=\"text-align: center\">_______________________________________________________<\/p>\n<p>&nbsp;<\/p>\n<p align=\"center\"><b>La rencontre avec St\u00e9phane Servant\u00a0: avis des \u00e9l\u00e8ves\u2026.<\/b><\/p>\n<p align=\"justify\">\u00ab\u00a0On a rencontr\u00e9 un auteur. On \u00e9tait entre quatre murs. Il y avait des chaises au centre de la pi\u00e8ce et devant , une table o\u00f9 l\u2019\u00e9crivain avait expos\u00e9 certains de ses livres. St\u00e9phane Servant est un quadrag\u00e9naire tr\u00e8s gentil. Il faisait le maximum pour nous mettre \u00e0 l\u2019aise car une fois devant lui, nous n\u2019\u00e9tions plus tr\u00e8s bavard. J\u2019avais fait un dessin d\u2019un de ses livres et il avait l\u2019air assez content\u00a0! On lui a pos\u00e9 beaucoup de questions, des plus basiques aux plus complexes\u00a0!<\/p>\n<p align=\"justify\">Il a r\u00e9pondu \u00e0 toutes nos questions, m\u00eame les plus personnelles\u00a0!<\/p>\n<p align=\"justify\">C\u2019\u00e9tait vraiment une belle rencontre\u00a0!\u00a0\u00bb N Hoareau<\/p>\n<p align=\"justify\">\u00ab\u00a0 J\u2019ai beaucoup aim\u00e9 la rencontre avec St\u00e9phane Servant, on lui a pos\u00e9 des questions sur son inspiration. Il nous a parl\u00e9 de sa mamie, de son carnet. Il nous a m\u00eame montr\u00e9 le brouillon de <i>Chat<\/i> <i>par-ci, chat par-l\u00e0<\/i>\u00a0! Ensuite, on lui a fait devin\u00e9 des charades dont une qu\u2019il a trouv\u00e9 difficile\u00a0! Enfin, il a d\u00e9dicac\u00e9 mon livre <i>Pur\u00e9e de cochon\u00a0<\/i>!\u00a0\u00bb Nommertin O<\/p>\n<p align=\"left\">\u00ab\u00a0La rencontre avec St\u00e9phane Servant \u00e9tait super\u00a0! On a eu le temps de lui poser des questions. C\u2019est un auteur tr\u00e8s sympa qui nous a laiss\u00e9s lui poser des questions sur sa vie priv\u00e9e\u00a0! Il a m\u00eame d\u00e9dicac\u00e9 un livre \u00e0 un \u00e9l\u00e8ve. Par contre, j\u2019ai \u00e9t\u00e9 tr\u00e8s choqu\u00e9 de savoir le prix qu\u2019il pouvait gagner par livre c\u2019est-\u00e0-dire 30 centimes\u00a0!!\u00a0\u00bb Ramin E<\/p>\n<p align=\"left\">\u00ab\u00a0 On \u00e9tait captiv\u00e9 par ses paroles\u00a0\u00bbElisabeth G<\/p>\n<p align=\"justify\">\u00ab\u00a0On a eu la chance de le rencontrer\u00a0!\u00a0\u00bb Omarjee K<\/p>\n<p align=\"justify\">\u00ab\u00a0Il \u00e9tait tellement bizarre que \u00e7a en \u00e9tait marrant\u00a0!\u00a0Le vent soufflait fort\u00a0!\u00a0\u00bb Grondin E<\/p>\n<p align=\"justify\">\u00ab\u00a0 Il a dit qu\u2019il s\u2019\u00e9tait inspir\u00e9 de sa grand-m\u00e8re pour \u00e9crire <i>chat par-ci, chat par-l\u00e0 <\/i>car il tient beaucoup \u00e0 elle. Cette petite r\u00e9union avec St\u00e9phane Servant m\u2019a plue\u00a0! Je n\u2019oublierai jamais ce petit moment avec cet auteur\u00a0! C\u2019\u00e9tait une tr\u00e8s belle exp\u00e9rience. J\u2019aurai jamais imagin\u00e9 rencontrer un \u00e9crivain un jour\u00a0! C\u2019\u00e9tait trop cool\u00a0!\u00a0\u00bb Rayapin L<\/p>\n<p align=\"justify\">\u00ab\u00a0 Je lui ai demand\u00e9 de d\u00e9dicacer \u00ab\u00a0le loup sous le lit\u00a0\u00bb, un livre sur lequel j\u2019avais travaill\u00e9 en classe. Il a \u00e9crit\u00a0:\u00a0\u00ab\u00a0 pour toi Lya, cette histoire d\u2019amiti\u00e9 et de libert\u00e9, bonne lecture&#8230;\u00a0\u00bb nous lui avons souhait\u00e9 une bonne journ\u00e9e et il en a fait de m\u00eame\u00a0!\u00a0\u00bb T. Lya.<\/p>\n","protected":false},"excerpt":{"rendered":"<p>Sortie au salon du livre La 505 et la 503 au salon du livre\u00a0: Halle des manifestations du Port 2016. T\u00e9moignages des \u00e9l\u00e8ves. Avant d\u2019y aller\u2026 J\u2019avais h\u00e2te de voir [&hellip;]<\/p>\n","protected":false},"author":1514,"featured_media":0,"comment_status":"closed","ping_status":"closed","sticky":false,"template":"","format":"standard","meta":{"_et_pb_use_builder":"","_et_pb_old_content":"","_et_gb_content_width":"","footnotes":""},"categories":[15,6,26],"tags":[],"class_list":["post-3706","post","type-post","status-publish","format-standard","hentry","category-cdi","category-francais-et-creole","category-projets"],"_links":{"self":[{"href":"https:\/\/etab.ac-reunion.fr\/clg-lacaussade\/wp-json\/wp\/v2\/posts\/3706","targetHints":{"allow":["GET"]}}],"collection":[{"href":"https:\/\/etab.ac-reunion.fr\/clg-lacaussade\/wp-json\/wp\/v2\/posts"}],"about":[{"href":"https:\/\/etab.ac-reunion.fr\/clg-lacaussade\/wp-json\/wp\/v2\/types\/post"}],"author":[{"embeddable":true,"href":"https:\/\/etab.ac-reunion.fr\/clg-lacaussade\/wp-json\/wp\/v2\/users\/1514"}],"replies":[{"embeddable":true,"href":"https:\/\/etab.ac-reunion.fr\/clg-lacaussade\/wp-json\/wp\/v2\/comments?post=3706"}],"version-history":[{"count":1,"href":"https:\/\/etab.ac-reunion.fr\/clg-lacaussade\/wp-json\/wp\/v2\/posts\/3706\/revisions"}],"predecessor-version":[{"id":3707,"href":"https:\/\/etab.ac-reunion.fr\/clg-lacaussade\/wp-json\/wp\/v2\/posts\/3706\/revisions\/3707"}],"wp:attachment":[{"href":"https:\/\/etab.ac-reunion.fr\/clg-lacaussade\/wp-json\/wp\/v2\/media?parent=3706"}],"wp:term":[{"taxonomy":"category","embeddable":true,"href":"https:\/\/etab.ac-reunion.fr\/clg-lacaussade\/wp-json\/wp\/v2\/categories?post=3706"},{"taxonomy":"post_tag","embeddable":true,"href":"https:\/\/etab.ac-reunion.fr\/clg-lacaussade\/wp-json\/wp\/v2\/tags?post=3706"}],"curies":[{"name":"wp","href":"https:\/\/api.w.org\/{rel}","templated":true}]}}