{"id":3709,"date":"2017-06-23T15:15:17","date_gmt":"2017-06-23T11:15:17","guid":{"rendered":"http:\/\/college-lacaussade.ac-reunion.fr\/?p=3709"},"modified":"2017-06-23T15:18:23","modified_gmt":"2017-06-23T11:18:23","slug":"sortieausalondulivre","status":"publish","type":"post","link":"https:\/\/etab.ac-reunion.fr\/clg-lacaussade\/2017\/06\/23\/sortieausalondulivre\/","title":{"rendered":"Sortie au salon du livre"},"content":{"rendered":"<p style=\"text-align: center\"><span style=\"font-size: 28px\"><a href=\"https:\/\/etab.ac-reunion.fr\/clg-lacaussade\/2017\/06\/23\/sortie-au-salon-du-livre\/\" target=\"_blank\" rel=\"noopener\"><span style=\"font-family: comic sans ms,sans-serif;color: #ff0000\">Sortie au salon du livre<\/span><\/a><\/span><\/p>\n<p>&nbsp;<\/p>\n<p align=\"center\"><b>La 505 et la 503 au salon du livre\u00a0: Halle des manifestations du Port 2016.<\/b><\/p>\n<p align=\"center\"><b>T\u00e9moignages des \u00e9l\u00e8ves.<\/b><\/p>\n<p align=\"center\"><b>Avant d\u2019y aller\u2026<\/b><\/p>\n<p><em>J\u2019avais h\u00e2te de voir \u00e0 quoi ressemblait le salon du livre. Il pleuvait , c\u2019\u00e9tait un peu dommage mais je positivais en me disant qu\u2019au Port, il ferait beau. Nous avons fait l\u2019appel puis direction le bus\u00a0! La journ\u00e9e ne faisait que commencer\u00a0!<\/em><\/p>\n<p align=\"center\"><b>Dans le bus\u2026<\/b><\/p>\n<p><em>Dans le bus, il y avait une bonne ambiance, je n\u2019ai donc pas vu le temps pass\u00e9. C\u2019\u00e9tait un peu dommage que Lucy et moi n\u2019ayons pas pu changer de place car nos si\u00e8ges n\u2019\u00e9taient pas tr\u00e8s confortables. On est arriv\u00e9 et je me suis rendue compte que m\u00eame s\u2019il pleuvait, il faisait tr\u00e8s chaud\u00a0!<\/em><\/p>\n<p align=\"center\"><b>\u00c0 la Halle des manifestations du Port&#8230; <\/b><\/p>\n<p><em>On s\u2019est s\u00e9par\u00e9 en deux groupes\u00a0: l\u2019un est all\u00e9 faire d\u00e9dicacer des livres et l\u2019autre est all\u00e9 rencontrer un \u00e9crivain\u00a0: St\u00e9phane Servant. J\u2019\u00e9tais dans le deuxi\u00e8me groupe.<\/em><\/p>\n<p><em>On a d\u2019abord visit\u00e9 le salon, c\u2019\u00e9tait plus grand que je ne le pensais\u00a0! Comme nous avions un questionnaire, on a commenc\u00e9 nos recherches. J\u2019ai bien aim\u00e9 car on a pu d\u00e9couvrir plein de livres. Certains avaient l\u2019air un peu enfantin mais c\u2019\u00e9tait chouette\u00a0!<\/em><\/p>\n<p><em>Avec Lucy, nous avons fait quelques rencontres, mais \u00e0 un moment, nous nous sommes un peu perdues\u00a0! Nous nous sommes retrouv\u00e9s dans un atelier pour petits\u00a0!<\/em><\/p>\n<p><em>Je regrette un peu de ne pas avoir emmen\u00e9 d\u2019argent car il y avait \u00e9norm\u00e9ment de livres qui m\u2019intriguaient\u00a0!<\/em><\/p>\n<p><em>Je ne pensais pas voir autant de livres, d\u2019auteurs, d\u2019ateliers, d\u2019illustrateurs\u2026<\/em><\/p>\n<p><em>C\u2019\u00e9tait bien\u00a0!<\/em><\/p>\n<p>&nbsp;<\/p>\n<p style=\"text-align: center\"><a href=\"https:\/\/etab.ac-reunion.fr\/clg-lacaussade\/2017\/06\/23\/sortie-au-salon-du-livre\/\" target=\"_blank\" rel=\"noopener\"><span style=\"font-family: comic sans ms,sans-serif;font-size: 18px\">!! Article complet de la sortie au salon du livre avec l&rsquo;interview de St\u00e9phane Servant et les avis des \u00e9l\u00e8ves !!<\/span><\/a><\/p>\n","protected":false},"excerpt":{"rendered":"<p>Sortie au salon du livre &nbsp; La 505 et la 503 au salon du livre\u00a0: Halle des manifestations du Port 2016. T\u00e9moignages des \u00e9l\u00e8ves. Avant d\u2019y aller\u2026 J\u2019avais h\u00e2te de [&hellip;]<\/p>\n","protected":false},"author":1514,"featured_media":0,"comment_status":"closed","ping_status":"closed","sticky":false,"template":"","format":"standard","meta":{"_et_pb_use_builder":"","_et_pb_old_content":"","_et_gb_content_width":"","footnotes":""},"categories":[6],"tags":[],"class_list":["post-3709","post","type-post","status-publish","format-standard","hentry","category-francais-et-creole"],"_links":{"self":[{"href":"https:\/\/etab.ac-reunion.fr\/clg-lacaussade\/wp-json\/wp\/v2\/posts\/3709","targetHints":{"allow":["GET"]}}],"collection":[{"href":"https:\/\/etab.ac-reunion.fr\/clg-lacaussade\/wp-json\/wp\/v2\/posts"}],"about":[{"href":"https:\/\/etab.ac-reunion.fr\/clg-lacaussade\/wp-json\/wp\/v2\/types\/post"}],"author":[{"embeddable":true,"href":"https:\/\/etab.ac-reunion.fr\/clg-lacaussade\/wp-json\/wp\/v2\/users\/1514"}],"replies":[{"embeddable":true,"href":"https:\/\/etab.ac-reunion.fr\/clg-lacaussade\/wp-json\/wp\/v2\/comments?post=3709"}],"version-history":[{"count":4,"href":"https:\/\/etab.ac-reunion.fr\/clg-lacaussade\/wp-json\/wp\/v2\/posts\/3709\/revisions"}],"predecessor-version":[{"id":3713,"href":"https:\/\/etab.ac-reunion.fr\/clg-lacaussade\/wp-json\/wp\/v2\/posts\/3709\/revisions\/3713"}],"wp:attachment":[{"href":"https:\/\/etab.ac-reunion.fr\/clg-lacaussade\/wp-json\/wp\/v2\/media?parent=3709"}],"wp:term":[{"taxonomy":"category","embeddable":true,"href":"https:\/\/etab.ac-reunion.fr\/clg-lacaussade\/wp-json\/wp\/v2\/categories?post=3709"},{"taxonomy":"post_tag","embeddable":true,"href":"https:\/\/etab.ac-reunion.fr\/clg-lacaussade\/wp-json\/wp\/v2\/tags?post=3709"}],"curies":[{"name":"wp","href":"https:\/\/api.w.org\/{rel}","templated":true}]}}