{"id":3774,"date":"2017-08-30T11:42:04","date_gmt":"2017-08-30T07:42:04","guid":{"rendered":"http:\/\/college-lacaussade.ac-reunion.fr\/?p=3774"},"modified":"2017-08-30T11:49:50","modified_gmt":"2017-08-30T07:49:50","slug":"elections-au-conseil-dadministration-2017-2018","status":"publish","type":"post","link":"https:\/\/etab.ac-reunion.fr\/clg-lacaussade\/2017\/08\/30\/elections-au-conseil-dadministration-2017-2018\/","title":{"rendered":"\u00c9lections au conseil d&rsquo;administration 2017-2018"},"content":{"rendered":"<p><img loading=\"lazy\" decoding=\"async\" class=\"alignleft wp-image-2953 \" src=\"https:\/\/etab.ac-reunion.fr\/clg-lacaussade\/wp-content\/uploads\/sites\/75\/2014\/05\/LogoAL-1-300x300.png\" alt=\"\" width=\"180\" height=\"180\" srcset=\"https:\/\/etab.ac-reunion.fr\/clg-lacaussade\/wp-content\/uploads\/sites\/75\/2014\/05\/LogoAL-1-300x300.png 300w, https:\/\/etab.ac-reunion.fr\/clg-lacaussade\/wp-content\/uploads\/sites\/75\/2014\/05\/LogoAL-1-150x150.png 150w, https:\/\/etab.ac-reunion.fr\/clg-lacaussade\/wp-content\/uploads\/sites\/75\/2014\/05\/LogoAL-1-1024x1024.png 1024w, https:\/\/etab.ac-reunion.fr\/clg-lacaussade\/wp-content\/uploads\/sites\/75\/2014\/05\/LogoAL-1-140x140.png 140w, https:\/\/etab.ac-reunion.fr\/clg-lacaussade\/wp-content\/uploads\/sites\/75\/2014\/05\/LogoAL-1-74x74.png 74w, https:\/\/etab.ac-reunion.fr\/clg-lacaussade\/wp-content\/uploads\/sites\/75\/2014\/05\/LogoAL-1-184x184.png 184w, https:\/\/etab.ac-reunion.fr\/clg-lacaussade\/wp-content\/uploads\/sites\/75\/2014\/05\/LogoAL-1.png 1700w\" sizes=\"(max-width: 180px) 100vw, 180px\" \/>Une r\u00e9union d&rsquo;information pour la <strong><span style=\"background-color: #ccffff\">pr\u00e9paration des op\u00e9rations \u00e9lectorales 2017-2018<\/span><\/strong> aura lieu le :<\/p>\n<p style=\"text-align: center\"><span style=\"color: #3366ff\">Jeudi 31\/08\/2017<\/span><\/p>\n<p style=\"text-align: center\"><span style=\"color: #3366ff\">A 16h30<\/span><\/p>\n<p style=\"text-align: center\"><span style=\"color: #3366ff\">En salle de R\u00e9union<\/span><\/p>\n<p>Comptant vivement sur votre pr\u00e9sence.<\/p>\n","protected":false},"excerpt":{"rendered":"<p>Une r\u00e9union d&rsquo;information pour la pr\u00e9paration des op\u00e9rations \u00e9lectorales 2017-2018 aura lieu le : Jeudi 31\/08\/2017 A 16h30 En salle de R\u00e9union Comptant vivement sur votre pr\u00e9sence.<\/p>\n","protected":false},"author":1514,"featured_media":0,"comment_status":"closed","ping_status":"closed","sticky":false,"template":"","format":"standard","meta":{"_et_pb_use_builder":"","_et_pb_old_content":"","_et_gb_content_width":"","footnotes":""},"categories":[2,16],"tags":[],"class_list":["post-3774","post","type-post","status-publish","format-standard","hentry","category-actu","category-agenda"],"_links":{"self":[{"href":"https:\/\/etab.ac-reunion.fr\/clg-lacaussade\/wp-json\/wp\/v2\/posts\/3774","targetHints":{"allow":["GET"]}}],"collection":[{"href":"https:\/\/etab.ac-reunion.fr\/clg-lacaussade\/wp-json\/wp\/v2\/posts"}],"about":[{"href":"https:\/\/etab.ac-reunion.fr\/clg-lacaussade\/wp-json\/wp\/v2\/types\/post"}],"author":[{"embeddable":true,"href":"https:\/\/etab.ac-reunion.fr\/clg-lacaussade\/wp-json\/wp\/v2\/users\/1514"}],"replies":[{"embeddable":true,"href":"https:\/\/etab.ac-reunion.fr\/clg-lacaussade\/wp-json\/wp\/v2\/comments?post=3774"}],"version-history":[{"count":10,"href":"https:\/\/etab.ac-reunion.fr\/clg-lacaussade\/wp-json\/wp\/v2\/posts\/3774\/revisions"}],"predecessor-version":[{"id":3784,"href":"https:\/\/etab.ac-reunion.fr\/clg-lacaussade\/wp-json\/wp\/v2\/posts\/3774\/revisions\/3784"}],"wp:attachment":[{"href":"https:\/\/etab.ac-reunion.fr\/clg-lacaussade\/wp-json\/wp\/v2\/media?parent=3774"}],"wp:term":[{"taxonomy":"category","embeddable":true,"href":"https:\/\/etab.ac-reunion.fr\/clg-lacaussade\/wp-json\/wp\/v2\/categories?post=3774"},{"taxonomy":"post_tag","embeddable":true,"href":"https:\/\/etab.ac-reunion.fr\/clg-lacaussade\/wp-json\/wp\/v2\/tags?post=3774"}],"curies":[{"name":"wp","href":"https:\/\/api.w.org\/{rel}","templated":true}]}}