{"id":3865,"date":"2017-09-25T09:42:52","date_gmt":"2017-09-25T05:42:52","guid":{"rendered":"http:\/\/college-lacaussade.ac-reunion.fr\/?p=3865"},"modified":"2017-09-25T10:04:04","modified_gmt":"2017-09-25T06:04:04","slug":"cafe-des-parents-2017-2018","status":"publish","type":"post","link":"https:\/\/etab.ac-reunion.fr\/clg-lacaussade\/2017\/09\/25\/cafe-des-parents-2017-2018\/","title":{"rendered":"Caf\u00e9 des parents 2017-2018"},"content":{"rendered":"<table style=\"border: 1px solid black\" width=\"100%\" cellspacing=\"0\" cellpadding=\"4\">\n<colgroup>\n<col width=\"64*\" \/>\n<col width=\"64*\" \/>\n<col width=\"64*\" \/>\n<col width=\"64*\" \/> <\/colgroup>\n<tbody>\n<tr>\n<td style=\"border: 1px solid black\" colspan=\"4\" valign=\"top\" width=\"100%\">\n<p align=\"center\"><b>CALENDRIER DU CAFE DES PARENTS 2017-2018<br \/>\n<\/b><\/p>\n<\/td>\n<\/tr>\n<tr style=\"border: 1px solid black\" valign=\"top\">\n<td style=\"border: 1px solid black\" width=\"25%\">\n<p align=\"center\"><b>DATES<\/b><\/p>\n<\/td>\n<td style=\"border: 1px solid black\" width=\"25%\">\n<p align=\"center\"><b>ACTIVITES<\/b><\/p>\n<\/td>\n<td style=\"border: 1px solid black\" width=\"25%\">\n<p align=\"center\"><b>INTERVENANTS<\/b><\/p>\n<\/td>\n<td style=\"border: 1px solid black\" width=\"25%\">\n<p align=\"center\"><b>HORAIRES<\/b><\/p>\n<\/td>\n<\/tr>\n<tr style=\"border: 1px solid black\" valign=\"top\">\n<td style=\"border: 1px solid black\" width=\"25%\">\n<p align=\"center\">12\/09\/17<\/p>\n<\/td>\n<td style=\"border: 1px solid black\" width=\"25%\">\n<p align=\"center\">R\u00e9union de pr\u00e9sentation : calendrier du caf\u00e9 des parents, des diff\u00e9rentes th\u00e9matiques abord\u00e9es, des sorties, ateliers de savoir-faire, \u00e9lections d\u00e9l\u00e9gu\u00e9s de parents<\/p>\n<\/td>\n<td style=\"border: 1px solid black\" width=\"25%\">\n<p align=\"center\">Mme F\u00e9nelon<br \/>\nMme Eclapier<\/p>\n<\/td>\n<td style=\"border: 1px solid black\" width=\"25%\">\n<p align=\"center\">10-12h<\/p>\n<\/td>\n<\/tr>\n<tr style=\"border: 1px solid black\" valign=\"top\">\n<td style=\"border: 1px solid black\" width=\"25%\">\n<p align=\"center\">03\/10\/2017<\/p>\n<\/td>\n<td style=\"border: 1px solid black;text-align: center\" width=\"25%\">Atelier Informatique: Pronote, Blog d&rsquo;\u00e9cole, site du coll\u00e8ge, r\u00e9seaux sociaux&#8230;<\/td>\n<td style=\"border: 1px solid black\" width=\"25%\"><\/td>\n<td style=\"border: 1px solid black\" width=\"25%\">\n<p align=\"center\">9h-12h<\/p>\n<\/td>\n<\/tr>\n<tr style=\"border: 1px solid black\" valign=\"top\">\n<td style=\"border: 1px solid black\" width=\"25%\">\n<p align=\"center\">10\/10\/17<\/p>\n<\/td>\n<td style=\"border: 1px solid black\" width=\"25%\">\n<p align=\"center\">Lire et faire lire<br \/>\nComment sensibiliser notre enfant \u00e0 la lecture<\/p>\n<\/td>\n<td style=\"border: 1px solid black\" width=\"25%\">\n<p align=\"center\">Ligue de l&rsquo;enseignement<br \/>\nMme Chenini<\/p>\n<\/td>\n<td style=\"border: 1px solid black\" width=\"25%\">\n<p align=\"center\">9h-12h<\/p>\n<\/td>\n<\/tr>\n<tr style=\"border: 1px solid black\" valign=\"top\">\n<td style=\"border: 1px solid black\" width=\"25%\">\n<p align=\"center\">31\/10\/17<\/p>\n<\/td>\n<td style=\"border: 1px solid black\" width=\"25%\">\n<p align=\"center\">Atelier Socio-Esth\u00e9tique<br \/>\n20 Personnes<\/p>\n<\/td>\n<td style=\"border: 1px solid black\" width=\"25%\">\n<p align=\"center\">Mme Fran\u00e7oise<br \/>\nSocio-Esth\u00e9ticienne<\/p>\n<\/td>\n<td style=\"border: 1px solid black\" width=\"25%\">\n<p align=\"center\">9h-12h<\/p>\n<\/td>\n<\/tr>\n<tr style=\"border: 1px solid black\" valign=\"top\">\n<td style=\"border: 1px solid black\" width=\"25%\">\n<p align=\"center\">14\/11\/17<\/p>\n<\/td>\n<td style=\"border: 1px solid black\" width=\"25%\">\n<p align=\"center\">Comment parler \u00e0 son adolescent ?<\/p>\n<\/td>\n<td style=\"border: 1px solid black\" width=\"25%\">\n<p align=\"center\">KAZADO<\/p>\n<\/td>\n<td style=\"border: 1px solid black\" width=\"25%\">\n<p align=\"center\">9h-12h<\/p>\n<\/td>\n<\/tr>\n<tr style=\"border: 1px solid black\" valign=\"top\">\n<td style=\"border: 1px solid black\" width=\"25%\">\n<p align=\"center\">28\/11\/17<\/p>\n<\/td>\n<td style=\"border: 1px solid black\" width=\"25%\">\n<p align=\"center\">Sortie \u00e0 l&rsquo;espace Reydellet<br \/>\n20 Personnes<br \/>\nTenu de sport + 2\u20ac<\/p>\n<\/td>\n<td style=\"border: 1px solid black\" width=\"25%\">\n<p align=\"center\">Nout zistwar nout zalor<br \/>\n\u00ab\u00a0Alon bat&rsquo;kar\u00e9 dan zenviron Reydellet\u00a0\u00bb<\/p>\n<\/td>\n<td style=\"border: 1px solid black\" width=\"25%\">\n<p align=\"center\">9h-15h<\/p>\n<\/td>\n<\/tr>\n<tr style=\"border: 1px solid black\" valign=\"top\">\n<td style=\"border: 1px solid black\" width=\"25%\">\n<p align=\"center\">12\/12\/17<\/p>\n<\/td>\n<td style=\"border: 1px solid black\" width=\"25%\">\n<p align=\"center\">Les dangers d&rsquo;internet : la cybercriminalit\u00e9<\/p>\n<\/td>\n<td style=\"border: 1px solid black;text-align: center\" width=\"25%\">BPDJ<\/td>\n<td style=\"border: 1px solid black\" width=\"25%\">\n<p align=\"center\">9h-12h<\/p>\n<\/td>\n<\/tr>\n<tr style=\"border: 1px solid black\" valign=\"top\">\n<td style=\"border: 1px solid black\" width=\"25%\">\n<p align=\"center\">06\/02\/18<\/p>\n<\/td>\n<td style=\"border: 1px solid black\" width=\"25%\">Ligue de lutte contre le cancer<\/td>\n<td style=\"border: 1px solid black\" width=\"25%\">\n<p align=\"center\">Mme Atchicanon<\/p>\n<\/td>\n<td style=\"border: 1px solid black\" width=\"25%\">\n<p align=\"center\">9h-12h<\/p>\n<\/td>\n<\/tr>\n<tr style=\"border: 1px solid black\" valign=\"top\">\n<td style=\"border: 1px solid black\" width=\"25%\">\n<p align=\"center\">20\/02\/18<\/p>\n<\/td>\n<td style=\"border: 1px solid black\" width=\"25%\">\n<p align=\"center\">Self-D\u00e9fense<\/p>\n<\/td>\n<td style=\"border: 1px solid black\" width=\"25%\">\n<p align=\"center\">Camp Papou<\/p>\n<\/td>\n<td style=\"border: 1px solid black\" width=\"25%\">\n<p align=\"center\">9h-12h<\/p>\n<\/td>\n<\/tr>\n<tr style=\"border: 1px solid black\" valign=\"top\">\n<td style=\"border: 1px solid black\" width=\"25%\">\n<p align=\"center\">06\/03\/18<\/p>\n<\/td>\n<td style=\"border: 1px solid black\" width=\"25%\">\n<p align=\"center\">Parit\u00e9, mixit\u00e9, \u00e9galit\u00e9, respect fille\/gar\u00e7on, jeux vid\u00e9o, d\u00e9bat<\/p>\n<\/td>\n<td style=\"border: 1px solid black\" width=\"25%\">\n<p align=\"center\">Chancegal<\/p>\n<\/td>\n<td style=\"border: 1px solid black\" width=\"25%\">\n<p align=\"center\">9h-12h<\/p>\n<\/td>\n<\/tr>\n<tr style=\"border: 1px solid black\" valign=\"top\">\n<td style=\"border: 1px solid black\" width=\"25%\">\n<p align=\"center\">27\/03\/18<\/p>\n<\/td>\n<td style=\"border: 1px solid black\" width=\"25%\">\n<p align=\"center\">Orientation apr\u00e8s la 3\u00e8me<\/p>\n<\/td>\n<td style=\"border: 1px solid black\" width=\"25%\">\n<p align=\"center\">Proviseur des diff\u00e9rents \u00e9tablissements qui accueillent nos \u00e9l\u00e8ves<\/p>\n<\/td>\n<td style=\"border: 1px solid black\" width=\"25%\">\n<p align=\"center\">9h-12h<\/p>\n<\/td>\n<\/tr>\n<tr style=\"border: 1px solid black\" valign=\"top\">\n<td style=\"border: 1px solid black\" width=\"25%\">\n<p align=\"center\">10\/04\/18<\/p>\n<\/td>\n<td style=\"border: 1px solid black\">\n<p align=\"center\">Cuisine<\/p>\n<\/td>\n<td style=\"border: 1px solid black\" width=\"25%\">\n<p align=\"center\">Mme Bolos<\/p>\n<\/td>\n<td style=\"border: 1px solid black\" width=\"25%\">\n<p align=\"center\">9h-12h<\/p>\n<\/td>\n<\/tr>\n<tr style=\"border: 1px solid black\" valign=\"top\">\n<td style=\"border: 1px solid black\" width=\"25%\">\n<p align=\"center\">24\/04\/18<\/p>\n<\/td>\n<td style=\"border: 1px solid black\" width=\"25%\">\n<p align=\"center\">Sortie Espace Reydellet<br \/>\nTenue de sport<br \/>\n20 Personnes<\/p>\n<\/td>\n<td style=\"border: 1px solid black\" width=\"25%\">\n<p align=\"center\">Nout zistwar nout zalor<br \/>\n\u00ab\u00a0La o si la colline, soley y pretent y l\u00e8ve\u00a0\u00bb<\/p>\n<\/td>\n<td style=\"border: 1px solid black\" width=\"25%\">\n<p align=\"center\">9h-15h<\/p>\n<\/td>\n<\/tr>\n<tr style=\"border: 1px solid black\" valign=\"top\">\n<td style=\"border: 1px solid black\" width=\"25%\">\n<p align=\"center\">22\/05\/18<\/p>\n<\/td>\n<td style=\"border: 1px solid black\" width=\"25%\">\n<p align=\"center\">Art floral<\/p>\n<\/td>\n<td style=\"border: 1px solid black\" width=\"25%\">\n<p align=\"center\">Natacha<\/p>\n<\/td>\n<td style=\"border: 1px solid black\" width=\"25%\">\n<p align=\"center\">9h-12h<\/p>\n<\/td>\n<\/tr>\n<tr style=\"border: 1px solid black\" valign=\"top\">\n<td style=\"border: 1px solid black\" width=\"25%\">\n<p align=\"center\">29\/05\/18<\/p>\n<\/td>\n<td style=\"border: 1px solid black\" width=\"25%\">\n<p align=\"center\">Les troubles DYS<\/p>\n<\/td>\n<td style=\"border: 1px solid black\" width=\"25%\">\n<p align=\"center\">Association Dyssemblable + assistante sociale de la MDPH<\/p>\n<\/td>\n<td style=\"border: 1px solid black\" width=\"25%\">\n<p align=\"center\">9h-12h<\/p>\n<\/td>\n<\/tr>\n<tr style=\"border: 1px solid black\" valign=\"top\">\n<td style=\"border: 1px solid black\" width=\"25%\">\n<p align=\"center\">12\/06\/18<\/p>\n<\/td>\n<td style=\"border: 1px solid black\" width=\"25%\">\n<p align=\"center\">Sensibilisation aux gestes de premiers secours<\/p>\n<\/td>\n<td style=\"border: 1px solid black;text-align: center\" width=\"25%\">\n<p align=\"center\">Pompier de Salazie<\/p>\n<\/td>\n<td style=\"border: 1px solid black;text-align: center\" width=\"25%\">\n<p align=\"center\">9h-12h<\/p>\n<\/td>\n<\/tr>\n<tr style=\"border: 1px solid black\" valign=\"top\">\n<td style=\"border: 1px solid black\" width=\"25%\">\n<p align=\"center\">26\/06\/18<\/p>\n<\/td>\n<td style=\"border: 1px solid black\" width=\"25%\">\n<p align=\"center\">Sortie Espace Reydellet<br \/>\nVisite d&rsquo;usine ou randonn\u00e9e chemin des anglais<\/p>\n<\/td>\n<td style=\"border: 1px solid black;text-align: center\" width=\"25%\">\n<p align=\"center\">Nout zistwar nout zalor<\/p>\n<\/td>\n<td style=\"border: 1px solid black;text-align: center\" width=\"25%\">\n<p align=\"center\">9h-15h<\/p>\n<\/td>\n<\/tr>\n<\/tbody>\n<\/table>\n<p><strong>* Attention place limit\u00e9<\/strong><\/p>\n","protected":false},"excerpt":{"rendered":"<p>CALENDRIER DU CAFE DES PARENTS 2017-2018 DATES ACTIVITES INTERVENANTS HORAIRES 12\/09\/17 R\u00e9union de pr\u00e9sentation : calendrier du caf\u00e9 des parents, des diff\u00e9rentes th\u00e9matiques abord\u00e9es, des sorties, ateliers de savoir-faire, \u00e9lections [&hellip;]<\/p>\n","protected":false},"author":1514,"featured_media":0,"comment_status":"closed","ping_status":"closed","sticky":false,"template":"","format":"standard","meta":{"_et_pb_use_builder":"","_et_pb_old_content":"","_et_gb_content_width":"","footnotes":""},"categories":[2,16],"tags":[],"class_list":["post-3865","post","type-post","status-publish","format-standard","hentry","category-actu","category-agenda"],"_links":{"self":[{"href":"https:\/\/etab.ac-reunion.fr\/clg-lacaussade\/wp-json\/wp\/v2\/posts\/3865","targetHints":{"allow":["GET"]}}],"collection":[{"href":"https:\/\/etab.ac-reunion.fr\/clg-lacaussade\/wp-json\/wp\/v2\/posts"}],"about":[{"href":"https:\/\/etab.ac-reunion.fr\/clg-lacaussade\/wp-json\/wp\/v2\/types\/post"}],"author":[{"embeddable":true,"href":"https:\/\/etab.ac-reunion.fr\/clg-lacaussade\/wp-json\/wp\/v2\/users\/1514"}],"replies":[{"embeddable":true,"href":"https:\/\/etab.ac-reunion.fr\/clg-lacaussade\/wp-json\/wp\/v2\/comments?post=3865"}],"version-history":[{"count":8,"href":"https:\/\/etab.ac-reunion.fr\/clg-lacaussade\/wp-json\/wp\/v2\/posts\/3865\/revisions"}],"predecessor-version":[{"id":3879,"href":"https:\/\/etab.ac-reunion.fr\/clg-lacaussade\/wp-json\/wp\/v2\/posts\/3865\/revisions\/3879"}],"wp:attachment":[{"href":"https:\/\/etab.ac-reunion.fr\/clg-lacaussade\/wp-json\/wp\/v2\/media?parent=3865"}],"wp:term":[{"taxonomy":"category","embeddable":true,"href":"https:\/\/etab.ac-reunion.fr\/clg-lacaussade\/wp-json\/wp\/v2\/categories?post=3865"},{"taxonomy":"post_tag","embeddable":true,"href":"https:\/\/etab.ac-reunion.fr\/clg-lacaussade\/wp-json\/wp\/v2\/tags?post=3865"}],"curies":[{"name":"wp","href":"https:\/\/api.w.org\/{rel}","templated":true}]}}