{"id":4035,"date":"2017-11-14T13:52:08","date_gmt":"2017-11-14T09:52:08","guid":{"rendered":"http:\/\/college-lacaussade.ac-reunion.fr\/?p=4035"},"modified":"2017-11-14T13:59:25","modified_gmt":"2017-11-14T09:59:25","slug":"exposition-halloween-au-cdi-3","status":"publish","type":"post","link":"https:\/\/etab.ac-reunion.fr\/clg-lacaussade\/2017\/11\/14\/exposition-halloween-au-cdi-3\/","title":{"rendered":"Exposition  \u00ab Halloween \u00bb  au  CDI"},"content":{"rendered":"<p style=\"text-align: center\">Depuis le mardi 31\/10, une exposition sur le th\u00e8me d\u2019Halloweenest en cours au CDI.<\/p>\n<p style=\"text-align: center\">Comme les deux ann\u00e9es pr\u00e9c\u00e9dentes, les productions ont \u00e9t\u00e9 r\u00e9alis\u00e9s en cours d\u2019arts plastiques avec Mme Martinez.<\/p>\n<p style=\"text-align: center\">Pour cette 3\u00e8 \u00e9dition, les \u00e9l\u00e8ves se sont surpass\u00e9s et ont mis les techniques apprises en classe au service de leur imagination d\u00e9bordante.<\/p>\n<p style=\"text-align: center\">Si ce n\u2019est pas encore fait venez vite d\u00e9couvrir cette belle exposition, pr\u00e9sente au CDI jusqu\u2019au 27\/11.<\/p>\n\n\t\t<style type=\"text\/css\">\n\t\t\t#gallery-1 {\n\t\t\t\tmargin: auto;\n\t\t\t}\n\t\t\t#gallery-1 .gallery-item {\n\t\t\t\tfloat: left;\n\t\t\t\tmargin-top: 10px;\n\t\t\t\ttext-align: center;\n\t\t\t\twidth: 33%;\n\t\t\t}\n\t\t\t#gallery-1 img {\n\t\t\t\tborder: 2px solid #cfcfcf;\n\t\t\t}\n\t\t\t#gallery-1 .gallery-caption {\n\t\t\t\tmargin-left: 0;\n\t\t\t}\n\t\t\t\/* see gallery_shortcode() in wp-includes\/media.php *\/\n\t\t<\/style>\n\t\t<div id='gallery-1' class='gallery galleryid-4035 gallery-columns-3 gallery-size-thumbnail'><dl class='gallery-item'>\n\t\t\t<dt class='gallery-icon landscape'>\n\t\t\t\t<a href='https:\/\/etab.ac-reunion.fr\/clg-lacaussade\/wp-content\/uploads\/sites\/75\/2017\/11\/IMG_20171114_091253.jpg'><img loading=\"lazy\" decoding=\"async\" width=\"150\" height=\"150\" src=\"https:\/\/etab.ac-reunion.fr\/clg-lacaussade\/wp-content\/uploads\/sites\/75\/2017\/11\/IMG_20171114_091253-150x150.jpg\" class=\"attachment-thumbnail size-thumbnail\" alt=\"\" srcset=\"https:\/\/etab.ac-reunion.fr\/clg-lacaussade\/wp-content\/uploads\/sites\/75\/2017\/11\/IMG_20171114_091253-150x150.jpg 150w, https:\/\/etab.ac-reunion.fr\/clg-lacaussade\/wp-content\/uploads\/sites\/75\/2017\/11\/IMG_20171114_091253-140x140.jpg 140w, https:\/\/etab.ac-reunion.fr\/clg-lacaussade\/wp-content\/uploads\/sites\/75\/2017\/11\/IMG_20171114_091253-74x74.jpg 74w, https:\/\/etab.ac-reunion.fr\/clg-lacaussade\/wp-content\/uploads\/sites\/75\/2017\/11\/IMG_20171114_091253-184x184.jpg 184w\" sizes=\"(max-width: 150px) 100vw, 150px\" \/><\/a>\n\t\t\t<\/dt><\/dl><dl class='gallery-item'>\n\t\t\t<dt class='gallery-icon portrait'>\n\t\t\t\t<a href='https:\/\/etab.ac-reunion.fr\/clg-lacaussade\/wp-content\/uploads\/sites\/75\/2017\/11\/IMG_20171114_091451.jpg'><img loading=\"lazy\" decoding=\"async\" width=\"150\" height=\"150\" src=\"https:\/\/etab.ac-reunion.fr\/clg-lacaussade\/wp-content\/uploads\/sites\/75\/2017\/11\/IMG_20171114_091451-150x150.jpg\" class=\"attachment-thumbnail size-thumbnail\" alt=\"\" srcset=\"https:\/\/etab.ac-reunion.fr\/clg-lacaussade\/wp-content\/uploads\/sites\/75\/2017\/11\/IMG_20171114_091451-150x150.jpg 150w, https:\/\/etab.ac-reunion.fr\/clg-lacaussade\/wp-content\/uploads\/sites\/75\/2017\/11\/IMG_20171114_091451-140x140.jpg 140w, https:\/\/etab.ac-reunion.fr\/clg-lacaussade\/wp-content\/uploads\/sites\/75\/2017\/11\/IMG_20171114_091451-74x74.jpg 74w, https:\/\/etab.ac-reunion.fr\/clg-lacaussade\/wp-content\/uploads\/sites\/75\/2017\/11\/IMG_20171114_091451-184x184.jpg 184w\" sizes=\"(max-width: 150px) 100vw, 150px\" \/><\/a>\n\t\t\t<\/dt><\/dl><dl class='gallery-item'>\n\t\t\t<dt class='gallery-icon portrait'>\n\t\t\t\t<a href='https:\/\/etab.ac-reunion.fr\/clg-lacaussade\/wp-content\/uploads\/sites\/75\/2017\/11\/IMG_20171114_091211.jpg'><img loading=\"lazy\" decoding=\"async\" width=\"150\" height=\"150\" src=\"https:\/\/etab.ac-reunion.fr\/clg-lacaussade\/wp-content\/uploads\/sites\/75\/2017\/11\/IMG_20171114_091211-150x150.jpg\" class=\"attachment-thumbnail size-thumbnail\" alt=\"\" srcset=\"https:\/\/etab.ac-reunion.fr\/clg-lacaussade\/wp-content\/uploads\/sites\/75\/2017\/11\/IMG_20171114_091211-150x150.jpg 150w, https:\/\/etab.ac-reunion.fr\/clg-lacaussade\/wp-content\/uploads\/sites\/75\/2017\/11\/IMG_20171114_091211-140x140.jpg 140w, https:\/\/etab.ac-reunion.fr\/clg-lacaussade\/wp-content\/uploads\/sites\/75\/2017\/11\/IMG_20171114_091211-74x74.jpg 74w, https:\/\/etab.ac-reunion.fr\/clg-lacaussade\/wp-content\/uploads\/sites\/75\/2017\/11\/IMG_20171114_091211-184x184.jpg 184w\" sizes=\"(max-width: 150px) 100vw, 150px\" \/><\/a>\n\t\t\t<\/dt><\/dl><br style=\"clear: both\" \/>\n\t\t<\/div>\n\n<p>&nbsp;<\/p>\n<p style=\"text-align: center\"><a href=\"https:\/\/etab.ac-reunion.fr\/clg-lacaussade\/2017\/11\/14\/exposition-halloween-au-cdi-2\/\" target=\"_blank\" rel=\"noopener\"><span style=\"font-size: 18px\"><span style=\"color: #ff6600\">&gt;&gt; Pour voir plus de Photo de l&rsquo;exposition cliquez ICI &lt;&lt;<\/span><\/span><\/a><\/p>\n","protected":false},"excerpt":{"rendered":"<p>Depuis le mardi 31\/10, une exposition sur le th\u00e8me d\u2019Halloweenest en cours au CDI. Comme les deux ann\u00e9es pr\u00e9c\u00e9dentes, les productions ont \u00e9t\u00e9 r\u00e9alis\u00e9s en cours d\u2019arts plastiques avec Mme [&hellip;]<\/p>\n","protected":false},"author":17018,"featured_media":0,"comment_status":"closed","ping_status":"closed","sticky":false,"template":"","format":"standard","meta":{"_et_pb_use_builder":"","_et_pb_old_content":"","_et_gb_content_width":"","footnotes":""},"categories":[2,7,15],"tags":[],"class_list":["post-4035","post","type-post","status-publish","format-standard","hentry","category-actu","category-arts","category-cdi"],"_links":{"self":[{"href":"https:\/\/etab.ac-reunion.fr\/clg-lacaussade\/wp-json\/wp\/v2\/posts\/4035","targetHints":{"allow":["GET"]}}],"collection":[{"href":"https:\/\/etab.ac-reunion.fr\/clg-lacaussade\/wp-json\/wp\/v2\/posts"}],"about":[{"href":"https:\/\/etab.ac-reunion.fr\/clg-lacaussade\/wp-json\/wp\/v2\/types\/post"}],"author":[{"embeddable":true,"href":"https:\/\/etab.ac-reunion.fr\/clg-lacaussade\/wp-json\/wp\/v2\/users\/17018"}],"replies":[{"embeddable":true,"href":"https:\/\/etab.ac-reunion.fr\/clg-lacaussade\/wp-json\/wp\/v2\/comments?post=4035"}],"version-history":[{"count":2,"href":"https:\/\/etab.ac-reunion.fr\/clg-lacaussade\/wp-json\/wp\/v2\/posts\/4035\/revisions"}],"predecessor-version":[{"id":4038,"href":"https:\/\/etab.ac-reunion.fr\/clg-lacaussade\/wp-json\/wp\/v2\/posts\/4035\/revisions\/4038"}],"wp:attachment":[{"href":"https:\/\/etab.ac-reunion.fr\/clg-lacaussade\/wp-json\/wp\/v2\/media?parent=4035"}],"wp:term":[{"taxonomy":"category","embeddable":true,"href":"https:\/\/etab.ac-reunion.fr\/clg-lacaussade\/wp-json\/wp\/v2\/categories?post=4035"},{"taxonomy":"post_tag","embeddable":true,"href":"https:\/\/etab.ac-reunion.fr\/clg-lacaussade\/wp-json\/wp\/v2\/tags?post=4035"}],"curies":[{"name":"wp","href":"https:\/\/api.w.org\/{rel}","templated":true}]}}