{"id":4183,"date":"2017-12-22T08:58:08","date_gmt":"2017-12-22T04:58:08","guid":{"rendered":"http:\/\/college-lacaussade.ac-reunion.fr\/?p=4183"},"modified":"2017-12-22T08:58:08","modified_gmt":"2017-12-22T04:58:08","slug":"journee-de-la-laicite-2","status":"publish","type":"post","link":"https:\/\/etab.ac-reunion.fr\/clg-lacaussade\/2017\/12\/22\/journee-de-la-laicite-2\/","title":{"rendered":"Journ\u00e9e de la la\u00efcit\u00e9"},"content":{"rendered":"<p style=\"text-align: center\"><span style=\"color: #ff3333\"><span style=\"font-family: Arial Rounded MT Bold,sans-serif\"><span style=\"font-size: large\">Journ\u00e9e de la la\u00efcit\u00e9<\/span><\/span><\/span><\/p>\n<p><span style=\"font-family: Comic Sans MS,cursive\"> Cette ann\u00e9e, la journ\u00e9e de la\u00efcit\u00e9 a \u00e9t\u00e9 c\u00e9l\u00e9br\u00e9 au coll\u00e8ge le vendredi 08 d\u00e9cembre.Elle a \u00e9t\u00e9 organis\u00e9 en collaboration avec les CPE, les \u00e9l\u00e8ves du CVC, la professeur d\u2019art plastique et la professeur documentaliste.<\/span><\/p>\n<p><span style=\"font-family: Comic Sans MS,cursive\"> Diff\u00e9rentes actions ont \u00e9t\u00e9 men\u00e9 durant cette journ\u00e9e\u00a0qui a mobilis\u00e9 l\u2019ensemble des \u00e9l\u00e8ves du coll\u00e8ge\u00a0:<\/span><\/p>\n<p><span style=\"font-family: Comic Sans MS,cursive\">&#8211; <span style=\"color: #ff3333\">D<\/span><span style=\"color: #ff3333\">ress code bleu, blanc, rouge<\/span> sur une id\u00e9e des \u00e9l\u00e8ves du CVC<\/span><\/p>\n<p><span style=\"font-family: Comic Sans MS,cursive\">&#8211; <span style=\"color: #0066ff\">Concours de dessin sur la la\u00efcit\u00e9<\/span>\u00a0: tous les \u00e9l\u00e8ves du coll\u00e8ge ont \u00e9t\u00e9 invit\u00e9 par la professeur d\u2019art plastique et la professeur documentaliste a particip\u00e9 \u00e0 un concours de dessin sur la la\u00efcit\u00e9 et les valeurs de la r\u00e9publique. Un travail de recherche a \u00e9t\u00e9 r\u00e9alis\u00e9 en cours et de nombreux \u00e9l\u00e8ves ont particip\u00e9 au concours.<\/span><\/p>\n<p><span style=\"font-family: Comic Sans MS,cursive\">Leurs dessins ont \u00e9t\u00e9 affich\u00e9 devant le CDI et sous le hall dans la cour.<\/span><\/p>\n<p><span style=\"font-family: Comic Sans MS,cursive\">Les dessins les plus r\u00e9ussis seront r\u00e9compens\u00e9s.<\/span><\/p>\n<p><span style=\"font-family: Comic Sans MS,cursive\">&#8211; <span style=\"color: #ff3333\">Diaporama sur la la\u00efcit\u00e9 et les valeurs de la r\u00e9publique \u00e0 l\u2019\u00e9cole<\/span>\u00a0: 3 \u00e9l\u00e8ves du CVC ont r\u00e9alis\u00e9 et pr\u00e9sent\u00e9 un diaporama autour de la probl\u00e9matique suivante\u00a0:<\/span><\/p>\n<p><span style=\"font-family: Comic Sans MS,cursive\">En quoi la la\u00efcit\u00e9 \u00e0 l\u2019\u00e9cole garantie-t-elle le \u00ab\u00a0vivre ensemble\u00a0?\u00a0\u00bb<\/span><\/p>\n<p><span style=\"font-family: Comic Sans MS,cursive\">&#8211; <span style=\"color: #0066ff\">Photo en forme de drapeau fran\u00e7ais<\/span>\u00a0: une photo a \u00e9t\u00e9 r\u00e9alis\u00e9 avec l\u2019ensemble des \u00e9l\u00e8ves pour repr\u00e9senter le drapeau fran\u00e7ais.<\/span><\/p>\n<p><span style=\"font-family: Comic Sans MS,cursive\">Merci \u00e0 tous les \u00e9l\u00e8ves et aux personnels pour leur participation\u00a0\u00e0 la r\u00e9ussite de cette journ\u00e9e !<\/span><\/p>\n<p align=\"center\"><i><a href=\"https:\/\/etab.ac-reunion.fr\/clg-lacaussade\/2017\/12\/22\/journee-de-la-laicite\/\">&gt; Galerie de photos ici &lt;<\/a><br \/>\n<\/i><\/p>\n","protected":false},"excerpt":{"rendered":"<p>Journ\u00e9e de la la\u00efcit\u00e9 Cette ann\u00e9e, la journ\u00e9e de la\u00efcit\u00e9 a \u00e9t\u00e9 c\u00e9l\u00e9br\u00e9 au coll\u00e8ge le vendredi 08 d\u00e9cembre.Elle a \u00e9t\u00e9 organis\u00e9 en collaboration avec les CPE, les \u00e9l\u00e8ves du [&hellip;]<\/p>\n","protected":false},"author":17018,"featured_media":0,"comment_status":"closed","ping_status":"closed","sticky":false,"template":"","format":"standard","meta":{"_et_pb_use_builder":"","_et_pb_old_content":"","_et_gb_content_width":"","footnotes":""},"categories":[2],"tags":[],"class_list":["post-4183","post","type-post","status-publish","format-standard","hentry","category-actu"],"_links":{"self":[{"href":"https:\/\/etab.ac-reunion.fr\/clg-lacaussade\/wp-json\/wp\/v2\/posts\/4183","targetHints":{"allow":["GET"]}}],"collection":[{"href":"https:\/\/etab.ac-reunion.fr\/clg-lacaussade\/wp-json\/wp\/v2\/posts"}],"about":[{"href":"https:\/\/etab.ac-reunion.fr\/clg-lacaussade\/wp-json\/wp\/v2\/types\/post"}],"author":[{"embeddable":true,"href":"https:\/\/etab.ac-reunion.fr\/clg-lacaussade\/wp-json\/wp\/v2\/users\/17018"}],"replies":[{"embeddable":true,"href":"https:\/\/etab.ac-reunion.fr\/clg-lacaussade\/wp-json\/wp\/v2\/comments?post=4183"}],"version-history":[{"count":1,"href":"https:\/\/etab.ac-reunion.fr\/clg-lacaussade\/wp-json\/wp\/v2\/posts\/4183\/revisions"}],"predecessor-version":[{"id":4184,"href":"https:\/\/etab.ac-reunion.fr\/clg-lacaussade\/wp-json\/wp\/v2\/posts\/4183\/revisions\/4184"}],"wp:attachment":[{"href":"https:\/\/etab.ac-reunion.fr\/clg-lacaussade\/wp-json\/wp\/v2\/media?parent=4183"}],"wp:term":[{"taxonomy":"category","embeddable":true,"href":"https:\/\/etab.ac-reunion.fr\/clg-lacaussade\/wp-json\/wp\/v2\/categories?post=4183"},{"taxonomy":"post_tag","embeddable":true,"href":"https:\/\/etab.ac-reunion.fr\/clg-lacaussade\/wp-json\/wp\/v2\/tags?post=4183"}],"curies":[{"name":"wp","href":"https:\/\/api.w.org\/{rel}","templated":true}]}}