{"id":5530,"date":"2022-11-15T13:10:26","date_gmt":"2022-11-15T09:10:26","guid":{"rendered":"https:\/\/etab.ac-reunion.fr\/clg-le-dimitile-blog\/?p=5530"},"modified":"2022-11-15T13:10:26","modified_gmt":"2022-11-15T09:10:26","slug":"le-groenland","status":"publish","type":"post","link":"https:\/\/etab.ac-reunion.fr\/clg-le-dimitile-blog\/2022\/11\/15\/le-groenland\/","title":{"rendered":"Le Groenland"},"content":{"rendered":"\n<figure class=\"wp-block-image size-full is-resized\"><img loading=\"lazy\" decoding=\"async\" src=\"https:\/\/etab.ac-reunion.fr\/clg-le-dimitile-blog\/wp-content\/uploads\/sites\/152\/2022\/09\/image-3.png\" alt=\"\" class=\"wp-image-5533\" width=\"136\" height=\"136\" srcset=\"https:\/\/etab.ac-reunion.fr\/clg-le-dimitile-blog\/wp-content\/uploads\/sites\/152\/2022\/09\/image-3.png 640w, https:\/\/etab.ac-reunion.fr\/clg-le-dimitile-blog\/wp-content\/uploads\/sites\/152\/2022\/09\/image-3-300x300.png 300w, https:\/\/etab.ac-reunion.fr\/clg-le-dimitile-blog\/wp-content\/uploads\/sites\/152\/2022\/09\/image-3-150x150.png 150w\" sizes=\"auto, (max-width: 136px) 100vw, 136px\" \/><figcaption class=\"wp-element-caption\">Voici le drapeau du Groenland.<\/figcaption><\/figure>\n\n\n\n<p>Le Groenland est un grand territoire Danois , il se situe au nord de l&rsquo;oc\u00e9an Atlantique \u00e0 gauche de l&rsquo;oc\u00e9an glacial Arctique.<\/p>\n\n\n\n<figure class=\"wp-block-image size-full is-resized\"><img loading=\"lazy\" decoding=\"async\" src=\"https:\/\/etab.ac-reunion.fr\/clg-le-dimitile-blog\/wp-content\/uploads\/sites\/152\/2022\/09\/image-6.png\" alt=\"\" class=\"wp-image-5542\" width=\"190\" height=\"190\" srcset=\"https:\/\/etab.ac-reunion.fr\/clg-le-dimitile-blog\/wp-content\/uploads\/sites\/152\/2022\/09\/image-6.png 220w, https:\/\/etab.ac-reunion.fr\/clg-le-dimitile-blog\/wp-content\/uploads\/sites\/152\/2022\/09\/image-6-150x150.png 150w\" sizes=\"auto, (max-width: 190px) 100vw, 190px\" \/><\/figure>\n\n\n\n<p>Le Groenland n&rsquo;est quasiment rempli que de glaces.<\/p>\n\n\n\n<figure class=\"wp-block-image size-full is-resized\"><img loading=\"lazy\" decoding=\"async\" src=\"https:\/\/etab.ac-reunion.fr\/clg-le-dimitile-blog\/wp-content\/uploads\/sites\/152\/2022\/09\/image-5.png\" alt=\"\" class=\"wp-image-5539\" width=\"285\" height=\"190\" srcset=\"https:\/\/etab.ac-reunion.fr\/clg-le-dimitile-blog\/wp-content\/uploads\/sites\/152\/2022\/09\/image-5.png 675w, https:\/\/etab.ac-reunion.fr\/clg-le-dimitile-blog\/wp-content\/uploads\/sites\/152\/2022\/09\/image-5-300x200.png 300w, https:\/\/etab.ac-reunion.fr\/clg-le-dimitile-blog\/wp-content\/uploads\/sites\/152\/2022\/09\/image-5-150x100.png 150w\" sizes=\"auto, (max-width: 285px) 100vw, 285px\" \/><\/figure>\n\n\n\n<p>Le Groenland \u00e9tait une colonie Danoise jusqu&rsquo;en 1953. <\/p>\n\n\n\n<p>En 2022 il est peupl\u00e9 de 56 562 habitants. C&rsquo;est le pays le moins peupl\u00e9 du monde. <\/p>\n\n\n\n<p>Au Groenland ils parlent Groenlandais. <\/p>\n\n\n\n<p>La temp\u00e9rature en \u00e9t\u00e9 est de 5 \u00e0 15 degr\u00e9s. Et en hiver elle est de -20 \u00e0 -40 degr\u00e9s.<\/p>\n\n\n\n<p> Le Groenland a une capitale qui s&rsquo;appelle NUUK. <\/p>\n\n\n\n<p>Voici Nuuk.<\/p>\n\n\n\n<figure class=\"wp-block-image size-large is-resized\"><img loading=\"lazy\" decoding=\"async\" src=\"https:\/\/etab.ac-reunion.fr\/clg-le-dimitile-blog\/wp-content\/uploads\/sites\/152\/2022\/09\/image-7-1024x538.png\" alt=\"\" class=\"wp-image-5575\" width=\"312\" height=\"164\" srcset=\"https:\/\/etab.ac-reunion.fr\/clg-le-dimitile-blog\/wp-content\/uploads\/sites\/152\/2022\/09\/image-7-1024x538.png 1024w, https:\/\/etab.ac-reunion.fr\/clg-le-dimitile-blog\/wp-content\/uploads\/sites\/152\/2022\/09\/image-7-300x158.png 300w, https:\/\/etab.ac-reunion.fr\/clg-le-dimitile-blog\/wp-content\/uploads\/sites\/152\/2022\/09\/image-7-768x403.png 768w, https:\/\/etab.ac-reunion.fr\/clg-le-dimitile-blog\/wp-content\/uploads\/sites\/152\/2022\/09\/image-7-150x79.png 150w, https:\/\/etab.ac-reunion.fr\/clg-le-dimitile-blog\/wp-content\/uploads\/sites\/152\/2022\/09\/image-7.png 1200w\" sizes=\"auto, (max-width: 312px) 100vw, 312px\" \/><\/figure>\n\n\n\n<p>Lilou Delaplace, 5e B<\/p>\n","protected":false},"excerpt":{"rendered":"<p>Le Groenland est un grand territoire Danois , il se situe au nord de l&rsquo;oc\u00e9an Atlantique \u00e0 gauche de l&rsquo;oc\u00e9an glacial Arctique. Le Groenland n&rsquo;est\u2026<\/p>\n<p class=\"continue-reading-button\"> <a class=\"continue-reading-link\" href=\"https:\/\/etab.ac-reunion.fr\/clg-le-dimitile-blog\/2022\/11\/15\/le-groenland\/\">Lire la suite<i class=\"crycon-right-dir\"><\/i><\/a><\/p>\n","protected":false},"author":30681,"featured_media":5542,"comment_status":"open","ping_status":"open","sticky":false,"template":"","format":"standard","meta":{"footnotes":""},"categories":[20],"tags":[193,40],"class_list":["post-5530","post","type-post","status-publish","format-standard","has-post-thumbnail","hentry","category-tourisme","tag-pays","tag-tourisme"],"_links":{"self":[{"href":"https:\/\/etab.ac-reunion.fr\/clg-le-dimitile-blog\/wp-json\/wp\/v2\/posts\/5530","targetHints":{"allow":["GET"]}}],"collection":[{"href":"https:\/\/etab.ac-reunion.fr\/clg-le-dimitile-blog\/wp-json\/wp\/v2\/posts"}],"about":[{"href":"https:\/\/etab.ac-reunion.fr\/clg-le-dimitile-blog\/wp-json\/wp\/v2\/types\/post"}],"author":[{"embeddable":true,"href":"https:\/\/etab.ac-reunion.fr\/clg-le-dimitile-blog\/wp-json\/wp\/v2\/users\/30681"}],"replies":[{"embeddable":true,"href":"https:\/\/etab.ac-reunion.fr\/clg-le-dimitile-blog\/wp-json\/wp\/v2\/comments?post=5530"}],"version-history":[{"count":7,"href":"https:\/\/etab.ac-reunion.fr\/clg-le-dimitile-blog\/wp-json\/wp\/v2\/posts\/5530\/revisions"}],"predecessor-version":[{"id":5989,"href":"https:\/\/etab.ac-reunion.fr\/clg-le-dimitile-blog\/wp-json\/wp\/v2\/posts\/5530\/revisions\/5989"}],"wp:featuredmedia":[{"embeddable":true,"href":"https:\/\/etab.ac-reunion.fr\/clg-le-dimitile-blog\/wp-json\/wp\/v2\/media\/5542"}],"wp:attachment":[{"href":"https:\/\/etab.ac-reunion.fr\/clg-le-dimitile-blog\/wp-json\/wp\/v2\/media?parent=5530"}],"wp:term":[{"taxonomy":"category","embeddable":true,"href":"https:\/\/etab.ac-reunion.fr\/clg-le-dimitile-blog\/wp-json\/wp\/v2\/categories?post=5530"},{"taxonomy":"post_tag","embeddable":true,"href":"https:\/\/etab.ac-reunion.fr\/clg-le-dimitile-blog\/wp-json\/wp\/v2\/tags?post=5530"}],"curies":[{"name":"wp","href":"https:\/\/api.w.org\/{rel}","templated":true}]}}