{"id":5764,"date":"2022-10-25T13:10:16","date_gmt":"2022-10-25T09:10:16","guid":{"rendered":"https:\/\/etab.ac-reunion.fr\/clg-le-dimitile-blog\/?p=5764"},"modified":"2023-09-12T12:39:42","modified_gmt":"2023-09-12T08:39:42","slug":"luca","status":"publish","type":"post","link":"https:\/\/etab.ac-reunion.fr\/clg-le-dimitile-blog\/2022\/10\/25\/luca\/","title":{"rendered":"LUCA"},"content":{"rendered":"\n<figure class=\"wp-block-image size-full is-resized is-style-rounded\"><img loading=\"lazy\" decoding=\"async\" src=\"https:\/\/etab.ac-reunion.fr\/clg-le-dimitile-blog\/wp-content\/uploads\/sites\/152\/2022\/10\/LUCA.jpg\" alt=\"\" class=\"wp-image-5765\" style=\"width:574px;height:813px\" width=\"574\" height=\"813\" srcset=\"https:\/\/etab.ac-reunion.fr\/clg-le-dimitile-blog\/wp-content\/uploads\/sites\/152\/2022\/10\/LUCA.jpg 550w, https:\/\/etab.ac-reunion.fr\/clg-le-dimitile-blog\/wp-content\/uploads\/sites\/152\/2022\/10\/LUCA-212x300.jpg 212w, https:\/\/etab.ac-reunion.fr\/clg-le-dimitile-blog\/wp-content\/uploads\/sites\/152\/2022\/10\/LUCA-106x150.jpg 106w\" sizes=\"auto, (max-width: 574px) 100vw, 574px\" \/><\/figure>\n\n\n\n<p class=\"has-large-font-size\">HISTOIRE<\/p>\n\n\n\n<p class=\"has-medium-font-size\">M\u00eame si sa m\u00e8re lui a formellement interdit, Luca, un jeune monstre marin, s&rsquo;aventure hors de l&rsquo;eau. Il d\u00e9couvre alors qu&rsquo;une fois sec, ses \u00e9cailles disparaissent, lui permettant de prendre une apparence humaine. Sur la plage de la Riviera italienne, il fait la rencontre d&rsquo;Alberto, un monstre marin du m\u00eame \u00e2ge que lui, avec qui il se risque \u00e0 visiter la ville voisine. Les deux nouveaux comparses se lient d&rsquo;amiti\u00e9 avec l&rsquo;adolescente Giulia, qui les encouragera \u00e0 participer \u00e0 un triathlon.<\/p>\n\n\n\n<p class=\"has-large-font-size\">PERSONNAGES<\/p>\n\n\n\n<p class=\"has-medium-font-size\">On va commencer tout d&rsquo;abord par le personnage principal qui est :<\/p>\n\n\n\n<p class=\"has-large-font-size\">LUCA<\/p>\n\n\n\n<figure class=\"wp-block-image size-large is-resized is-style-default\"><img loading=\"lazy\" decoding=\"async\" src=\"https:\/\/etab.ac-reunion.fr\/clg-le-dimitile-blog\/wp-content\/uploads\/sites\/152\/2022\/10\/LUCA-550x1024.png\" alt=\"\" class=\"wp-image-5766\" style=\"width:139px;height:259px\" width=\"139\" height=\"259\" srcset=\"https:\/\/etab.ac-reunion.fr\/clg-le-dimitile-blog\/wp-content\/uploads\/sites\/152\/2022\/10\/LUCA-550x1024.png 550w, https:\/\/etab.ac-reunion.fr\/clg-le-dimitile-blog\/wp-content\/uploads\/sites\/152\/2022\/10\/LUCA-161x300.png 161w, https:\/\/etab.ac-reunion.fr\/clg-le-dimitile-blog\/wp-content\/uploads\/sites\/152\/2022\/10\/LUCA-81x150.png 81w, https:\/\/etab.ac-reunion.fr\/clg-le-dimitile-blog\/wp-content\/uploads\/sites\/152\/2022\/10\/LUCA.png 644w\" sizes=\"auto, (max-width: 139px) 100vw, 139px\" \/><figcaption class=\"wp-element-caption\">Luca est l&rsquo;ami d&rsquo; Alberto et de Giulia<\/figcaption><\/figure>\n\n\n\n<p>Et il peut se changer en monstre des mers comme \u00e7a :<\/p>\n\n\n\n<figure class=\"wp-block-image size-full is-resized is-style-rounded\"><img loading=\"lazy\" decoding=\"async\" src=\"https:\/\/etab.ac-reunion.fr\/clg-le-dimitile-blog\/wp-content\/uploads\/sites\/152\/2023\/09\/luca-monde-enchante-disney-pixar-9782012049055-61d0a0656d6c0085675607.jpg\" alt=\"\" class=\"wp-image-6845\" style=\"width:214px;height:212px\" width=\"214\" height=\"212\" srcset=\"https:\/\/etab.ac-reunion.fr\/clg-le-dimitile-blog\/wp-content\/uploads\/sites\/152\/2023\/09\/luca-monde-enchante-disney-pixar-9782012049055-61d0a0656d6c0085675607.jpg 475w, https:\/\/etab.ac-reunion.fr\/clg-le-dimitile-blog\/wp-content\/uploads\/sites\/152\/2023\/09\/luca-monde-enchante-disney-pixar-9782012049055-61d0a0656d6c0085675607-300x297.jpg 300w, https:\/\/etab.ac-reunion.fr\/clg-le-dimitile-blog\/wp-content\/uploads\/sites\/152\/2023\/09\/luca-monde-enchante-disney-pixar-9782012049055-61d0a0656d6c0085675607-150x150.jpg 150w\" sizes=\"auto, (max-width: 214px) 100vw, 214px\" \/><\/figure>\n\n\n\n<p class=\"has-large-font-size\">ALBERTO<\/p>\n\n\n\n<figure class=\"wp-block-image size-large is-resized is-style-default\"><img loading=\"lazy\" decoding=\"async\" src=\"https:\/\/etab.ac-reunion.fr\/clg-le-dimitile-blog\/wp-content\/uploads\/sites\/152\/2022\/10\/Alberto-Luca-Disney-PNG-683x1024.png\" alt=\"\" class=\"wp-image-5767\" style=\"width:146px;height:219px\" width=\"146\" height=\"219\" srcset=\"https:\/\/etab.ac-reunion.fr\/clg-le-dimitile-blog\/wp-content\/uploads\/sites\/152\/2022\/10\/Alberto-Luca-Disney-PNG-683x1024.png 683w, https:\/\/etab.ac-reunion.fr\/clg-le-dimitile-blog\/wp-content\/uploads\/sites\/152\/2022\/10\/Alberto-Luca-Disney-PNG-200x300.png 200w, https:\/\/etab.ac-reunion.fr\/clg-le-dimitile-blog\/wp-content\/uploads\/sites\/152\/2022\/10\/Alberto-Luca-Disney-PNG-768x1152.png 768w, https:\/\/etab.ac-reunion.fr\/clg-le-dimitile-blog\/wp-content\/uploads\/sites\/152\/2022\/10\/Alberto-Luca-Disney-PNG-100x150.png 100w, https:\/\/etab.ac-reunion.fr\/clg-le-dimitile-blog\/wp-content\/uploads\/sites\/152\/2022\/10\/Alberto-Luca-Disney-PNG.png 800w\" sizes=\"auto, (max-width: 146px) 100vw, 146px\" \/><figcaption class=\"wp-element-caption\">Alberto est l&rsquo;ami de Giulia et de Luca lui aussi peut se changer en monstre des mers<\/figcaption><\/figure>\n\n\n\n<p>le voici :<\/p>\n\n\n\n<figure class=\"wp-block-image size-full is-resized is-style-rounded\"><img loading=\"lazy\" decoding=\"async\" src=\"https:\/\/etab.ac-reunion.fr\/clg-le-dimitile-blog\/wp-content\/uploads\/sites\/152\/2023\/09\/alberto1_1.jpg\" alt=\"\" class=\"wp-image-6847\" style=\"width:166px;height:221px\" width=\"166\" height=\"221\" srcset=\"https:\/\/etab.ac-reunion.fr\/clg-le-dimitile-blog\/wp-content\/uploads\/sites\/152\/2023\/09\/alberto1_1.jpg 450w, https:\/\/etab.ac-reunion.fr\/clg-le-dimitile-blog\/wp-content\/uploads\/sites\/152\/2023\/09\/alberto1_1-225x300.jpg 225w, https:\/\/etab.ac-reunion.fr\/clg-le-dimitile-blog\/wp-content\/uploads\/sites\/152\/2023\/09\/alberto1_1-113x150.jpg 113w\" sizes=\"auto, (max-width: 166px) 100vw, 166px\" \/><\/figure>\n\n\n\n<p class=\"has-large-font-size\">GIULIA<\/p>\n\n\n\n<figure class=\"wp-block-image size-full is-resized is-style-default\"><img loading=\"lazy\" decoding=\"async\" src=\"https:\/\/etab.ac-reunion.fr\/clg-le-dimitile-blog\/wp-content\/uploads\/sites\/152\/2022\/10\/Imagem-Giulia-Luca-Disney-PNG.png\" alt=\"\" class=\"wp-image-5768\" style=\"width:166px;height:216px\" width=\"166\" height=\"216\" srcset=\"https:\/\/etab.ac-reunion.fr\/clg-le-dimitile-blog\/wp-content\/uploads\/sites\/152\/2022\/10\/Imagem-Giulia-Luca-Disney-PNG.png 772w, https:\/\/etab.ac-reunion.fr\/clg-le-dimitile-blog\/wp-content\/uploads\/sites\/152\/2022\/10\/Imagem-Giulia-Luca-Disney-PNG-232x300.png 232w, https:\/\/etab.ac-reunion.fr\/clg-le-dimitile-blog\/wp-content\/uploads\/sites\/152\/2022\/10\/Imagem-Giulia-Luca-Disney-PNG-768x995.png 768w, https:\/\/etab.ac-reunion.fr\/clg-le-dimitile-blog\/wp-content\/uploads\/sites\/152\/2022\/10\/Imagem-Giulia-Luca-Disney-PNG-116x150.png 116w\" sizes=\"auto, (max-width: 166px) 100vw, 166px\" \/><figcaption class=\"wp-element-caption\">Giulia est l&rsquo;ami d&rsquo;Alberto et de Luca elle a un papa qui est p\u00eacheur et le voici :<\/figcaption><\/figure>\n\n\n\n<figure class=\"wp-block-image size-large is-resized is-style-rounded\"><img loading=\"lazy\" decoding=\"async\" src=\"https:\/\/etab.ac-reunion.fr\/clg-le-dimitile-blog\/wp-content\/uploads\/sites\/152\/2022\/10\/EvFAbTfXYAM-2zn-1024x537.jpg\" alt=\"\" class=\"wp-image-5769\" style=\"width:278px;height:146px\" width=\"278\" height=\"146\" srcset=\"https:\/\/etab.ac-reunion.fr\/clg-le-dimitile-blog\/wp-content\/uploads\/sites\/152\/2022\/10\/EvFAbTfXYAM-2zn-1024x537.jpg 1024w, https:\/\/etab.ac-reunion.fr\/clg-le-dimitile-blog\/wp-content\/uploads\/sites\/152\/2022\/10\/EvFAbTfXYAM-2zn-300x157.jpg 300w, https:\/\/etab.ac-reunion.fr\/clg-le-dimitile-blog\/wp-content\/uploads\/sites\/152\/2022\/10\/EvFAbTfXYAM-2zn-768x403.jpg 768w, https:\/\/etab.ac-reunion.fr\/clg-le-dimitile-blog\/wp-content\/uploads\/sites\/152\/2022\/10\/EvFAbTfXYAM-2zn-150x79.jpg 150w, https:\/\/etab.ac-reunion.fr\/clg-le-dimitile-blog\/wp-content\/uploads\/sites\/152\/2022\/10\/EvFAbTfXYAM-2zn.jpg 1125w\" sizes=\"auto, (max-width: 278px) 100vw, 278px\" \/><\/figure>\n\n\n\n<p class=\"has-medium-font-size\">Celui-l\u00e0 est le p\u00e8re de luca<\/p>\n\n\n\n<figure class=\"wp-block-image size-large is-resized is-style-default\"><img loading=\"lazy\" decoding=\"async\" src=\"https:\/\/etab.ac-reunion.fr\/clg-le-dimitile-blog\/wp-content\/uploads\/sites\/152\/2022\/10\/denkpk9-b8637ce2-621a-4ecf-9005-caf1730d1586-512x1024.jpg\" alt=\"\" class=\"wp-image-5770\" style=\"width:166px;height:332px\" width=\"166\" height=\"332\" srcset=\"https:\/\/etab.ac-reunion.fr\/clg-le-dimitile-blog\/wp-content\/uploads\/sites\/152\/2022\/10\/denkpk9-b8637ce2-621a-4ecf-9005-caf1730d1586-512x1024.jpg 512w, https:\/\/etab.ac-reunion.fr\/clg-le-dimitile-blog\/wp-content\/uploads\/sites\/152\/2022\/10\/denkpk9-b8637ce2-621a-4ecf-9005-caf1730d1586-150x300.jpg 150w, https:\/\/etab.ac-reunion.fr\/clg-le-dimitile-blog\/wp-content\/uploads\/sites\/152\/2022\/10\/denkpk9-b8637ce2-621a-4ecf-9005-caf1730d1586-768x1536.jpg 768w, https:\/\/etab.ac-reunion.fr\/clg-le-dimitile-blog\/wp-content\/uploads\/sites\/152\/2022\/10\/denkpk9-b8637ce2-621a-4ecf-9005-caf1730d1586-75x150.jpg 75w, https:\/\/etab.ac-reunion.fr\/clg-le-dimitile-blog\/wp-content\/uploads\/sites\/152\/2022\/10\/denkpk9-b8637ce2-621a-4ecf-9005-caf1730d1586.jpg 960w\" sizes=\"auto, (max-width: 166px) 100vw, 166px\" \/><\/figure>\n\n\n\n<figure class=\"wp-block-image size-large is-resized is-style-rounded\"><img loading=\"lazy\" decoding=\"async\" src=\"https:\/\/etab.ac-reunion.fr\/clg-le-dimitile-blog\/wp-content\/uploads\/sites\/152\/2023\/09\/f768x1-3470_3597_5050-576x1024.jpeg\" alt=\"\" class=\"wp-image-6848\" style=\"width:141px;height:252px\" width=\"141\" height=\"252\" srcset=\"https:\/\/etab.ac-reunion.fr\/clg-le-dimitile-blog\/wp-content\/uploads\/sites\/152\/2023\/09\/f768x1-3470_3597_5050-576x1024.jpeg 576w, https:\/\/etab.ac-reunion.fr\/clg-le-dimitile-blog\/wp-content\/uploads\/sites\/152\/2023\/09\/f768x1-3470_3597_5050-84x150.jpeg 84w, https:\/\/etab.ac-reunion.fr\/clg-le-dimitile-blog\/wp-content\/uploads\/sites\/152\/2023\/09\/f768x1-3470_3597_5050.jpeg 768w\" sizes=\"auto, (max-width: 141px) 100vw, 141px\" \/><\/figure>\n\n\n\n<p>voici la m\u00e8re de Luca mais en monstre des mers<\/p>\n\n\n\n<p>et encore la m\u00e8re de Luca mais en humaine<\/p>\n\n\n\n<figure class=\"wp-block-image size-full is-resized is-style-rounded\"><img loading=\"lazy\" decoding=\"async\" src=\"https:\/\/etab.ac-reunion.fr\/clg-le-dimitile-blog\/wp-content\/uploads\/sites\/152\/2023\/09\/60e71ad4519fe.jpeg\" alt=\"\" class=\"wp-image-6849\" style=\"width:248px;height:155px\" width=\"248\" height=\"155\" srcset=\"https:\/\/etab.ac-reunion.fr\/clg-le-dimitile-blog\/wp-content\/uploads\/sites\/152\/2023\/09\/60e71ad4519fe.jpeg 449w, https:\/\/etab.ac-reunion.fr\/clg-le-dimitile-blog\/wp-content\/uploads\/sites\/152\/2023\/09\/60e71ad4519fe-300x188.jpeg 300w, https:\/\/etab.ac-reunion.fr\/clg-le-dimitile-blog\/wp-content\/uploads\/sites\/152\/2023\/09\/60e71ad4519fe-150x94.jpeg 150w\" sizes=\"auto, (max-width: 248px) 100vw, 248px\" \/><\/figure>\n\n\n\n<figure class=\"wp-block-image size-full is-resized is-style-default\"><img loading=\"lazy\" decoding=\"async\" src=\"https:\/\/etab.ac-reunion.fr\/clg-le-dimitile-blog\/wp-content\/uploads\/sites\/152\/2023\/09\/vovo.jpg\" alt=\"\" class=\"wp-image-6850\" style=\"width:214px;height:211px\" width=\"214\" height=\"211\" srcset=\"https:\/\/etab.ac-reunion.fr\/clg-le-dimitile-blog\/wp-content\/uploads\/sites\/152\/2023\/09\/vovo.jpg 320w, https:\/\/etab.ac-reunion.fr\/clg-le-dimitile-blog\/wp-content\/uploads\/sites\/152\/2023\/09\/vovo-300x296.jpg 300w, https:\/\/etab.ac-reunion.fr\/clg-le-dimitile-blog\/wp-content\/uploads\/sites\/152\/2023\/09\/vovo-150x148.jpg 150w\" sizes=\"auto, (max-width: 214px) 100vw, 214px\" \/><\/figure>\n\n\n\n<p>ce monstre des mers et la grand-m\u00e8re de Luca elle aussi peut se transformer en humaine mais je n\u2019ai pas trouver de photo <\/p>\n\n\n\n<figure class=\"wp-block-image size-full is-resized\"><img loading=\"lazy\" decoding=\"async\" src=\"https:\/\/etab.ac-reunion.fr\/clg-le-dimitile-blog\/wp-content\/uploads\/sites\/152\/2023\/09\/2021-oncle-ugo-01.jpg\" alt=\"\" class=\"wp-image-6851\" style=\"width:199px;height:149px\" width=\"199\" height=\"149\" srcset=\"https:\/\/etab.ac-reunion.fr\/clg-le-dimitile-blog\/wp-content\/uploads\/sites\/152\/2023\/09\/2021-oncle-ugo-01.jpg 500w, https:\/\/etab.ac-reunion.fr\/clg-le-dimitile-blog\/wp-content\/uploads\/sites\/152\/2023\/09\/2021-oncle-ugo-01-300x225.jpg 300w, https:\/\/etab.ac-reunion.fr\/clg-le-dimitile-blog\/wp-content\/uploads\/sites\/152\/2023\/09\/2021-oncle-ugo-01-150x113.jpg 150w\" sizes=\"auto, (max-width: 199px) 100vw, 199px\" \/><\/figure>\n\n\n\n<p>voici oncle Ugo celui ci ne se transforme pas en humain . Ce poisson vit dans les profondeurs <\/p>\n\n\n\n<p><\/p>\n\n\n\n<p>voila  j esp\u00e8re que mon article vous aura plus et si vous avez vus le film <\/p>\n\n\n\n<p>dite en commentaire si vous l\u2019aimer<\/p>\n\n\n\n<p>Castille Bonneau 4D<\/p>\n\n\n\n<p><\/p>\n","protected":false},"excerpt":{"rendered":"<p>HISTOIRE M\u00eame si sa m\u00e8re lui a formellement interdit, Luca, un jeune monstre marin, s&rsquo;aventure hors de l&rsquo;eau. Il d\u00e9couvre alors qu&rsquo;une fois sec, ses\u2026<\/p>\n<p class=\"continue-reading-button\"> <a class=\"continue-reading-link\" href=\"https:\/\/etab.ac-reunion.fr\/clg-le-dimitile-blog\/2022\/10\/25\/luca\/\">Lire la suite<i class=\"crycon-right-dir\"><\/i><\/a><\/p>\n","protected":false},"author":30442,"featured_media":5765,"comment_status":"open","ping_status":"open","sticky":false,"template":"","format":"standard","meta":{"footnotes":""},"categories":[13],"tags":[185],"class_list":["post-5764","post","type-post","status-publish","format-standard","has-post-thumbnail","hentry","category-les-films","tag-dessin-anime"],"_links":{"self":[{"href":"https:\/\/etab.ac-reunion.fr\/clg-le-dimitile-blog\/wp-json\/wp\/v2\/posts\/5764","targetHints":{"allow":["GET"]}}],"collection":[{"href":"https:\/\/etab.ac-reunion.fr\/clg-le-dimitile-blog\/wp-json\/wp\/v2\/posts"}],"about":[{"href":"https:\/\/etab.ac-reunion.fr\/clg-le-dimitile-blog\/wp-json\/wp\/v2\/types\/post"}],"author":[{"embeddable":true,"href":"https:\/\/etab.ac-reunion.fr\/clg-le-dimitile-blog\/wp-json\/wp\/v2\/users\/30442"}],"replies":[{"embeddable":true,"href":"https:\/\/etab.ac-reunion.fr\/clg-le-dimitile-blog\/wp-json\/wp\/v2\/comments?post=5764"}],"version-history":[{"count":8,"href":"https:\/\/etab.ac-reunion.fr\/clg-le-dimitile-blog\/wp-json\/wp\/v2\/posts\/5764\/revisions"}],"predecessor-version":[{"id":6884,"href":"https:\/\/etab.ac-reunion.fr\/clg-le-dimitile-blog\/wp-json\/wp\/v2\/posts\/5764\/revisions\/6884"}],"wp:featuredmedia":[{"embeddable":true,"href":"https:\/\/etab.ac-reunion.fr\/clg-le-dimitile-blog\/wp-json\/wp\/v2\/media\/5765"}],"wp:attachment":[{"href":"https:\/\/etab.ac-reunion.fr\/clg-le-dimitile-blog\/wp-json\/wp\/v2\/media?parent=5764"}],"wp:term":[{"taxonomy":"category","embeddable":true,"href":"https:\/\/etab.ac-reunion.fr\/clg-le-dimitile-blog\/wp-json\/wp\/v2\/categories?post=5764"},{"taxonomy":"post_tag","embeddable":true,"href":"https:\/\/etab.ac-reunion.fr\/clg-le-dimitile-blog\/wp-json\/wp\/v2\/tags?post=5764"}],"curies":[{"name":"wp","href":"https:\/\/api.w.org\/{rel}","templated":true}]}}