{"id":12853,"date":"2019-08-31T16:11:24","date_gmt":"2019-08-31T12:11:24","guid":{"rendered":"http:\/\/college-ledimitile.ac-reunion.fr\/?p=12853"},"modified":"2019-09-03T08:54:06","modified_gmt":"2019-09-03T04:54:06","slug":"production-deleve-5eme-a-schema-narratif","status":"publish","type":"post","link":"https:\/\/etab.ac-reunion.fr\/clg-le-dimitile\/production-deleve-5eme-a-schema-narratif\/","title":{"rendered":"Production d&rsquo;\u00e9l\u00e8ve 5\u00e8me A (Discours narratif)"},"content":{"rendered":"\n<p>Vous trouverez ci-dessous un dessin produit par un \u00e9l\u00e8ve dans le cadre d&rsquo;un travail sur le discours narratif en fran\u00e7ais avec Mme CHANE-ASHING. <br>Bravo \u00e0 lui pour cette belle r\u00e9alisation !<\/p>\n\n\n\n<figure class=\"wp-block-image\"><a href=\"https:\/\/etab.ac-reunion.fr\/clg-le-dimitile-blog\/wp-content\/uploads\/sites\/129\/2019\/08\/Dragon-DEJEAN-Erwand.jpg\"><img loading=\"lazy\" decoding=\"async\" width=\"1024\" height=\"722\" src=\"https:\/\/etab.ac-reunion.fr\/clg-le-dimitile-blog\/wp-content\/uploads\/sites\/129\/2019\/08\/Dragon-DEJEAN-Erwand-1024x722.jpg\" alt=\"\" class=\"wp-image-12855\" srcset=\"https:\/\/etab.ac-reunion.fr\/clg-le-dimitile\/wp-content\/uploads\/sites\/129\/2019\/08\/Dragon-DEJEAN-Erwand-1024x722.jpg 1024w, https:\/\/etab.ac-reunion.fr\/clg-le-dimitile\/wp-content\/uploads\/sites\/129\/2019\/08\/Dragon-DEJEAN-Erwand-300x211.jpg 300w, https:\/\/etab.ac-reunion.fr\/clg-le-dimitile\/wp-content\/uploads\/sites\/129\/2019\/08\/Dragon-DEJEAN-Erwand-150x106.jpg 150w, https:\/\/etab.ac-reunion.fr\/clg-le-dimitile\/wp-content\/uploads\/sites\/129\/2019\/08\/Dragon-DEJEAN-Erwand.jpg 1280w\" sizes=\"auto, (max-width: 1024px) 100vw, 1024px\" \/><\/a><\/figure>\n","protected":false},"excerpt":{"rendered":"<p>Vous trouverez ci-dessous un dessin produit par un \u00e9l\u00e8ve dans le cadre d&rsquo;un travail sur le discours narratif en fran\u00e7ais avec Mme CHANE-ASHING. Bravo \u00e0 lui pour cette belle r\u00e9alisation !<\/p>\n<p class=\"continue-reading-button\"> <a class=\"continue-reading-link\" href=\"https:\/\/etab.ac-reunion.fr\/clg-le-dimitile\/production-deleve-5eme-a-schema-narratif\/\">Lire la suite<i class=\"crycon-right-dir\"><\/i><\/a><\/p>\n","protected":false},"author":19933,"featured_media":12860,"comment_status":"closed","ping_status":"closed","sticky":false,"template":"","format":"standard","meta":{"footnotes":""},"categories":[18],"tags":[104,101],"class_list":["post-12853","post","type-post","status-publish","format-standard","has-post-thumbnail","hentry","category-francais","tag-dessin","tag-productions-deleves"],"_links":{"self":[{"href":"https:\/\/etab.ac-reunion.fr\/clg-le-dimitile\/wp-json\/wp\/v2\/posts\/12853","targetHints":{"allow":["GET"]}}],"collection":[{"href":"https:\/\/etab.ac-reunion.fr\/clg-le-dimitile\/wp-json\/wp\/v2\/posts"}],"about":[{"href":"https:\/\/etab.ac-reunion.fr\/clg-le-dimitile\/wp-json\/wp\/v2\/types\/post"}],"author":[{"embeddable":true,"href":"https:\/\/etab.ac-reunion.fr\/clg-le-dimitile\/wp-json\/wp\/v2\/users\/19933"}],"replies":[{"embeddable":true,"href":"https:\/\/etab.ac-reunion.fr\/clg-le-dimitile\/wp-json\/wp\/v2\/comments?post=12853"}],"version-history":[{"count":10,"href":"https:\/\/etab.ac-reunion.fr\/clg-le-dimitile\/wp-json\/wp\/v2\/posts\/12853\/revisions"}],"predecessor-version":[{"id":12868,"href":"https:\/\/etab.ac-reunion.fr\/clg-le-dimitile\/wp-json\/wp\/v2\/posts\/12853\/revisions\/12868"}],"wp:featuredmedia":[{"embeddable":true,"href":"https:\/\/etab.ac-reunion.fr\/clg-le-dimitile\/wp-json\/wp\/v2\/media\/12860"}],"wp:attachment":[{"href":"https:\/\/etab.ac-reunion.fr\/clg-le-dimitile\/wp-json\/wp\/v2\/media?parent=12853"}],"wp:term":[{"taxonomy":"category","embeddable":true,"href":"https:\/\/etab.ac-reunion.fr\/clg-le-dimitile\/wp-json\/wp\/v2\/categories?post=12853"},{"taxonomy":"post_tag","embeddable":true,"href":"https:\/\/etab.ac-reunion.fr\/clg-le-dimitile\/wp-json\/wp\/v2\/tags?post=12853"}],"curies":[{"name":"wp","href":"https:\/\/api.w.org\/{rel}","templated":true}]}}