{"id":2971,"date":"2025-06-10T16:16:12","date_gmt":"2025-06-10T12:16:12","guid":{"rendered":"https:\/\/etab.ac-reunion.fr\/clg-le-toullec\/?p=2971"},"modified":"2025-06-10T16:16:12","modified_gmt":"2025-06-10T12:16:12","slug":"objectif-mer","status":"publish","type":"post","link":"https:\/\/etab.ac-reunion.fr\/clg-le-toullec\/objectif-mer\/","title":{"rendered":"Objectif Mer !!"},"content":{"rendered":"\n<p>Cette ann\u00e9e 2024\/2025 nos \u00e9l\u00e8ves de 3\u00e9me, volontaire, ont particip\u00e9 \u00e0 a cord\u00e9e Lepervanche, Objectif Mer.<\/p>\n\n\n\n<p>Avec comme point d&rsquo;honneur, la R\u00e9gate des Gayars.<\/p>\n\n\n\n<p>L\u2019\u00e9dition de cette r\u00e9gate s\u2019est tenue \u00e0 la <strong>base nautique des Mascareignes (Le Port)<\/strong>, r\u00e9unissant des \u00e9quipes allant du coll\u00e8ge au lyc\u00e9e.<\/p>\n\n\n\n<p>En amont, les \u00e9l\u00e8ves ont con\u00e7u des embarcations en <strong>carton recycl\u00e9<\/strong>. <strong>Retour en images sur les diff\u00e9rentes \u00e9tapes de cette belle aventure, jusqu\u2019au jour J.<\/strong><\/p>\n\n\n\n<p><strong>La pr\u00e9paration :<\/strong><\/p>\n\n\n\n<div class=\"wp-block-group\"><div class=\"wp-block-group__inner-container is-layout-constrained wp-block-group-is-layout-constrained\">\n<div class=\"wp-block-columns is-layout-flex wp-container-core-columns-is-layout-9d6595d7 wp-block-columns-is-layout-flex\">\n<div class=\"wp-block-column is-layout-flow wp-block-column-is-layout-flow\" style=\"flex-basis:25%\">\n<figure class=\"wp-block-image size-large\"><img loading=\"lazy\" decoding=\"async\" width=\"768\" height=\"1024\" src=\"https:\/\/etab.ac-reunion.fr\/clg-le-toullec\/wp-content\/uploads\/sites\/73\/2025\/06\/073b1026-ea16-4b3a-878d-45b46b1268ff-1-768x1024.jpg\" alt=\"\" class=\"wp-image-2975\" srcset=\"https:\/\/etab.ac-reunion.fr\/clg-le-toullec\/wp-content\/uploads\/sites\/73\/2025\/06\/073b1026-ea16-4b3a-878d-45b46b1268ff-1-768x1024.jpg 768w, https:\/\/etab.ac-reunion.fr\/clg-le-toullec\/wp-content\/uploads\/sites\/73\/2025\/06\/073b1026-ea16-4b3a-878d-45b46b1268ff-1-225x300.jpg 225w, https:\/\/etab.ac-reunion.fr\/clg-le-toullec\/wp-content\/uploads\/sites\/73\/2025\/06\/073b1026-ea16-4b3a-878d-45b46b1268ff-1-1152x1536.jpg 1152w, https:\/\/etab.ac-reunion.fr\/clg-le-toullec\/wp-content\/uploads\/sites\/73\/2025\/06\/073b1026-ea16-4b3a-878d-45b46b1268ff-1-113x150.jpg 113w, https:\/\/etab.ac-reunion.fr\/clg-le-toullec\/wp-content\/uploads\/sites\/73\/2025\/06\/073b1026-ea16-4b3a-878d-45b46b1268ff-1.jpg 1200w\" sizes=\"auto, (max-width: 768px) 100vw, 768px\" \/><\/figure>\n<\/div>\n\n\n\n<div class=\"wp-block-column is-layout-flow wp-block-column-is-layout-flow\" style=\"flex-basis:50%\">\n<figure class=\"wp-block-image size-large\"><img loading=\"lazy\" decoding=\"async\" width=\"1024\" height=\"768\" src=\"https:\/\/etab.ac-reunion.fr\/clg-le-toullec\/wp-content\/uploads\/sites\/73\/2025\/06\/6f65d251-1b5b-415d-8211-e1882a5d0b23-2-1024x768.jpg\" alt=\"\" class=\"wp-image-2976\" srcset=\"https:\/\/etab.ac-reunion.fr\/clg-le-toullec\/wp-content\/uploads\/sites\/73\/2025\/06\/6f65d251-1b5b-415d-8211-e1882a5d0b23-2-1024x768.jpg 1024w, https:\/\/etab.ac-reunion.fr\/clg-le-toullec\/wp-content\/uploads\/sites\/73\/2025\/06\/6f65d251-1b5b-415d-8211-e1882a5d0b23-2-300x225.jpg 300w, https:\/\/etab.ac-reunion.fr\/clg-le-toullec\/wp-content\/uploads\/sites\/73\/2025\/06\/6f65d251-1b5b-415d-8211-e1882a5d0b23-2-768x576.jpg 768w, https:\/\/etab.ac-reunion.fr\/clg-le-toullec\/wp-content\/uploads\/sites\/73\/2025\/06\/6f65d251-1b5b-415d-8211-e1882a5d0b23-2-1536x1152.jpg 1536w, https:\/\/etab.ac-reunion.fr\/clg-le-toullec\/wp-content\/uploads\/sites\/73\/2025\/06\/6f65d251-1b5b-415d-8211-e1882a5d0b23-2-150x113.jpg 150w, https:\/\/etab.ac-reunion.fr\/clg-le-toullec\/wp-content\/uploads\/sites\/73\/2025\/06\/6f65d251-1b5b-415d-8211-e1882a5d0b23-2.jpg 1600w\" sizes=\"auto, (max-width: 1024px) 100vw, 1024px\" \/><\/figure>\n<\/div>\n\n\n\n<div class=\"wp-block-column is-layout-flow wp-block-column-is-layout-flow\" style=\"flex-basis:25%\">\n<figure class=\"wp-block-image size-large\"><img loading=\"lazy\" decoding=\"async\" width=\"1024\" height=\"768\" src=\"https:\/\/etab.ac-reunion.fr\/clg-le-toullec\/wp-content\/uploads\/sites\/73\/2025\/06\/cdcb48df-6bde-4ab7-9060-add7b7e03829-1024x768.jpg\" alt=\"\" class=\"wp-image-2977\" srcset=\"https:\/\/etab.ac-reunion.fr\/clg-le-toullec\/wp-content\/uploads\/sites\/73\/2025\/06\/cdcb48df-6bde-4ab7-9060-add7b7e03829-1024x768.jpg 1024w, https:\/\/etab.ac-reunion.fr\/clg-le-toullec\/wp-content\/uploads\/sites\/73\/2025\/06\/cdcb48df-6bde-4ab7-9060-add7b7e03829-300x225.jpg 300w, https:\/\/etab.ac-reunion.fr\/clg-le-toullec\/wp-content\/uploads\/sites\/73\/2025\/06\/cdcb48df-6bde-4ab7-9060-add7b7e03829-768x576.jpg 768w, https:\/\/etab.ac-reunion.fr\/clg-le-toullec\/wp-content\/uploads\/sites\/73\/2025\/06\/cdcb48df-6bde-4ab7-9060-add7b7e03829-1536x1152.jpg 1536w, https:\/\/etab.ac-reunion.fr\/clg-le-toullec\/wp-content\/uploads\/sites\/73\/2025\/06\/cdcb48df-6bde-4ab7-9060-add7b7e03829-150x113.jpg 150w, https:\/\/etab.ac-reunion.fr\/clg-le-toullec\/wp-content\/uploads\/sites\/73\/2025\/06\/cdcb48df-6bde-4ab7-9060-add7b7e03829.jpg 1600w\" sizes=\"auto, (max-width: 1024px) 100vw, 1024px\" \/><\/figure>\n<\/div>\n<\/div>\n\n\n\n<div class=\"wp-block-group is-layout-grid wp-container-core-group-is-layout-9649a0d9 wp-block-group-is-layout-grid\">\n<figure class=\"wp-block-image size-large\"><img loading=\"lazy\" decoding=\"async\" width=\"1024\" height=\"768\" src=\"https:\/\/etab.ac-reunion.fr\/clg-le-toullec\/wp-content\/uploads\/sites\/73\/2025\/06\/IMG_9161-1024x768.jpg\" alt=\"\" class=\"wp-image-2979\" srcset=\"https:\/\/etab.ac-reunion.fr\/clg-le-toullec\/wp-content\/uploads\/sites\/73\/2025\/06\/IMG_9161-1024x768.jpg 1024w, https:\/\/etab.ac-reunion.fr\/clg-le-toullec\/wp-content\/uploads\/sites\/73\/2025\/06\/IMG_9161-300x225.jpg 300w, https:\/\/etab.ac-reunion.fr\/clg-le-toullec\/wp-content\/uploads\/sites\/73\/2025\/06\/IMG_9161-768x576.jpg 768w, https:\/\/etab.ac-reunion.fr\/clg-le-toullec\/wp-content\/uploads\/sites\/73\/2025\/06\/IMG_9161-1536x1152.jpg 1536w, https:\/\/etab.ac-reunion.fr\/clg-le-toullec\/wp-content\/uploads\/sites\/73\/2025\/06\/IMG_9161-150x113.jpg 150w, https:\/\/etab.ac-reunion.fr\/clg-le-toullec\/wp-content\/uploads\/sites\/73\/2025\/06\/IMG_9161.jpg 1600w\" sizes=\"auto, (max-width: 1024px) 100vw, 1024px\" \/><\/figure>\n\n\n\n<figure class=\"wp-block-image size-large\"><img loading=\"lazy\" decoding=\"async\" width=\"768\" height=\"1024\" src=\"https:\/\/etab.ac-reunion.fr\/clg-le-toullec\/wp-content\/uploads\/sites\/73\/2025\/06\/IMG_9158-768x1024.jpg\" alt=\"\" class=\"wp-image-2980\" srcset=\"https:\/\/etab.ac-reunion.fr\/clg-le-toullec\/wp-content\/uploads\/sites\/73\/2025\/06\/IMG_9158-768x1024.jpg 768w, https:\/\/etab.ac-reunion.fr\/clg-le-toullec\/wp-content\/uploads\/sites\/73\/2025\/06\/IMG_9158-225x300.jpg 225w, https:\/\/etab.ac-reunion.fr\/clg-le-toullec\/wp-content\/uploads\/sites\/73\/2025\/06\/IMG_9158-1152x1536.jpg 1152w, https:\/\/etab.ac-reunion.fr\/clg-le-toullec\/wp-content\/uploads\/sites\/73\/2025\/06\/IMG_9158-113x150.jpg 113w, https:\/\/etab.ac-reunion.fr\/clg-le-toullec\/wp-content\/uploads\/sites\/73\/2025\/06\/IMG_9158.jpg 1200w\" sizes=\"auto, (max-width: 768px) 100vw, 768px\" \/><\/figure>\n\n\n\n<figure class=\"wp-block-image size-large\"><img loading=\"lazy\" decoding=\"async\" width=\"1024\" height=\"768\" src=\"https:\/\/etab.ac-reunion.fr\/clg-le-toullec\/wp-content\/uploads\/sites\/73\/2025\/06\/IMG_9165-1024x768.jpg\" alt=\"\" class=\"wp-image-2981\" srcset=\"https:\/\/etab.ac-reunion.fr\/clg-le-toullec\/wp-content\/uploads\/sites\/73\/2025\/06\/IMG_9165-1024x768.jpg 1024w, https:\/\/etab.ac-reunion.fr\/clg-le-toullec\/wp-content\/uploads\/sites\/73\/2025\/06\/IMG_9165-300x225.jpg 300w, https:\/\/etab.ac-reunion.fr\/clg-le-toullec\/wp-content\/uploads\/sites\/73\/2025\/06\/IMG_9165-768x576.jpg 768w, https:\/\/etab.ac-reunion.fr\/clg-le-toullec\/wp-content\/uploads\/sites\/73\/2025\/06\/IMG_9165-1536x1152.jpg 1536w, https:\/\/etab.ac-reunion.fr\/clg-le-toullec\/wp-content\/uploads\/sites\/73\/2025\/06\/IMG_9165-150x113.jpg 150w, https:\/\/etab.ac-reunion.fr\/clg-le-toullec\/wp-content\/uploads\/sites\/73\/2025\/06\/IMG_9165.jpg 1600w\" sizes=\"auto, (max-width: 1024px) 100vw, 1024px\" \/><\/figure>\n\n\n\n<figure class=\"wp-block-image size-large\"><img loading=\"lazy\" decoding=\"async\" width=\"768\" height=\"1024\" src=\"https:\/\/etab.ac-reunion.fr\/clg-le-toullec\/wp-content\/uploads\/sites\/73\/2025\/06\/IMG_9164-768x1024.jpg\" alt=\"\" class=\"wp-image-2982\" srcset=\"https:\/\/etab.ac-reunion.fr\/clg-le-toullec\/wp-content\/uploads\/sites\/73\/2025\/06\/IMG_9164-768x1024.jpg 768w, https:\/\/etab.ac-reunion.fr\/clg-le-toullec\/wp-content\/uploads\/sites\/73\/2025\/06\/IMG_9164-225x300.jpg 225w, https:\/\/etab.ac-reunion.fr\/clg-le-toullec\/wp-content\/uploads\/sites\/73\/2025\/06\/IMG_9164-1152x1536.jpg 1152w, https:\/\/etab.ac-reunion.fr\/clg-le-toullec\/wp-content\/uploads\/sites\/73\/2025\/06\/IMG_9164-113x150.jpg 113w, https:\/\/etab.ac-reunion.fr\/clg-le-toullec\/wp-content\/uploads\/sites\/73\/2025\/06\/IMG_9164.jpg 1200w\" sizes=\"auto, (max-width: 768px) 100vw, 768px\" \/><\/figure>\n<\/div>\n<\/div><\/div>\n\n\n\n<figure class=\"wp-block-image size-large\"><img loading=\"lazy\" decoding=\"async\" width=\"1024\" height=\"768\" src=\"https:\/\/etab.ac-reunion.fr\/clg-le-toullec\/wp-content\/uploads\/sites\/73\/2025\/06\/IMG_9167-1024x768.jpg\" alt=\"\" class=\"wp-image-2983\" srcset=\"https:\/\/etab.ac-reunion.fr\/clg-le-toullec\/wp-content\/uploads\/sites\/73\/2025\/06\/IMG_9167-1024x768.jpg 1024w, https:\/\/etab.ac-reunion.fr\/clg-le-toullec\/wp-content\/uploads\/sites\/73\/2025\/06\/IMG_9167-300x225.jpg 300w, https:\/\/etab.ac-reunion.fr\/clg-le-toullec\/wp-content\/uploads\/sites\/73\/2025\/06\/IMG_9167-768x576.jpg 768w, https:\/\/etab.ac-reunion.fr\/clg-le-toullec\/wp-content\/uploads\/sites\/73\/2025\/06\/IMG_9167-1536x1152.jpg 1536w, https:\/\/etab.ac-reunion.fr\/clg-le-toullec\/wp-content\/uploads\/sites\/73\/2025\/06\/IMG_9167-150x113.jpg 150w, https:\/\/etab.ac-reunion.fr\/clg-le-toullec\/wp-content\/uploads\/sites\/73\/2025\/06\/IMG_9167.jpg 1600w\" sizes=\"auto, (max-width: 1024px) 100vw, 1024px\" \/><\/figure>\n\n\n\n<div class=\"wp-block-columns is-layout-flex wp-container-core-columns-is-layout-9d6595d7 wp-block-columns-is-layout-flex\">\n<div class=\"wp-block-column is-layout-flow wp-block-column-is-layout-flow\">\n<p><\/p>\n\n\n\n<p><\/p>\n\n\n\n<p><strong>L&#8217;embellissement :<\/strong><\/p>\n<\/div>\n\n\n\n<div class=\"wp-block-column is-layout-flow wp-block-column-is-layout-flow\"><\/div>\n<\/div>\n\n\n\n<div class=\"wp-block-columns is-layout-flex wp-container-core-columns-is-layout-9d6595d7 wp-block-columns-is-layout-flex\">\n<div class=\"wp-block-column is-layout-flow wp-block-column-is-layout-flow\">\n<figure class=\"wp-block-image size-large\"><img loading=\"lazy\" decoding=\"async\" width=\"1024\" height=\"768\" src=\"https:\/\/etab.ac-reunion.fr\/clg-le-toullec\/wp-content\/uploads\/sites\/73\/2025\/06\/bd01ccec-7250-42cb-8c66-9340ca81d663-1024x768.jpg\" alt=\"\" class=\"wp-image-2984\" srcset=\"https:\/\/etab.ac-reunion.fr\/clg-le-toullec\/wp-content\/uploads\/sites\/73\/2025\/06\/bd01ccec-7250-42cb-8c66-9340ca81d663-1024x768.jpg 1024w, https:\/\/etab.ac-reunion.fr\/clg-le-toullec\/wp-content\/uploads\/sites\/73\/2025\/06\/bd01ccec-7250-42cb-8c66-9340ca81d663-300x225.jpg 300w, https:\/\/etab.ac-reunion.fr\/clg-le-toullec\/wp-content\/uploads\/sites\/73\/2025\/06\/bd01ccec-7250-42cb-8c66-9340ca81d663-768x576.jpg 768w, https:\/\/etab.ac-reunion.fr\/clg-le-toullec\/wp-content\/uploads\/sites\/73\/2025\/06\/bd01ccec-7250-42cb-8c66-9340ca81d663-150x113.jpg 150w, https:\/\/etab.ac-reunion.fr\/clg-le-toullec\/wp-content\/uploads\/sites\/73\/2025\/06\/bd01ccec-7250-42cb-8c66-9340ca81d663.jpg 1280w\" sizes=\"auto, (max-width: 1024px) 100vw, 1024px\" \/><\/figure>\n<\/div>\n\n\n\n<div class=\"wp-block-column is-layout-flow wp-block-column-is-layout-flow\">\n<figure class=\"wp-block-image size-large\"><img loading=\"lazy\" decoding=\"async\" width=\"1024\" height=\"768\" src=\"https:\/\/etab.ac-reunion.fr\/clg-le-toullec\/wp-content\/uploads\/sites\/73\/2025\/06\/IMG_9139-1024x768.jpg\" alt=\"\" class=\"wp-image-2985\" srcset=\"https:\/\/etab.ac-reunion.fr\/clg-le-toullec\/wp-content\/uploads\/sites\/73\/2025\/06\/IMG_9139-1024x768.jpg 1024w, https:\/\/etab.ac-reunion.fr\/clg-le-toullec\/wp-content\/uploads\/sites\/73\/2025\/06\/IMG_9139-300x225.jpg 300w, https:\/\/etab.ac-reunion.fr\/clg-le-toullec\/wp-content\/uploads\/sites\/73\/2025\/06\/IMG_9139-768x576.jpg 768w, https:\/\/etab.ac-reunion.fr\/clg-le-toullec\/wp-content\/uploads\/sites\/73\/2025\/06\/IMG_9139-150x113.jpg 150w, https:\/\/etab.ac-reunion.fr\/clg-le-toullec\/wp-content\/uploads\/sites\/73\/2025\/06\/IMG_9139.jpg 1280w\" sizes=\"auto, (max-width: 1024px) 100vw, 1024px\" \/><\/figure>\n<\/div>\n\n\n\n<div class=\"wp-block-column is-layout-flow wp-block-column-is-layout-flow\">\n<figure class=\"wp-block-image size-large\"><img loading=\"lazy\" decoding=\"async\" width=\"1024\" height=\"768\" src=\"https:\/\/etab.ac-reunion.fr\/clg-le-toullec\/wp-content\/uploads\/sites\/73\/2025\/06\/IMG_9144-1024x768.jpg\" alt=\"\" class=\"wp-image-2986\" srcset=\"https:\/\/etab.ac-reunion.fr\/clg-le-toullec\/wp-content\/uploads\/sites\/73\/2025\/06\/IMG_9144-1024x768.jpg 1024w, https:\/\/etab.ac-reunion.fr\/clg-le-toullec\/wp-content\/uploads\/sites\/73\/2025\/06\/IMG_9144-300x225.jpg 300w, https:\/\/etab.ac-reunion.fr\/clg-le-toullec\/wp-content\/uploads\/sites\/73\/2025\/06\/IMG_9144-768x576.jpg 768w, https:\/\/etab.ac-reunion.fr\/clg-le-toullec\/wp-content\/uploads\/sites\/73\/2025\/06\/IMG_9144-150x113.jpg 150w, https:\/\/etab.ac-reunion.fr\/clg-le-toullec\/wp-content\/uploads\/sites\/73\/2025\/06\/IMG_9144.jpg 1280w\" sizes=\"auto, (max-width: 1024px) 100vw, 1024px\" \/><\/figure>\n<\/div>\n<\/div>\n\n\n\n<div class=\"wp-block-columns is-layout-flex wp-container-core-columns-is-layout-9d6595d7 wp-block-columns-is-layout-flex\">\n<div class=\"wp-block-column is-layout-flow wp-block-column-is-layout-flow\">\n<figure class=\"wp-block-image size-large\"><img loading=\"lazy\" decoding=\"async\" width=\"768\" height=\"1024\" src=\"https:\/\/etab.ac-reunion.fr\/clg-le-toullec\/wp-content\/uploads\/sites\/73\/2025\/06\/IMG_9140-768x1024.jpg\" alt=\"\" class=\"wp-image-2987\" srcset=\"https:\/\/etab.ac-reunion.fr\/clg-le-toullec\/wp-content\/uploads\/sites\/73\/2025\/06\/IMG_9140-768x1024.jpg 768w, https:\/\/etab.ac-reunion.fr\/clg-le-toullec\/wp-content\/uploads\/sites\/73\/2025\/06\/IMG_9140-225x300.jpg 225w, https:\/\/etab.ac-reunion.fr\/clg-le-toullec\/wp-content\/uploads\/sites\/73\/2025\/06\/IMG_9140-113x150.jpg 113w, https:\/\/etab.ac-reunion.fr\/clg-le-toullec\/wp-content\/uploads\/sites\/73\/2025\/06\/IMG_9140.jpg 960w\" sizes=\"auto, (max-width: 768px) 100vw, 768px\" \/><\/figure>\n<\/div>\n\n\n\n<div class=\"wp-block-column is-layout-flow wp-block-column-is-layout-flow\">\n<figure class=\"wp-block-image size-large\"><img loading=\"lazy\" decoding=\"async\" width=\"1024\" height=\"768\" src=\"https:\/\/etab.ac-reunion.fr\/clg-le-toullec\/wp-content\/uploads\/sites\/73\/2025\/06\/IMG_9141-1-1024x768.jpg\" alt=\"\" class=\"wp-image-2988\" srcset=\"https:\/\/etab.ac-reunion.fr\/clg-le-toullec\/wp-content\/uploads\/sites\/73\/2025\/06\/IMG_9141-1-1024x768.jpg 1024w, https:\/\/etab.ac-reunion.fr\/clg-le-toullec\/wp-content\/uploads\/sites\/73\/2025\/06\/IMG_9141-1-300x225.jpg 300w, https:\/\/etab.ac-reunion.fr\/clg-le-toullec\/wp-content\/uploads\/sites\/73\/2025\/06\/IMG_9141-1-768x576.jpg 768w, https:\/\/etab.ac-reunion.fr\/clg-le-toullec\/wp-content\/uploads\/sites\/73\/2025\/06\/IMG_9141-1-150x113.jpg 150w, https:\/\/etab.ac-reunion.fr\/clg-le-toullec\/wp-content\/uploads\/sites\/73\/2025\/06\/IMG_9141-1.jpg 1280w\" sizes=\"auto, (max-width: 1024px) 100vw, 1024px\" \/><\/figure>\n<\/div>\n\n\n\n<div class=\"wp-block-column is-layout-flow wp-block-column-is-layout-flow\">\n<figure class=\"wp-block-image size-large\"><img loading=\"lazy\" decoding=\"async\" width=\"768\" height=\"1024\" src=\"https:\/\/etab.ac-reunion.fr\/clg-le-toullec\/wp-content\/uploads\/sites\/73\/2025\/06\/IMG_9143-768x1024.jpg\" alt=\"\" class=\"wp-image-2989\" srcset=\"https:\/\/etab.ac-reunion.fr\/clg-le-toullec\/wp-content\/uploads\/sites\/73\/2025\/06\/IMG_9143-768x1024.jpg 768w, https:\/\/etab.ac-reunion.fr\/clg-le-toullec\/wp-content\/uploads\/sites\/73\/2025\/06\/IMG_9143-225x300.jpg 225w, https:\/\/etab.ac-reunion.fr\/clg-le-toullec\/wp-content\/uploads\/sites\/73\/2025\/06\/IMG_9143-113x150.jpg 113w, https:\/\/etab.ac-reunion.fr\/clg-le-toullec\/wp-content\/uploads\/sites\/73\/2025\/06\/IMG_9143.jpg 960w\" sizes=\"auto, (max-width: 768px) 100vw, 768px\" \/><\/figure>\n<\/div>\n<\/div>\n\n\n\n<p><\/p>\n\n\n\n<p><\/p>\n\n\n\n<p><\/p>\n\n\n\n<p><strong>le jour de la regate<\/strong> :<\/p>\n\n\n\n<div class=\"wp-block-columns is-layout-flex wp-container-core-columns-is-layout-9d6595d7 wp-block-columns-is-layout-flex\">\n<div class=\"wp-block-column is-layout-flow wp-block-column-is-layout-flow\" style=\"flex-basis:66.66%\">\n<div class=\"wp-block-columns is-layout-flex wp-container-core-columns-is-layout-9d6595d7 wp-block-columns-is-layout-flex\">\n<div class=\"wp-block-column is-layout-flow wp-block-column-is-layout-flow\">\n<figure class=\"wp-block-image size-large\"><img loading=\"lazy\" decoding=\"async\" width=\"1024\" height=\"768\" src=\"https:\/\/etab.ac-reunion.fr\/clg-le-toullec\/wp-content\/uploads\/sites\/73\/2025\/06\/5991821b-abb0-47dc-a1a6-f5c2dd01e002-1024x768.jpg\" alt=\"\" class=\"wp-image-2990\" srcset=\"https:\/\/etab.ac-reunion.fr\/clg-le-toullec\/wp-content\/uploads\/sites\/73\/2025\/06\/5991821b-abb0-47dc-a1a6-f5c2dd01e002-1024x768.jpg 1024w, https:\/\/etab.ac-reunion.fr\/clg-le-toullec\/wp-content\/uploads\/sites\/73\/2025\/06\/5991821b-abb0-47dc-a1a6-f5c2dd01e002-300x225.jpg 300w, https:\/\/etab.ac-reunion.fr\/clg-le-toullec\/wp-content\/uploads\/sites\/73\/2025\/06\/5991821b-abb0-47dc-a1a6-f5c2dd01e002-768x576.jpg 768w, https:\/\/etab.ac-reunion.fr\/clg-le-toullec\/wp-content\/uploads\/sites\/73\/2025\/06\/5991821b-abb0-47dc-a1a6-f5c2dd01e002-150x113.jpg 150w, https:\/\/etab.ac-reunion.fr\/clg-le-toullec\/wp-content\/uploads\/sites\/73\/2025\/06\/5991821b-abb0-47dc-a1a6-f5c2dd01e002.jpg 1280w\" sizes=\"auto, (max-width: 1024px) 100vw, 1024px\" \/><\/figure>\n<\/div>\n\n\n\n<div class=\"wp-block-column is-layout-flow wp-block-column-is-layout-flow\">\n<figure class=\"wp-block-image size-large\"><img loading=\"lazy\" decoding=\"async\" width=\"1024\" height=\"768\" src=\"https:\/\/etab.ac-reunion.fr\/clg-le-toullec\/wp-content\/uploads\/sites\/73\/2025\/06\/IMG_9148-1024x768.jpg\" alt=\"\" class=\"wp-image-2991\" srcset=\"https:\/\/etab.ac-reunion.fr\/clg-le-toullec\/wp-content\/uploads\/sites\/73\/2025\/06\/IMG_9148-1024x768.jpg 1024w, https:\/\/etab.ac-reunion.fr\/clg-le-toullec\/wp-content\/uploads\/sites\/73\/2025\/06\/IMG_9148-300x225.jpg 300w, https:\/\/etab.ac-reunion.fr\/clg-le-toullec\/wp-content\/uploads\/sites\/73\/2025\/06\/IMG_9148-768x576.jpg 768w, https:\/\/etab.ac-reunion.fr\/clg-le-toullec\/wp-content\/uploads\/sites\/73\/2025\/06\/IMG_9148-150x113.jpg 150w, https:\/\/etab.ac-reunion.fr\/clg-le-toullec\/wp-content\/uploads\/sites\/73\/2025\/06\/IMG_9148.jpg 1280w\" sizes=\"auto, (max-width: 1024px) 100vw, 1024px\" \/><\/figure>\n<\/div>\n\n\n\n<div class=\"wp-block-column is-layout-flow wp-block-column-is-layout-flow\">\n<figure class=\"wp-block-image size-large\"><img loading=\"lazy\" decoding=\"async\" width=\"1024\" height=\"768\" src=\"https:\/\/etab.ac-reunion.fr\/clg-le-toullec\/wp-content\/uploads\/sites\/73\/2025\/06\/IMG_9149-1024x768.jpg\" alt=\"\" class=\"wp-image-2992\" srcset=\"https:\/\/etab.ac-reunion.fr\/clg-le-toullec\/wp-content\/uploads\/sites\/73\/2025\/06\/IMG_9149-1024x768.jpg 1024w, https:\/\/etab.ac-reunion.fr\/clg-le-toullec\/wp-content\/uploads\/sites\/73\/2025\/06\/IMG_9149-300x225.jpg 300w, https:\/\/etab.ac-reunion.fr\/clg-le-toullec\/wp-content\/uploads\/sites\/73\/2025\/06\/IMG_9149-768x576.jpg 768w, https:\/\/etab.ac-reunion.fr\/clg-le-toullec\/wp-content\/uploads\/sites\/73\/2025\/06\/IMG_9149-150x113.jpg 150w, https:\/\/etab.ac-reunion.fr\/clg-le-toullec\/wp-content\/uploads\/sites\/73\/2025\/06\/IMG_9149.jpg 1280w\" sizes=\"auto, (max-width: 1024px) 100vw, 1024px\" \/><\/figure>\n<\/div>\n<\/div>\n<\/div>\n\n\n\n<div class=\"wp-block-column is-layout-flow wp-block-column-is-layout-flow\" style=\"flex-basis:33.33%\">\n<figure class=\"wp-block-image size-large\"><img loading=\"lazy\" decoding=\"async\" width=\"1024\" height=\"768\" src=\"https:\/\/etab.ac-reunion.fr\/clg-le-toullec\/wp-content\/uploads\/sites\/73\/2025\/06\/IMG_9150-1024x768.jpg\" alt=\"\" class=\"wp-image-2993\" srcset=\"https:\/\/etab.ac-reunion.fr\/clg-le-toullec\/wp-content\/uploads\/sites\/73\/2025\/06\/IMG_9150-1024x768.jpg 1024w, https:\/\/etab.ac-reunion.fr\/clg-le-toullec\/wp-content\/uploads\/sites\/73\/2025\/06\/IMG_9150-300x225.jpg 300w, https:\/\/etab.ac-reunion.fr\/clg-le-toullec\/wp-content\/uploads\/sites\/73\/2025\/06\/IMG_9150-768x576.jpg 768w, https:\/\/etab.ac-reunion.fr\/clg-le-toullec\/wp-content\/uploads\/sites\/73\/2025\/06\/IMG_9150-150x113.jpg 150w, https:\/\/etab.ac-reunion.fr\/clg-le-toullec\/wp-content\/uploads\/sites\/73\/2025\/06\/IMG_9150.jpg 1280w\" sizes=\"auto, (max-width: 1024px) 100vw, 1024px\" \/><\/figure>\n<\/div>\n<\/div>\n\n\n\n<details class=\"wp-block-details is-layout-flow wp-block-details-is-layout-flow\"><summary><\/summary>\n<div class=\"wp-block-columns is-layout-flex wp-container-core-columns-is-layout-9d6595d7 wp-block-columns-is-layout-flex\">\n<div class=\"wp-block-column is-layout-flow wp-block-column-is-layout-flow\" style=\"flex-basis:100%\">\n<figure class=\"wp-block-video\"><\/figure>\n<\/div>\n<\/div>\n<\/details>\n","protected":false},"excerpt":{"rendered":"<p>Cette ann\u00e9e 2024\/2025 nos \u00e9l\u00e8ves de 3\u00e9me, volontaire, ont particip\u00e9 \u00e0 a cord\u00e9e Lepervanche, Objectif Mer. Avec comme point d&rsquo;honneur, la R\u00e9gate des Gayars. L\u2019\u00e9dition de cette r\u00e9gate s\u2019est tenue \u00e0 la base nautique des Mascareignes (Le Port), r\u00e9unissant des \u00e9quipes allant du coll\u00e8ge au lyc\u00e9e. En amont, les \u00e9l\u00e8ves &#8230;<\/p>\n<p> <a class=\"continue-reading-link\" href=\"https:\/\/etab.ac-reunion.fr\/clg-le-toullec\/objectif-mer\/\"><span>Continue reading<\/span><i class=\"crycon-right-dir\"><\/i><\/a> <\/p>\n","protected":false},"author":27811,"featured_media":0,"comment_status":"closed","ping_status":"closed","sticky":false,"template":"","format":"standard","meta":{"footnotes":""},"categories":[56],"tags":[],"class_list":["post-2971","post","type-post","status-publish","format-standard","hentry","category-actu"],"_links":{"self":[{"href":"https:\/\/etab.ac-reunion.fr\/clg-le-toullec\/wp-json\/wp\/v2\/posts\/2971","targetHints":{"allow":["GET"]}}],"collection":[{"href":"https:\/\/etab.ac-reunion.fr\/clg-le-toullec\/wp-json\/wp\/v2\/posts"}],"about":[{"href":"https:\/\/etab.ac-reunion.fr\/clg-le-toullec\/wp-json\/wp\/v2\/types\/post"}],"author":[{"embeddable":true,"href":"https:\/\/etab.ac-reunion.fr\/clg-le-toullec\/wp-json\/wp\/v2\/users\/27811"}],"replies":[{"embeddable":true,"href":"https:\/\/etab.ac-reunion.fr\/clg-le-toullec\/wp-json\/wp\/v2\/comments?post=2971"}],"version-history":[{"count":3,"href":"https:\/\/etab.ac-reunion.fr\/clg-le-toullec\/wp-json\/wp\/v2\/posts\/2971\/revisions"}],"predecessor-version":[{"id":2996,"href":"https:\/\/etab.ac-reunion.fr\/clg-le-toullec\/wp-json\/wp\/v2\/posts\/2971\/revisions\/2996"}],"wp:attachment":[{"href":"https:\/\/etab.ac-reunion.fr\/clg-le-toullec\/wp-json\/wp\/v2\/media?parent=2971"}],"wp:term":[{"taxonomy":"category","embeddable":true,"href":"https:\/\/etab.ac-reunion.fr\/clg-le-toullec\/wp-json\/wp\/v2\/categories?post=2971"},{"taxonomy":"post_tag","embeddable":true,"href":"https:\/\/etab.ac-reunion.fr\/clg-le-toullec\/wp-json\/wp\/v2\/tags?post=2971"}],"curies":[{"name":"wp","href":"https:\/\/api.w.org\/{rel}","templated":true}]}}