{"id":3052,"date":"2026-04-21T10:29:03","date_gmt":"2026-04-21T06:29:03","guid":{"rendered":"https:\/\/etab.ac-reunion.fr\/clg-le-toullec\/?p=3052"},"modified":"2026-04-21T10:29:37","modified_gmt":"2026-04-21T06:29:37","slug":"%f0%9f%8c%b1-plantation-dun-benjoin-au-college-jlt","status":"publish","type":"post","link":"https:\/\/etab.ac-reunion.fr\/clg-le-toullec\/%f0%9f%8c%b1-plantation-dun-benjoin-au-college-jlt\/","title":{"rendered":"\ud83c\udf31 Plantation d\u2019un benjoin au coll\u00e8ge"},"content":{"rendered":"\n<p>Le 3 avril 2026, les \u00e9l\u00e8ves de 6e Gaia ont plant\u00e9 un benjoin, arbre end\u00e9mique de La R\u00e9union, dans le cadre du cours de SVT avec Mme Nativel.<\/p>\n\n\n\n<figure class=\"wp-block-gallery has-nested-images columns-default is-cropped wp-block-gallery-1 is-layout-flex wp-block-gallery-is-layout-flex\">\n<figure class=\"wp-block-image size-large\"><img loading=\"lazy\" decoding=\"async\" width=\"1024\" height=\"768\" data-id=\"3053\" src=\"https:\/\/etab.ac-reunion.fr\/clg-le-toullec\/wp-content\/uploads\/sites\/73\/2026\/04\/671586222_1447911210466010_7163073234651246651_n-1024x768.jpg\" alt=\"\" class=\"wp-image-3053\" srcset=\"https:\/\/etab.ac-reunion.fr\/clg-le-toullec\/wp-content\/uploads\/sites\/73\/2026\/04\/671586222_1447911210466010_7163073234651246651_n-1024x768.jpg 1024w, https:\/\/etab.ac-reunion.fr\/clg-le-toullec\/wp-content\/uploads\/sites\/73\/2026\/04\/671586222_1447911210466010_7163073234651246651_n-300x225.jpg 300w, https:\/\/etab.ac-reunion.fr\/clg-le-toullec\/wp-content\/uploads\/sites\/73\/2026\/04\/671586222_1447911210466010_7163073234651246651_n-768x576.jpg 768w, https:\/\/etab.ac-reunion.fr\/clg-le-toullec\/wp-content\/uploads\/sites\/73\/2026\/04\/671586222_1447911210466010_7163073234651246651_n-1536x1152.jpg 1536w, https:\/\/etab.ac-reunion.fr\/clg-le-toullec\/wp-content\/uploads\/sites\/73\/2026\/04\/671586222_1447911210466010_7163073234651246651_n-150x113.jpg 150w, https:\/\/etab.ac-reunion.fr\/clg-le-toullec\/wp-content\/uploads\/sites\/73\/2026\/04\/671586222_1447911210466010_7163073234651246651_n.jpg 1600w\" sizes=\"auto, (max-width: 1024px) 100vw, 1024px\" \/><\/figure>\n\n\n\n<figure class=\"wp-block-image size-large\"><img loading=\"lazy\" decoding=\"async\" width=\"768\" height=\"1024\" data-id=\"3055\" src=\"https:\/\/etab.ac-reunion.fr\/clg-le-toullec\/wp-content\/uploads\/sites\/73\/2026\/04\/671746991_1447911267132671_1329526537783718473_n-768x1024.jpg\" alt=\"\" class=\"wp-image-3055\" srcset=\"https:\/\/etab.ac-reunion.fr\/clg-le-toullec\/wp-content\/uploads\/sites\/73\/2026\/04\/671746991_1447911267132671_1329526537783718473_n-768x1024.jpg 768w, https:\/\/etab.ac-reunion.fr\/clg-le-toullec\/wp-content\/uploads\/sites\/73\/2026\/04\/671746991_1447911267132671_1329526537783718473_n-225x300.jpg 225w, https:\/\/etab.ac-reunion.fr\/clg-le-toullec\/wp-content\/uploads\/sites\/73\/2026\/04\/671746991_1447911267132671_1329526537783718473_n-1152x1536.jpg 1152w, https:\/\/etab.ac-reunion.fr\/clg-le-toullec\/wp-content\/uploads\/sites\/73\/2026\/04\/671746991_1447911267132671_1329526537783718473_n-113x150.jpg 113w, https:\/\/etab.ac-reunion.fr\/clg-le-toullec\/wp-content\/uploads\/sites\/73\/2026\/04\/671746991_1447911267132671_1329526537783718473_n.jpg 1200w\" sizes=\"auto, (max-width: 768px) 100vw, 768px\" \/><\/figure>\n\n\n\n<figure class=\"wp-block-image size-large\"><img loading=\"lazy\" decoding=\"async\" width=\"1024\" height=\"768\" data-id=\"3054\" src=\"https:\/\/etab.ac-reunion.fr\/clg-le-toullec\/wp-content\/uploads\/sites\/73\/2026\/04\/671831136_1447911220466009_683592595181878267_n-1024x768.jpg\" alt=\"\" class=\"wp-image-3054\" srcset=\"https:\/\/etab.ac-reunion.fr\/clg-le-toullec\/wp-content\/uploads\/sites\/73\/2026\/04\/671831136_1447911220466009_683592595181878267_n-1024x768.jpg 1024w, https:\/\/etab.ac-reunion.fr\/clg-le-toullec\/wp-content\/uploads\/sites\/73\/2026\/04\/671831136_1447911220466009_683592595181878267_n-300x225.jpg 300w, https:\/\/etab.ac-reunion.fr\/clg-le-toullec\/wp-content\/uploads\/sites\/73\/2026\/04\/671831136_1447911220466009_683592595181878267_n-768x576.jpg 768w, https:\/\/etab.ac-reunion.fr\/clg-le-toullec\/wp-content\/uploads\/sites\/73\/2026\/04\/671831136_1447911220466009_683592595181878267_n-1536x1152.jpg 1536w, https:\/\/etab.ac-reunion.fr\/clg-le-toullec\/wp-content\/uploads\/sites\/73\/2026\/04\/671831136_1447911220466009_683592595181878267_n-150x113.jpg 150w, https:\/\/etab.ac-reunion.fr\/clg-le-toullec\/wp-content\/uploads\/sites\/73\/2026\/04\/671831136_1447911220466009_683592595181878267_n.jpg 1600w\" sizes=\"auto, (max-width: 1024px) 100vw, 1024px\" \/><\/figure>\n<\/figure>\n\n\n\n<p><\/p>\n","protected":false},"excerpt":{"rendered":"<p>Le 3 avril 2026, les \u00e9l\u00e8ves de 6e Gaia ont plant\u00e9 un benjoin, arbre end\u00e9mique de La R\u00e9union, dans le cadre du cours de SVT avec Mme Nativel.<\/p>\n<p> <a class=\"continue-reading-link\" href=\"https:\/\/etab.ac-reunion.fr\/clg-le-toullec\/%f0%9f%8c%b1-plantation-dun-benjoin-au-college-jlt\/\"><span>Continue reading<\/span><i class=\"crycon-right-dir\"><\/i><\/a> <\/p>\n","protected":false},"author":27811,"featured_media":0,"comment_status":"closed","ping_status":"closed","sticky":false,"template":"","format":"standard","meta":{"footnotes":""},"categories":[56],"tags":[],"class_list":["post-3052","post","type-post","status-publish","format-standard","hentry","category-actu"],"_links":{"self":[{"href":"https:\/\/etab.ac-reunion.fr\/clg-le-toullec\/wp-json\/wp\/v2\/posts\/3052","targetHints":{"allow":["GET"]}}],"collection":[{"href":"https:\/\/etab.ac-reunion.fr\/clg-le-toullec\/wp-json\/wp\/v2\/posts"}],"about":[{"href":"https:\/\/etab.ac-reunion.fr\/clg-le-toullec\/wp-json\/wp\/v2\/types\/post"}],"author":[{"embeddable":true,"href":"https:\/\/etab.ac-reunion.fr\/clg-le-toullec\/wp-json\/wp\/v2\/users\/27811"}],"replies":[{"embeddable":true,"href":"https:\/\/etab.ac-reunion.fr\/clg-le-toullec\/wp-json\/wp\/v2\/comments?post=3052"}],"version-history":[{"count":2,"href":"https:\/\/etab.ac-reunion.fr\/clg-le-toullec\/wp-json\/wp\/v2\/posts\/3052\/revisions"}],"predecessor-version":[{"id":3057,"href":"https:\/\/etab.ac-reunion.fr\/clg-le-toullec\/wp-json\/wp\/v2\/posts\/3052\/revisions\/3057"}],"wp:attachment":[{"href":"https:\/\/etab.ac-reunion.fr\/clg-le-toullec\/wp-json\/wp\/v2\/media?parent=3052"}],"wp:term":[{"taxonomy":"category","embeddable":true,"href":"https:\/\/etab.ac-reunion.fr\/clg-le-toullec\/wp-json\/wp\/v2\/categories?post=3052"},{"taxonomy":"post_tag","embeddable":true,"href":"https:\/\/etab.ac-reunion.fr\/clg-le-toullec\/wp-json\/wp\/v2\/tags?post=3052"}],"curies":[{"name":"wp","href":"https:\/\/api.w.org\/{rel}","templated":true}]}}