{"id":2888,"date":"2025-09-18T09:21:45","date_gmt":"2025-09-18T05:21:45","guid":{"rendered":"https:\/\/etab.ac-reunion.fr\/clg-leconte-de-lisle\/?p=2888"},"modified":"2025-09-18T09:22:03","modified_gmt":"2025-09-18T05:22:03","slug":"world-clean-up-day-la-reunion-au-rendez-vous-de-la-plus-grande-mobilisation-citoyenne-pour-la-planete","status":"publish","type":"post","link":"https:\/\/etab.ac-reunion.fr\/clg-leconte-de-lisle\/world-clean-up-day-la-reunion-au-rendez-vous-de-la-plus-grande-mobilisation-citoyenne-pour-la-planete\/","title":{"rendered":"World Clean Up Day : La R\u00e9union au rendez-vous de la plus grande mobilisation citoyenne pour la plan\u00e8te"},"content":{"rendered":"\n<p>Du 17 au 21 septembre 2025, La R\u00e9union participe au World Clean Up Day, une<br>mobilisation citoyenne d\u00e9di\u00e9e \u00e0 la lutte contre les d\u00e9chets sauvages.\u00a0<\/p>\n\n\n\n<p><br>\u00c0 l\u2019\u00e9chelle mondiale \ud83c\udf0d, c\u2019est plus de 195 pays et territoires qui contribuent \u00e0 cette<br>gigantesque op\u00e9ration.<\/p>\n\n\n\n<p><br>L\u2019an dernier, un nombre exceptionnel d\u2019actions a \u00e9t\u00e9 mis en \u0153uvre sur notre \u00eele \ud83d\udc4f<br>\u00a0<br>A Saint Louis, et dans notre coll\u00e8ge, une partie des \u00e9l\u00e8ves participera \u00e0 l&rsquo;action ce vendredi<br>19 septembre sur le site de 3 ravines de 8h30 \u00e0 11h30.\u00a0 Cette ann\u00e9e le projet prend de<br>l&rsquo;ampleur car 100 \u00e9l\u00e8ves de Saint Louis (du CM1 \u00e0 la terminale!) nettoieront le site de 3<br>ravines!<\/p>\n\n\n\n<p>Rapprochez vous d&rsquo;\u00e9v\u00e8nements sur Saint Louis pour participer \u00e0 une manifestation!<br>\u00a0<br><a href=\"https:\/\/www.youtube.com\/watch?v=0Mo9lnOjMdw&amp;t=3s\">https:\/\/www.youtube.com\/watch?v=0Mo9lnOjMdw&amp;t=3s<\/a><\/p>\n\n\n\n<figure class=\"wp-block-image size-full is-resized\"><img loading=\"lazy\" decoding=\"async\" width=\"695\" height=\"900\" src=\"https:\/\/etab.ac-reunion.fr\/clg-leconte-de-lisle\/wp-content\/uploads\/sites\/141\/2025\/09\/Cleanup-Day-Flyer-Template-Fait-avec-PosterMyWall.jpg\" alt=\"\" class=\"wp-image-2889\" style=\"width:840px;height:auto\" srcset=\"https:\/\/etab.ac-reunion.fr\/clg-leconte-de-lisle\/wp-content\/uploads\/sites\/141\/2025\/09\/Cleanup-Day-Flyer-Template-Fait-avec-PosterMyWall.jpg 695w, https:\/\/etab.ac-reunion.fr\/clg-leconte-de-lisle\/wp-content\/uploads\/sites\/141\/2025\/09\/Cleanup-Day-Flyer-Template-Fait-avec-PosterMyWall-232x300.jpg 232w, https:\/\/etab.ac-reunion.fr\/clg-leconte-de-lisle\/wp-content\/uploads\/sites\/141\/2025\/09\/Cleanup-Day-Flyer-Template-Fait-avec-PosterMyWall-116x150.jpg 116w\" sizes=\"auto, (max-width: 695px) 100vw, 695px\" \/><\/figure>\n\n\n\n<div data-wp-interactive=\"core\/file\" class=\"wp-block-file\"><object data-wp-bind--hidden=\"!state.hasPdfPreview\" hidden class=\"wp-block-file__embed\" data=\"https:\/\/etab.ac-reunion.fr\/clg-leconte-de-lisle\/wp-content\/uploads\/sites\/141\/2025\/09\/actu-3-world-clean-up-day.pdf\" type=\"application\/pdf\" style=\"width:100%;height:600px\" aria-label=\"Contenu embarqu\u00e9 actu 3 world clean up day.\"><\/object><a id=\"wp-block-file--media-2a066e08-f366-4d86-8da8-8d69c26c008c\" href=\"https:\/\/etab.ac-reunion.fr\/clg-leconte-de-lisle\/wp-content\/uploads\/sites\/141\/2025\/09\/actu-3-world-clean-up-day.pdf\">actu 3 world clean up day<\/a><a href=\"https:\/\/etab.ac-reunion.fr\/clg-leconte-de-lisle\/wp-content\/uploads\/sites\/141\/2025\/09\/actu-3-world-clean-up-day.pdf\" class=\"wp-block-file__button wp-element-button\" download aria-describedby=\"wp-block-file--media-2a066e08-f366-4d86-8da8-8d69c26c008c\">T\u00e9l\u00e9charger<\/a><\/div>\n","protected":false},"excerpt":{"rendered":"<p>Du 17 au 21 septembre 2025, La R\u00e9union participe au World Clean Up Day, unemobilisation citoyenne d\u00e9di\u00e9e \u00e0 la lutte contre les d\u00e9chets sauvages.\u00a0 \u00c0 l\u2019\u00e9chelle mondiale \ud83c\udf0d, c\u2019est plus\u2026<\/p>\n<p class=\"continue-reading-button\"> <a class=\"continue-reading-link\" href=\"https:\/\/etab.ac-reunion.fr\/clg-leconte-de-lisle\/world-clean-up-day-la-reunion-au-rendez-vous-de-la-plus-grande-mobilisation-citoyenne-pour-la-planete\/\">Continuer \u00e0 lire<i class=\"crycon-right-dir\"><\/i><\/a><\/p>\n","protected":false},"author":22192,"featured_media":2889,"comment_status":"closed","ping_status":"closed","sticky":true,"template":"","format":"standard","meta":{"footnotes":""},"categories":[3],"tags":[],"class_list":["post-2888","post","type-post","status-publish","format-standard","has-post-thumbnail","hentry","category-evenement"],"_links":{"self":[{"href":"https:\/\/etab.ac-reunion.fr\/clg-leconte-de-lisle\/wp-json\/wp\/v2\/posts\/2888","targetHints":{"allow":["GET"]}}],"collection":[{"href":"https:\/\/etab.ac-reunion.fr\/clg-leconte-de-lisle\/wp-json\/wp\/v2\/posts"}],"about":[{"href":"https:\/\/etab.ac-reunion.fr\/clg-leconte-de-lisle\/wp-json\/wp\/v2\/types\/post"}],"author":[{"embeddable":true,"href":"https:\/\/etab.ac-reunion.fr\/clg-leconte-de-lisle\/wp-json\/wp\/v2\/users\/22192"}],"replies":[{"embeddable":true,"href":"https:\/\/etab.ac-reunion.fr\/clg-leconte-de-lisle\/wp-json\/wp\/v2\/comments?post=2888"}],"version-history":[{"count":1,"href":"https:\/\/etab.ac-reunion.fr\/clg-leconte-de-lisle\/wp-json\/wp\/v2\/posts\/2888\/revisions"}],"predecessor-version":[{"id":2891,"href":"https:\/\/etab.ac-reunion.fr\/clg-leconte-de-lisle\/wp-json\/wp\/v2\/posts\/2888\/revisions\/2891"}],"wp:featuredmedia":[{"embeddable":true,"href":"https:\/\/etab.ac-reunion.fr\/clg-leconte-de-lisle\/wp-json\/wp\/v2\/media\/2889"}],"wp:attachment":[{"href":"https:\/\/etab.ac-reunion.fr\/clg-leconte-de-lisle\/wp-json\/wp\/v2\/media?parent=2888"}],"wp:term":[{"taxonomy":"category","embeddable":true,"href":"https:\/\/etab.ac-reunion.fr\/clg-leconte-de-lisle\/wp-json\/wp\/v2\/categories?post=2888"},{"taxonomy":"post_tag","embeddable":true,"href":"https:\/\/etab.ac-reunion.fr\/clg-leconte-de-lisle\/wp-json\/wp\/v2\/tags?post=2888"}],"curies":[{"name":"wp","href":"https:\/\/api.w.org\/{rel}","templated":true}]}}