{"id":11040,"date":"2021-04-10T09:40:37","date_gmt":"2021-04-10T05:40:37","guid":{"rendered":"http:\/\/college-aigrettes.ac-reunion.fr\/?p=11040"},"modified":"2021-07-06T11:52:54","modified_gmt":"2021-07-06T07:52:54","slug":"jeu-college-premiere","status":"publish","type":"post","link":"https:\/\/etab.ac-reunion.fr\/clg-les-aigrettes\/jeu-college-premiere\/","title":{"rendered":"Jeu Coll\u00e8ge Premi\u00e8re"},"content":{"rendered":"<p>Le coll\u00e8ge Les Aigrettes a \u00e9t\u00e9 s\u00e9lectionn\u00e9 pour participer \u00e0 un jeu t\u00e9l\u00e9vis\u00e9 sur la chaine R\u00e9union 1<sup>\u00e8re<\/sup>. Cinq \u00e9l\u00e8ves de 3<sup>\u00e8me<\/sup> se sont port\u00e9s volontaires pour repr\u00e9senter notre coll\u00e8ge \u00e0 la t\u00e9l\u00e9&nbsp;!<\/p>\n<p>Les \u00e9l\u00e8ves sont donc all\u00e9s mercredi 31 mars dans les locaux de R\u00e9union Premi\u00e8re, \u00e0 St Denis. Ils ont pu visiter les lieux, les plateaux de tournage du journal t\u00e9l\u00e9vis\u00e9, celui de la m\u00e9t\u00e9o, les coulisses et les salles de contr\u00f4le. &nbsp;<\/p>\n<p><\/p>\n\n\n<div class=\"wp-block-image\"><figure class=\"aligncenter size-large\"><img loading=\"lazy\" decoding=\"async\" width=\"605\" height=\"454\" src=\"https:\/\/etab.ac-reunion.fr\/clg-les-aigrettes\/wp-content\/uploads\/sites\/96\/2021\/04\/Sans-titre-01.jpg\" alt=\"\" class=\"wp-image-11044\" srcset=\"https:\/\/etab.ac-reunion.fr\/clg-les-aigrettes\/wp-content\/uploads\/sites\/96\/2021\/04\/Sans-titre-01.jpg 605w, https:\/\/etab.ac-reunion.fr\/clg-les-aigrettes\/wp-content\/uploads\/sites\/96\/2021\/04\/Sans-titre-01-480x360.jpg 480w\" sizes=\"(min-width: 0px) and (max-width: 480px) 480px, (min-width: 481px) 605px, 100vw\" \/><\/figure><\/div>\n\n\n\n<div class=\"wp-block-image\"><figure class=\"aligncenter size-large\"><img loading=\"lazy\" decoding=\"async\" width=\"605\" height=\"216\" src=\"https:\/\/etab.ac-reunion.fr\/clg-les-aigrettes\/wp-content\/uploads\/sites\/96\/2021\/04\/Sans-titre-02.jpg\" alt=\"\" class=\"wp-image-11045\" srcset=\"https:\/\/etab.ac-reunion.fr\/clg-les-aigrettes\/wp-content\/uploads\/sites\/96\/2021\/04\/Sans-titre-02.jpg 605w, https:\/\/etab.ac-reunion.fr\/clg-les-aigrettes\/wp-content\/uploads\/sites\/96\/2021\/04\/Sans-titre-02-480x171.jpg 480w\" sizes=\"(min-width: 0px) and (max-width: 480px) 480px, (min-width: 481px) 605px, 100vw\" \/><\/figure><\/div>\n\n\n\n<p>Le tournage a dur\u00e9 toute la journ\u00e9e, 3 \u00e9l\u00e8ves du coll\u00e8ge Les Aigrettes ont affront\u00e9 3 \u00e9l\u00e8ves du coll\u00e8ge de Cambuston le matin, et 2 l\u2019apr\u00e8s-midi. Avant de passer devant les cam\u00e9ras, tout le monde est all\u00e9 au&nbsp; maquillage&nbsp;: une petite mise en beaut\u00e9 s\u2019impose pour ne pas briller \u00e0 l\u2019\u00e9cran. Katiana Castelnaux a mis tout le monde \u00e0 l\u2019aise, il faut \u00eatre le plus naturel possible devant les cam\u00e9ras. Pas \u00e9vident quand m\u00eame quand on veut faire honneur \u00e0 son coll\u00e8ge devant tout le monde&nbsp;!<\/p>\n\n\n\n<p>Jean a commenc\u00e9 l\u2019enregistrement de l\u2019\u00e9mission du lundi&nbsp;: pose de micro qui s\u2019attache derri\u00e8re les oreilles, v\u00e9rification du bon fonctionnement du buzzer, v\u00e9rification du son et des lumi\u00e8res. La tension monte sur le plateau pour Jean et son adversaire&nbsp;!<\/p>\n\n\n\n<div class=\"wp-block-image\"><figure class=\"aligncenter size-large\"><img loading=\"lazy\" decoding=\"async\" width=\"605\" height=\"454\" src=\"https:\/\/etab.ac-reunion.fr\/clg-les-aigrettes\/wp-content\/uploads\/sites\/96\/2021\/04\/Sans-titre-03.jpg\" alt=\"\" class=\"wp-image-11046\" srcset=\"https:\/\/etab.ac-reunion.fr\/clg-les-aigrettes\/wp-content\/uploads\/sites\/96\/2021\/04\/Sans-titre-03.jpg 605w, https:\/\/etab.ac-reunion.fr\/clg-les-aigrettes\/wp-content\/uploads\/sites\/96\/2021\/04\/Sans-titre-03-480x360.jpg 480w\" sizes=\"(min-width: 0px) and (max-width: 480px) 480px, (min-width: 481px) 605px, 100vw\" \/><\/figure><\/div>\n\n\n\n<div class=\"wp-block-image\"><figure class=\"aligncenter size-large\"><img loading=\"lazy\" decoding=\"async\" width=\"529\" height=\"705\" src=\"https:\/\/etab.ac-reunion.fr\/clg-les-aigrettes\/wp-content\/uploads\/sites\/96\/2021\/04\/Sans-titre-04.jpg\" alt=\"\" class=\"wp-image-11047\" srcset=\"https:\/\/etab.ac-reunion.fr\/clg-les-aigrettes\/wp-content\/uploads\/sites\/96\/2021\/04\/Sans-titre-04.jpg 529w, https:\/\/etab.ac-reunion.fr\/clg-les-aigrettes\/wp-content\/uploads\/sites\/96\/2021\/04\/Sans-titre-04-480x640.jpg 480w\" sizes=\"(min-width: 0px) and (max-width: 480px) 480px, (min-width: 481px) 529px, 100vw\" \/><\/figure><\/div>\n\n\n\n<p>Le jeu du lundi se termine apr\u00e8s 3 manches, avec une l\u00e9g\u00e8re avance pour le Coll\u00e8ge Les Aigrettes.<\/p>\n\n\n\n<p>C\u2019est au tour de Dana\u00e9 d\u2019affronter le coll\u00e8ge de Cambuston. &nbsp;Katiana la pr\u00e9sentatrice a chang\u00e9 de tenue, car ce jeu est sens\u00e9 se d\u00e9rouler mardi et elle ne peut pas \u00eatre habill\u00e9e comme la veille. De m\u00eame, les pr\u00e9sentations doivent commencer par \u00ab&nbsp;Bonsoir&nbsp;!&nbsp;\u00bb. Et oui, on triche un peu, m\u00eame s\u2019il est 10h ce mercredi matin, l\u2019\u00e9mission sera diffus\u00e9e \u00e0 17h45, le soir, dans deux semaines.<\/p>\n\n\n\n<div class=\"wp-block-image\"><figure class=\"aligncenter size-large\"><img loading=\"lazy\" decoding=\"async\" width=\"605\" height=\"454\" src=\"https:\/\/etab.ac-reunion.fr\/clg-les-aigrettes\/wp-content\/uploads\/sites\/96\/2021\/04\/Sans-titre-05.jpg\" alt=\"\" class=\"wp-image-11048\" srcset=\"https:\/\/etab.ac-reunion.fr\/clg-les-aigrettes\/wp-content\/uploads\/sites\/96\/2021\/04\/Sans-titre-05.jpg 605w, https:\/\/etab.ac-reunion.fr\/clg-les-aigrettes\/wp-content\/uploads\/sites\/96\/2021\/04\/Sans-titre-05-480x360.jpg 480w\" sizes=\"(min-width: 0px) and (max-width: 480px) 480px, (min-width: 481px) 605px, 100vw\" \/><\/figure><\/div>\n\n\n\n<p>Les questions s \u2018enchainent, nos 2 challengers r\u00e9pondent chacun leur tour aux 2 premiers jeux. Le 3<sup>\u00e8me<\/sup> jeu est un jeu de rapidit\u00e9 et ce n\u2019est pas \u00e9vident de prendre la main avec le buzzer&nbsp;!<\/p>\n\n\n\n<p>La 3<sup>\u00e8me<\/sup> candidate de la matin\u00e9e est Ana\u00efs, et c\u2019est elle qui doit faire gagner le coll\u00e8ge sur une danse de Tik Tok. Et danser devant tout le monde, camera, cameramen, preneurs de son, pr\u00e9sentatrice et spectateurs n\u2019est pas chose facile&nbsp;!<\/p>\n\n\n\n<div class=\"wp-block-image\"><figure class=\"aligncenter size-large\"><img loading=\"lazy\" decoding=\"async\" width=\"518\" height=\"389\" src=\"https:\/\/etab.ac-reunion.fr\/clg-les-aigrettes\/wp-content\/uploads\/sites\/96\/2021\/04\/Sans-titre-06.jpg\" alt=\"\" class=\"wp-image-11049\" srcset=\"https:\/\/etab.ac-reunion.fr\/clg-les-aigrettes\/wp-content\/uploads\/sites\/96\/2021\/04\/Sans-titre-06.jpg 518w, https:\/\/etab.ac-reunion.fr\/clg-les-aigrettes\/wp-content\/uploads\/sites\/96\/2021\/04\/Sans-titre-06-480x360.jpg 480w\" sizes=\"(min-width: 0px) and (max-width: 480px) 480px, (min-width: 481px) 518px, 100vw\" \/><\/figure><\/div>\n\n\n\n<p>La matin\u00e9e est d\u00e9j\u00e0 finie, les \u00e9l\u00e8ves vont assister \u00e0 la pr\u00e9sentation de la m\u00e9t\u00e9o qui est enregistr\u00e9e \u00e0 midi mais ne sera diffus\u00e9e sur R\u00e9union 1<sup>\u00e8re<\/sup> qu\u2019\u00e0 12h55. Le pr\u00e9sentateur est tr\u00e8s chic, il est habill\u00e9 en costume cravate mais porte des baskets&nbsp;: nous ne verrons \u00e0 l\u2019antenne que le haut de son corps, il pourrait m\u00eame \u00eatre pieds-nus&nbsp;! Dana\u00e9 lui demande s\u2019il a un prompteur pour l\u2019aider \u00e0 dire son texte, mais non, il improvise une pr\u00e9sentation m\u00e9t\u00e9o diff\u00e9rente chaque jour. Il assure aussi avoir \u00e9t\u00e9 un grand timide \u00e9tant jeune, ce qui n\u2019est plus du tout le cas.<\/p>\n\n\n\n<div class=\"wp-block-image\"><figure class=\"aligncenter size-large\"><img loading=\"lazy\" decoding=\"async\" width=\"482\" height=\"643\" src=\"https:\/\/etab.ac-reunion.fr\/clg-les-aigrettes\/wp-content\/uploads\/sites\/96\/2021\/04\/Sans-titre-07.jpg\" alt=\"\" class=\"wp-image-11050\" srcset=\"https:\/\/etab.ac-reunion.fr\/clg-les-aigrettes\/wp-content\/uploads\/sites\/96\/2021\/04\/Sans-titre-07.jpg 482w, https:\/\/etab.ac-reunion.fr\/clg-les-aigrettes\/wp-content\/uploads\/sites\/96\/2021\/04\/Sans-titre-07-480x640.jpg 480w\" sizes=\"(min-width: 0px) and (max-width: 480px) 480px, (min-width: 481px) 482px, 100vw\" \/><\/figure><\/div>\n\n\n\n<p>Avant de partir, nos 3 repr\u00e9sentants s\u2019amusent sur le plateau du JT et improvisent le journal de 13h qui aura lieu en direct dans quelques minutes.<\/p>\n\n\n\n<div class=\"wp-block-image\"><figure class=\"aligncenter size-large\"><img loading=\"lazy\" decoding=\"async\" width=\"605\" height=\"454\" src=\"https:\/\/etab.ac-reunion.fr\/clg-les-aigrettes\/wp-content\/uploads\/sites\/96\/2021\/04\/Sans-titre-08.jpg\" alt=\"\" class=\"wp-image-11051\" srcset=\"https:\/\/etab.ac-reunion.fr\/clg-les-aigrettes\/wp-content\/uploads\/sites\/96\/2021\/04\/Sans-titre-08.jpg 605w, https:\/\/etab.ac-reunion.fr\/clg-les-aigrettes\/wp-content\/uploads\/sites\/96\/2021\/04\/Sans-titre-08-480x360.jpg 480w\" sizes=\"(min-width: 0px) and (max-width: 480px) 480px, (min-width: 481px) 605px, 100vw\" \/><\/figure><\/div>\n\n\n\n<p>L\u2019apr\u00e8s midi, c\u2019est au tour de 2 autres \u00e9l\u00e8ves de venir d\u00e9fendre les couleurs du coll\u00e8ge sur le plateau. Katiana s\u2019est encore chang\u00e9e (c\u2019est sa 4<sup>\u00e8me<\/sup> tenue&nbsp;!), et Matt\u00e9o entre en sc\u00e8ne. Comme l\u2019ont fait avant lui les autres \u00e9l\u00e8ves, il utilise le Joker, c\u2019est-\u00e0-dire le professeur qui les a accompagn\u00e9s, pour le jeu du Memory. Avec le stress et le tic-tac de l\u2019horloge, difficile de se concentrer comme \u00e0 la maison. Ouf les Jokers des 2 \u00e9quipes assurent et donnent le petit coup de pouce \u00e0 tous les candidats pour repartir. Place \u00e0 la culture g\u00e9n\u00e9rale, mains sur le buzzer.<\/p>\n\n\n\n<div class=\"wp-block-image\"><figure class=\"aligncenter size-large\"><img loading=\"lazy\" decoding=\"async\" width=\"522\" height=\"392\" src=\"https:\/\/etab.ac-reunion.fr\/clg-les-aigrettes\/wp-content\/uploads\/sites\/96\/2021\/04\/Sans-titre-09.jpg\" alt=\"\" class=\"wp-image-11052\" srcset=\"https:\/\/etab.ac-reunion.fr\/clg-les-aigrettes\/wp-content\/uploads\/sites\/96\/2021\/04\/Sans-titre-09.jpg 522w, https:\/\/etab.ac-reunion.fr\/clg-les-aigrettes\/wp-content\/uploads\/sites\/96\/2021\/04\/Sans-titre-09-480x360.jpg 480w\" sizes=\"(min-width: 0px) and (max-width: 480px) 480px, (min-width: 481px) 522px, 100vw\" \/><\/figure><\/div>\n\n\n\n<p>Le dernier candidat de la journ\u00e9e et du coll\u00e8ge Les Aigrettes est Kylian. Il ne reste plus que 2 mati\u00e8res \u00e0 nos 2 participants, toutes les autres ont \u00e9t\u00e9 tir\u00e9es au sort par les 8 \u00e9l\u00e8ves depuis ce matin, et ce ne sont pas les plus faciles&nbsp;! La pression est sur les \u00e9paules de Killian, car \u00e0 la fin de cette \u00e9mission nous saurons quel coll\u00e8ge finit vainqueur&nbsp;!<\/p>\n\n\n\n<p>Comment nos 5 \u00e9l\u00e8ves de 3eme ont-ils v\u00e9cu cette journ\u00e9e&nbsp;? Pour Jean, c\u2019\u00e9tait \u00ab&nbsp;tr\u00e8s cool et marrant, et aussi super instructif&nbsp;\u00bb. Matheo a trouv\u00e9 cela exceptionnel&nbsp;comme exp\u00e9rience: \u00ab&nbsp;On a \u00e9t\u00e9 tr\u00e8s bien accueillis et le tournage \u00e9tait super, le fait de voir l\u2019envers du d\u00e9cor et de d\u00e9couvrir le monde du journalisme et de la t\u00e9l\u00e9vision, c\u2019\u00e9tait tr\u00e8s attrayant et instructif.&nbsp;\u00bb Kylian s\u2019est lui bien amus\u00e9, et il a ador\u00e9 voir les studios d\u2019enregistrement. Dana\u00e9 et Ana\u00efs ont \u00e9galement profit\u00e9 de cette superbe exp\u00e9rience&nbsp;!<\/p>\n\n\n\n<p>Alors&nbsp;? Press\u00e9 de savoir si votre coll\u00e8ge a gagn\u00e9&nbsp;? Le duel coll\u00e8ge Les Aigrettes\/ coll\u00e8ge Mahoudeaux passe la semaine du 12 au 16 avril\u2026<\/p>\n\n\n\n<p>Ne manquez pas Coll\u00e8ge Premi\u00e8re tous les soirs de 17h45 \u00e0 18h05, sur R\u00e9union Premi\u00e8re\u2026<\/p>\n\n\n\n<div class=\"wp-block-image\"><figure class=\"aligncenter size-large\"><img loading=\"lazy\" decoding=\"async\" width=\"476\" height=\"635\" src=\"https:\/\/etab.ac-reunion.fr\/clg-les-aigrettes\/wp-content\/uploads\/sites\/96\/2021\/04\/Sans-titre-11.jpg\" alt=\"\" class=\"wp-image-11064\" srcset=\"https:\/\/etab.ac-reunion.fr\/clg-les-aigrettes\/wp-content\/uploads\/sites\/96\/2021\/04\/Sans-titre-11.jpg 476w, https:\/\/etab.ac-reunion.fr\/clg-les-aigrettes\/wp-content\/uploads\/sites\/96\/2021\/04\/Sans-titre-11-225x300.jpg 225w, https:\/\/etab.ac-reunion.fr\/clg-les-aigrettes\/wp-content\/uploads\/sites\/96\/2021\/04\/Sans-titre-11-112x150.jpg 112w\" sizes=\"(max-width: 476px) 100vw, 476px\" \/><\/figure><\/div>\n\n\n\n<div class=\"wp-block-image\"><figure class=\"aligncenter size-large\"><img loading=\"lazy\" decoding=\"async\" width=\"476\" height=\"635\" src=\"https:\/\/etab.ac-reunion.fr\/clg-les-aigrettes\/wp-content\/uploads\/sites\/96\/2021\/04\/Sans-titre-10.jpg\" alt=\"\" class=\"wp-image-11053\" srcset=\"https:\/\/etab.ac-reunion.fr\/clg-les-aigrettes\/wp-content\/uploads\/sites\/96\/2021\/04\/Sans-titre-10.jpg 476w, https:\/\/etab.ac-reunion.fr\/clg-les-aigrettes\/wp-content\/uploads\/sites\/96\/2021\/04\/Sans-titre-10-225x300.jpg 225w, https:\/\/etab.ac-reunion.fr\/clg-les-aigrettes\/wp-content\/uploads\/sites\/96\/2021\/04\/Sans-titre-10-112x150.jpg 112w\" sizes=\"(max-width: 476px) 100vw, 476px\" \/><\/figure><\/div>\n\n\n\n<p>Et non, on ne vous divulgachera pas les scores\u00a0!!!<\/p>\n<!-- AddThis Advanced Settings generic via filter on the_content --><!-- AddThis Share Buttons generic via filter on the_content -->","protected":false},"excerpt":{"rendered":"<p>Le coll\u00e8ge a \u00e9t\u00e9 s\u00e9lectionn\u00e9 pour participer \u00e0 un jeu t\u00e9l\u00e9vis\u00e9 sur la chaine R\u00e9union 1\u00e8re.<!-- AddThis Advanced Settings generic via filter on get_the_excerpt --><!-- AddThis Share Buttons generic via filter on get_the_excerpt --><\/p>\n","protected":false},"author":2335,"featured_media":11057,"comment_status":"closed","ping_status":"closed","sticky":true,"template":"","format":"standard","meta":{"_et_pb_use_builder":"off","_et_pb_old_content":"","_et_gb_content_width":"1080","footnotes":"","_links_to":"","_links_to_target":""},"categories":[30,22],"tags":[],"class_list":["post-11040","post","type-post","status-publish","format-standard","has-post-thumbnail","hentry","category-actions","category-vie-au-college"],"_links":{"self":[{"href":"https:\/\/etab.ac-reunion.fr\/clg-les-aigrettes\/wp-json\/wp\/v2\/posts\/11040","targetHints":{"allow":["GET"]}}],"collection":[{"href":"https:\/\/etab.ac-reunion.fr\/clg-les-aigrettes\/wp-json\/wp\/v2\/posts"}],"about":[{"href":"https:\/\/etab.ac-reunion.fr\/clg-les-aigrettes\/wp-json\/wp\/v2\/types\/post"}],"author":[{"embeddable":true,"href":"https:\/\/etab.ac-reunion.fr\/clg-les-aigrettes\/wp-json\/wp\/v2\/users\/2335"}],"replies":[{"embeddable":true,"href":"https:\/\/etab.ac-reunion.fr\/clg-les-aigrettes\/wp-json\/wp\/v2\/comments?post=11040"}],"version-history":[{"count":8,"href":"https:\/\/etab.ac-reunion.fr\/clg-les-aigrettes\/wp-json\/wp\/v2\/posts\/11040\/revisions"}],"predecessor-version":[{"id":11065,"href":"https:\/\/etab.ac-reunion.fr\/clg-les-aigrettes\/wp-json\/wp\/v2\/posts\/11040\/revisions\/11065"}],"wp:featuredmedia":[{"embeddable":true,"href":"https:\/\/etab.ac-reunion.fr\/clg-les-aigrettes\/wp-json\/wp\/v2\/media\/11057"}],"wp:attachment":[{"href":"https:\/\/etab.ac-reunion.fr\/clg-les-aigrettes\/wp-json\/wp\/v2\/media?parent=11040"}],"wp:term":[{"taxonomy":"category","embeddable":true,"href":"https:\/\/etab.ac-reunion.fr\/clg-les-aigrettes\/wp-json\/wp\/v2\/categories?post=11040"},{"taxonomy":"post_tag","embeddable":true,"href":"https:\/\/etab.ac-reunion.fr\/clg-les-aigrettes\/wp-json\/wp\/v2\/tags?post=11040"}],"curies":[{"name":"wp","href":"https:\/\/api.w.org\/{rel}","templated":true}]}}