{"id":11131,"date":"2021-07-01T11:22:29","date_gmt":"2021-07-01T07:22:29","guid":{"rendered":"http:\/\/college-aigrettes.ac-reunion.fr\/?p=11131"},"modified":"2021-07-06T11:49:38","modified_gmt":"2021-07-06T07:49:38","slug":"arbres-remarquables","status":"publish","type":"post","link":"https:\/\/etab.ac-reunion.fr\/clg-les-aigrettes\/arbres-remarquables\/","title":{"rendered":"Arbres remarquables"},"content":{"rendered":"\n<p><br><em>Je suis tr\u00e8s heureuse d&rsquo;avoir embarqu\u00e9 ma 607 dans ce projet. <\/em><\/p>\n\n\n\n<p><em>Merci Cl\u00e9ment Aquilina d&rsquo;\u00eatre venu nous chercher. <\/em><\/p>\n\n\n\n<p><em>Mes \u00e9l\u00e8ves ont produit des photos et des textes de qualit\u00e9. Aller voir l&rsquo;expo&#8230; Allez \u00e0 la rencontre de ces arbres.<\/em><\/p>\n\n\n\n<p><em>Sophie Auzeine<\/em><\/p>\n\n\n\n<p><a href=\"https:\/\/etab.ac-reunion.fr\/clg-les-aigrettes\/arbres-remarquables\/\">Voir l\u2019article<\/a><\/p>\n\n\n\n<div class=\"wp-block-columns is-layout-flex wp-container-core-columns-is-layout-9d6595d7 wp-block-columns-is-layout-flex\">\n<div class=\"wp-block-column is-layout-flow wp-block-column-is-layout-flow\">\n<p class=\"has-text-align-center\"><strong><a rel=\"noreferrer noopener\" href=\"https:\/\/iledelareunion.observatoiredesarbres.fr\/fr\/portail\/372\/mediatheque\/57070\/parcours-arbres-connus-et-meconnus-saint-gilles-les-bains-97434.html?fbclid=IwAR0Iv28wRs3jINEInY2kgWeI00kfXcxwgoz738Y1jEJWaZnp1oha3M7Vn54\" target=\"_blank\">Expo St Gilles<\/a><\/strong><\/p>\n\n\n\n<figure class=\"wp-block-image size-large is-resized\"><a href=\"https:\/\/iledelareunion.observatoiredesarbres.fr\/fr\/portail\/372\/mediatheque\/57070\/parcours-arbres-connus-et-meconnus-saint-gilles-les-bains-97434.html?fbclid=IwAR0Iv28wRs3jINEInY2kgWeI00kfXcxwgoz738Y1jEJWaZnp1oha3M7Vn54\"><img loading=\"lazy\" decoding=\"async\" src=\"https:\/\/etab.ac-reunion.fr\/clg-les-aigrettes\/wp-content\/uploads\/sites\/96\/2021\/07\/st-ggille-2021-06-08-a-15-19-57.jpg.jpg\" alt=\"\" class=\"wp-image-11214\" width=\"508\" height=\"575\" srcset=\"https:\/\/etab.ac-reunion.fr\/clg-les-aigrettes\/wp-content\/uploads\/sites\/96\/2021\/07\/st-ggille-2021-06-08-a-15-19-57.jpg.jpg 508w, https:\/\/etab.ac-reunion.fr\/clg-les-aigrettes\/wp-content\/uploads\/sites\/96\/2021\/07\/st-ggille-2021-06-08-a-15-19-57.jpg-480x543.jpg 480w\" sizes=\"(min-width: 0px) and (max-width: 480px) 480px, (min-width: 481px) 508px, 100vw\" \/><\/a><\/figure>\n<\/div>\n\n\n\n<div class=\"wp-block-column is-layout-flow wp-block-column-is-layout-flow\">\n<p class=\"has-text-align-center\"><strong><a href=\"https:\/\/iledelareunion.observatoiredesarbres.fr\/fr\/portail\/372\/mediatheque\/57071\/parcours-arbres-connus-et-meconnus-la-saline-les-bains-97434.html?fbclid=IwAR36mDA9zC0hpZ-Pwig9jr7cKj60nktBAeR8nWFrXdM03U_Z-xMh5jHS1hM\">Expo La Saline<\/a><\/strong><\/p>\n\n\n\n<figure class=\"wp-block-image size-large\"><a href=\"https:\/\/iledelareunion.observatoiredesarbres.fr\/fr\/portail\/372\/mediatheque\/57071\/parcours-arbres-connus-et-meconnus-la-saline-les-bains-97434.html?fbclid=IwAR36mDA9zC0hpZ-Pwig9jr7cKj60nktBAeR8nWFrXdM03U_Z-xMh5jHS1hM\"><img loading=\"lazy\" decoding=\"async\" width=\"666\" height=\"720\" src=\"https:\/\/etab.ac-reunion.fr\/clg-les-aigrettes\/wp-content\/uploads\/sites\/96\/2021\/07\/saline-2021-06-08-a-15-18-56.jpg-min11.jpg\" alt=\"\" class=\"wp-image-11215\" srcset=\"https:\/\/etab.ac-reunion.fr\/clg-les-aigrettes\/wp-content\/uploads\/sites\/96\/2021\/07\/saline-2021-06-08-a-15-18-56.jpg-min11.jpg 666w, https:\/\/etab.ac-reunion.fr\/clg-les-aigrettes\/wp-content\/uploads\/sites\/96\/2021\/07\/saline-2021-06-08-a-15-18-56.jpg-min11-480x519.jpg 480w\" sizes=\"(min-width: 0px) and (max-width: 480px) 480px, (min-width: 481px) 666px, 100vw\" \/><\/a><\/figure>\n<\/div>\n<\/div>\n<!-- AddThis Advanced Settings generic via filter on the_content --><!-- AddThis Share Buttons generic via filter on the_content -->","protected":false},"excerpt":{"rendered":"<p>A la rencontre des arbres remarquables de Saint-Gilles les bains et de la Saline les bains<!-- AddThis Advanced Settings generic via filter on get_the_excerpt --><!-- AddThis Share Buttons generic via filter on get_the_excerpt --><\/p>\n","protected":false},"author":8055,"featured_media":11215,"comment_status":"closed","ping_status":"closed","sticky":true,"template":"","format":"standard","meta":{"_et_pb_use_builder":"off","_et_pb_old_content":"","_et_gb_content_width":"1080","footnotes":"","_links_to":"","_links_to_target":""},"categories":[206],"tags":[],"class_list":["post-11131","post","type-post","status-publish","format-standard","has-post-thumbnail","hentry","category-vague-verte"],"_links":{"self":[{"href":"https:\/\/etab.ac-reunion.fr\/clg-les-aigrettes\/wp-json\/wp\/v2\/posts\/11131","targetHints":{"allow":["GET"]}}],"collection":[{"href":"https:\/\/etab.ac-reunion.fr\/clg-les-aigrettes\/wp-json\/wp\/v2\/posts"}],"about":[{"href":"https:\/\/etab.ac-reunion.fr\/clg-les-aigrettes\/wp-json\/wp\/v2\/types\/post"}],"author":[{"embeddable":true,"href":"https:\/\/etab.ac-reunion.fr\/clg-les-aigrettes\/wp-json\/wp\/v2\/users\/8055"}],"replies":[{"embeddable":true,"href":"https:\/\/etab.ac-reunion.fr\/clg-les-aigrettes\/wp-json\/wp\/v2\/comments?post=11131"}],"version-history":[{"count":19,"href":"https:\/\/etab.ac-reunion.fr\/clg-les-aigrettes\/wp-json\/wp\/v2\/posts\/11131\/revisions"}],"predecessor-version":[{"id":11219,"href":"https:\/\/etab.ac-reunion.fr\/clg-les-aigrettes\/wp-json\/wp\/v2\/posts\/11131\/revisions\/11219"}],"wp:featuredmedia":[{"embeddable":true,"href":"https:\/\/etab.ac-reunion.fr\/clg-les-aigrettes\/wp-json\/wp\/v2\/media\/11215"}],"wp:attachment":[{"href":"https:\/\/etab.ac-reunion.fr\/clg-les-aigrettes\/wp-json\/wp\/v2\/media?parent=11131"}],"wp:term":[{"taxonomy":"category","embeddable":true,"href":"https:\/\/etab.ac-reunion.fr\/clg-les-aigrettes\/wp-json\/wp\/v2\/categories?post=11131"},{"taxonomy":"post_tag","embeddable":true,"href":"https:\/\/etab.ac-reunion.fr\/clg-les-aigrettes\/wp-json\/wp\/v2\/tags?post=11131"}],"curies":[{"name":"wp","href":"https:\/\/api.w.org\/{rel}","templated":true}]}}