{"id":11285,"date":"2021-07-02T10:25:08","date_gmt":"2021-07-02T06:25:08","guid":{"rendered":"http:\/\/college-aigrettes.ac-reunion.fr\/?p=11285"},"modified":"2021-07-06T19:48:37","modified_gmt":"2021-07-06T15:48:37","slug":"projet-moi-et-le-monde","status":"publish","type":"post","link":"https:\/\/etab.ac-reunion.fr\/clg-les-aigrettes\/projet-moi-et-le-monde\/","title":{"rendered":"Projet \u00ab\u00a0Moi et le monde\u00a0\u00bb"},"content":{"rendered":"\n<h4 class=\"wp-block-heading\">Article de Aurore Augereau<\/h4>\n\n\n\n<h4 class=\"wp-block-heading\">&nbsp;&nbsp;&nbsp;&nbsp;&nbsp;&nbsp;&nbsp; Lors d&rsquo;un projet men\u00e9 en partenariat avec le centre culturel Lespas et la DAAC de la R\u00e9union, les \u00e9l\u00e8ves de 3\u00e8me pr\u00e9pa-m\u00e9tiers se sont lanc\u00e9s dans l&rsquo;aventure d&rsquo;une lecture th\u00e9\u00e2trale sur fond musical. Un grand bravo \u00e0 eux et notamment \u00e0 trois \u00e9l\u00e8ves qui ont en plus \u00e9crit leur propre texte.<\/h4>\n\n\n<!-- AddThis Advanced Settings generic via filter on the_content --><!-- AddThis Share Buttons generic via filter on the_content -->","protected":false},"excerpt":{"rendered":"<p>Article de Aurore Augereau &#8211; Lors d&rsquo;un projet men\u00e9 en partenariat avec le centre culturel Lespas et la DAAC de la R\u00e9union, les \u00e9l\u00e8ves de 3\u00e8me pr\u00e9pa-m\u00e9tiers se sont lanc\u00e9s dans l&rsquo;aventure d&rsquo;une lecture th\u00e9\u00e2trale sur fond musical.<!-- AddThis Advanced Settings generic via filter on get_the_excerpt --><!-- AddThis Share Buttons generic via filter on get_the_excerpt --><\/p>\n","protected":false},"author":2335,"featured_media":11302,"comment_status":"closed","ping_status":"closed","sticky":true,"template":"","format":"standard","meta":{"_et_pb_use_builder":"","_et_pb_old_content":"","_et_gb_content_width":"1080","footnotes":"","_links_to":"","_links_to_target":""},"categories":[30,31,22],"tags":[],"class_list":["post-11285","post","type-post","status-publish","format-standard","has-post-thumbnail","hentry","category-actions","category-nos-eleves-ont-du-talent","category-vie-au-college"],"_links":{"self":[{"href":"https:\/\/etab.ac-reunion.fr\/clg-les-aigrettes\/wp-json\/wp\/v2\/posts\/11285","targetHints":{"allow":["GET"]}}],"collection":[{"href":"https:\/\/etab.ac-reunion.fr\/clg-les-aigrettes\/wp-json\/wp\/v2\/posts"}],"about":[{"href":"https:\/\/etab.ac-reunion.fr\/clg-les-aigrettes\/wp-json\/wp\/v2\/types\/post"}],"author":[{"embeddable":true,"href":"https:\/\/etab.ac-reunion.fr\/clg-les-aigrettes\/wp-json\/wp\/v2\/users\/2335"}],"replies":[{"embeddable":true,"href":"https:\/\/etab.ac-reunion.fr\/clg-les-aigrettes\/wp-json\/wp\/v2\/comments?post=11285"}],"version-history":[{"count":13,"href":"https:\/\/etab.ac-reunion.fr\/clg-les-aigrettes\/wp-json\/wp\/v2\/posts\/11285\/revisions"}],"predecessor-version":[{"id":11307,"href":"https:\/\/etab.ac-reunion.fr\/clg-les-aigrettes\/wp-json\/wp\/v2\/posts\/11285\/revisions\/11307"}],"wp:featuredmedia":[{"embeddable":true,"href":"https:\/\/etab.ac-reunion.fr\/clg-les-aigrettes\/wp-json\/wp\/v2\/media\/11302"}],"wp:attachment":[{"href":"https:\/\/etab.ac-reunion.fr\/clg-les-aigrettes\/wp-json\/wp\/v2\/media?parent=11285"}],"wp:term":[{"taxonomy":"category","embeddable":true,"href":"https:\/\/etab.ac-reunion.fr\/clg-les-aigrettes\/wp-json\/wp\/v2\/categories?post=11285"},{"taxonomy":"post_tag","embeddable":true,"href":"https:\/\/etab.ac-reunion.fr\/clg-les-aigrettes\/wp-json\/wp\/v2\/tags?post=11285"}],"curies":[{"name":"wp","href":"https:\/\/api.w.org\/{rel}","templated":true}]}}