{"id":11604,"date":"2022-05-06T20:45:58","date_gmt":"2022-05-06T16:45:58","guid":{"rendered":"http:\/\/college-aigrettes.ac-reunion.fr\/?p=11604"},"modified":"2022-05-06T20:50:34","modified_gmt":"2022-05-06T16:50:34","slug":"semaine-de-la-presse-au-college","status":"publish","type":"post","link":"https:\/\/etab.ac-reunion.fr\/clg-les-aigrettes\/semaine-de-la-presse-au-college\/","title":{"rendered":"Semaine de la Presse au coll\u00e8ge"},"content":{"rendered":"\n<div class=\"wp-block-image is-style-default\"><figure class=\"aligncenter size-full\"><img loading=\"lazy\" decoding=\"async\" width=\"640\" height=\"480\" src=\"https:\/\/etab.ac-reunion.fr\/clg-les-aigrettes\/wp-content\/uploads\/sites\/96\/2022\/05\/SPME-11269901.jpg\" alt=\"\" class=\"wp-image-11606\" srcset=\"https:\/\/etab.ac-reunion.fr\/clg-les-aigrettes\/wp-content\/uploads\/sites\/96\/2022\/05\/SPME-11269901.jpg 640w, https:\/\/etab.ac-reunion.fr\/clg-les-aigrettes\/wp-content\/uploads\/sites\/96\/2022\/05\/SPME-11269901-480x360.jpg 480w\" sizes=\"(min-width: 0px) and (max-width: 480px) 480px, (min-width: 481px) 640px, 100vw\" \/><\/figure><\/div>\n\n\n\n<p><strong>Christine Bedin<\/strong><\/p>\n\n\n\n<p>Dans le cadre de la Semaine de la Presse et des M\u00e9dias qui s&rsquo;est d\u00e9roul\u00e9e au CDI en avril dernier, les \u00e9l\u00e8ves ont eu acc\u00e8s \u00e0 un certains nombres de ressources et d&rsquo;ateliers, ainsi qu&rsquo;une exposition sur le th\u00e8me de \u00ab\u00a0S&rsquo;informer pour comprendre le monde\u00a0\u00bb. Ils ont aussi eu l&rsquo;occasion de tester leurs connaissances du monde des m\u00e9dias et de l&rsquo;information gr\u00e2ce un quiz propos\u00e9 par les documentalistes. 5 bulletins de participation ont \u00e9t\u00e9 tir\u00e9s au sort parmi les bonnes r\u00e9ponses et les 40 participants, tirage au sort effectu\u00e9 par Mme Sakot, la principale, ainsi que par des \u00e9l\u00e8ves pr\u00e9sents le mardi 26 avril \u00e0 la r\u00e9cr\u00e9ation du matin. Les heureux gagnants se sont vus remettre un petit cadeau et ont re\u00e7u les chaleureuses f\u00e9licitations de la cheffe d&rsquo;\u00e9tablissement.<br>\u00a0<\/p>\n<!-- AddThis Advanced Settings generic via filter on the_content --><!-- AddThis Share Buttons generic via filter on the_content -->","protected":false},"excerpt":{"rendered":"<p>Semaine de la Presse<!-- AddThis Advanced Settings generic via filter on get_the_excerpt --><!-- AddThis Share Buttons generic via filter on get_the_excerpt --><\/p>\n","protected":false},"author":2335,"featured_media":11607,"comment_status":"closed","ping_status":"closed","sticky":false,"template":"","format":"standard","meta":{"_et_pb_use_builder":"off","_et_pb_old_content":"","_et_gb_content_width":"1080","footnotes":"","_links_to":"","_links_to_target":""},"categories":[13],"tags":[],"class_list":["post-11604","post","type-post","status-publish","format-standard","has-post-thumbnail","hentry","category-les-dernieres-informations"],"_links":{"self":[{"href":"https:\/\/etab.ac-reunion.fr\/clg-les-aigrettes\/wp-json\/wp\/v2\/posts\/11604","targetHints":{"allow":["GET"]}}],"collection":[{"href":"https:\/\/etab.ac-reunion.fr\/clg-les-aigrettes\/wp-json\/wp\/v2\/posts"}],"about":[{"href":"https:\/\/etab.ac-reunion.fr\/clg-les-aigrettes\/wp-json\/wp\/v2\/types\/post"}],"author":[{"embeddable":true,"href":"https:\/\/etab.ac-reunion.fr\/clg-les-aigrettes\/wp-json\/wp\/v2\/users\/2335"}],"replies":[{"embeddable":true,"href":"https:\/\/etab.ac-reunion.fr\/clg-les-aigrettes\/wp-json\/wp\/v2\/comments?post=11604"}],"version-history":[{"count":4,"href":"https:\/\/etab.ac-reunion.fr\/clg-les-aigrettes\/wp-json\/wp\/v2\/posts\/11604\/revisions"}],"predecessor-version":[{"id":11610,"href":"https:\/\/etab.ac-reunion.fr\/clg-les-aigrettes\/wp-json\/wp\/v2\/posts\/11604\/revisions\/11610"}],"wp:featuredmedia":[{"embeddable":true,"href":"https:\/\/etab.ac-reunion.fr\/clg-les-aigrettes\/wp-json\/wp\/v2\/media\/11607"}],"wp:attachment":[{"href":"https:\/\/etab.ac-reunion.fr\/clg-les-aigrettes\/wp-json\/wp\/v2\/media?parent=11604"}],"wp:term":[{"taxonomy":"category","embeddable":true,"href":"https:\/\/etab.ac-reunion.fr\/clg-les-aigrettes\/wp-json\/wp\/v2\/categories?post=11604"},{"taxonomy":"post_tag","embeddable":true,"href":"https:\/\/etab.ac-reunion.fr\/clg-les-aigrettes\/wp-json\/wp\/v2\/tags?post=11604"}],"curies":[{"name":"wp","href":"https:\/\/api.w.org\/{rel}","templated":true}]}}