{"id":11830,"date":"2022-09-12T11:01:56","date_gmt":"2022-09-12T07:01:56","guid":{"rendered":"https:\/\/etab.ac-reunion.fr\/clg-les-aigrettes\/?p=11830"},"modified":"2022-09-14T08:43:08","modified_gmt":"2022-09-14T04:43:08","slug":"semaine-de-lillettrisme","status":"publish","type":"post","link":"https:\/\/etab.ac-reunion.fr\/clg-les-aigrettes\/semaine-de-lillettrisme\/","title":{"rendered":"Semaine de l\u2019illettrisme"},"content":{"rendered":"\n<p><strong>De nombreuses actions cette semaine au coll\u00e8ge dans le cadre de&nbsp; la semaine contre l&rsquo;illettrisme !<br><\/strong><\/p>\n\n\n\n<p>Des \u00e9l\u00e8ves se sont port\u00e9s volontaires pour intervenir dans les classes tout au long de la journ\u00e9e pour lire un passage d&rsquo;un livre de<br>leur choix.<br>L&rsquo;objectif est d&rsquo;encourager tous les \u00e9l\u00e8ves du coll\u00e8ge \u00e0 fr\u00e9quenter le CDI, \u00e0 emprunter des livres&#8230; et \u00e0 les lire.<\/p>\n\n\n\n<p>Merci aux \u00e9l\u00e8ves d&rsquo;avoir lu un extrait de livre aux personnels de l&rsquo;administration !<\/p>\n\n\n\n<figure class=\"wp-block-image size-full is-resized\"><img loading=\"lazy\" decoding=\"async\" src=\"https:\/\/etab.ac-reunion.fr\/clg-les-aigrettes\/wp-content\/uploads\/sites\/96\/2022\/09\/Photo1illetrisme.jpg\" alt=\"\" class=\"wp-image-11827\" width=\"844\" height=\"729\" srcset=\"https:\/\/etab.ac-reunion.fr\/clg-les-aigrettes\/wp-content\/uploads\/sites\/96\/2022\/09\/Photo1illetrisme.jpg 844w, https:\/\/etab.ac-reunion.fr\/clg-les-aigrettes\/wp-content\/uploads\/sites\/96\/2022\/09\/Photo1illetrisme-480x415.jpg 480w\" sizes=\"(min-width: 0px) and (max-width: 480px) 480px, (min-width: 481px) 844px, 100vw\" \/><figcaption>\u00c9l\u00e8ves de 409 &#8211; Lola et H\u00e9l\u00e9na <\/figcaption><\/figure>\n\n\n\n<figure class=\"wp-block-gallery has-nested-images columns-2 wp-block-gallery-1 is-layout-flex wp-block-gallery-is-layout-flex\">\n<figure class=\"wp-block-image size-large\"><img loading=\"lazy\" decoding=\"async\" width=\"640\" height=\"549\" data-id=\"11839\" src=\"https:\/\/etab.ac-reunion.fr\/clg-les-aigrettes\/wp-content\/uploads\/sites\/96\/2022\/09\/Photo4illetrisme.jpg\" alt=\"\" class=\"wp-image-11839\" srcset=\"https:\/\/etab.ac-reunion.fr\/clg-les-aigrettes\/wp-content\/uploads\/sites\/96\/2022\/09\/Photo4illetrisme.jpg 640w, https:\/\/etab.ac-reunion.fr\/clg-les-aigrettes\/wp-content\/uploads\/sites\/96\/2022\/09\/Photo4illetrisme-480x412.jpg 480w\" sizes=\"(min-width: 0px) and (max-width: 480px) 480px, (min-width: 481px) 640px, 100vw\" \/><\/figure>\n\n\n\n<figure class=\"wp-block-image size-large\"><img loading=\"lazy\" decoding=\"async\" width=\"480\" height=\"640\" data-id=\"11829\" src=\"https:\/\/etab.ac-reunion.fr\/clg-les-aigrettes\/wp-content\/uploads\/sites\/96\/2022\/09\/Photo3illetrisme.jpg\" alt=\"\" class=\"wp-image-11829\" srcset=\"https:\/\/etab.ac-reunion.fr\/clg-les-aigrettes\/wp-content\/uploads\/sites\/96\/2022\/09\/Photo3illetrisme.jpg 480w, https:\/\/etab.ac-reunion.fr\/clg-les-aigrettes\/wp-content\/uploads\/sites\/96\/2022\/09\/Photo3illetrisme-225x300.jpg 225w\" sizes=\"(max-width: 480px) 100vw, 480px\" \/><\/figure>\n<\/figure>\n\n\n\n<p class=\"has-text-align-center\">\u00c9l\u00e8ves de 408 &#8211; Louise et Sohan<\/p>\n\n\n\n<p>Un grand merci aux professeurs et au principal-adjoint pour cette belle initiative.<\/p>\n\n\n\n<p>La principale<\/p>\n\n\n\n<p><a href=\"https:\/\/etab.ac-reunion.fr\/clg-les-aigrettes\/wp-content\/uploads\/sites\/96\/2022\/09\/Journee-Nationale-illetrisme.pdf\">Voir le programme complet de la semaine de l&rsquo;illettrisme<\/a><\/p>\n\n\n\n<p><\/p>\n<!-- AddThis Advanced Settings generic via filter on the_content --><!-- AddThis Share Buttons generic via filter on the_content -->","protected":false},"excerpt":{"rendered":"<p>De nombreuses actions cette semaine au coll\u00e8ge dans le cadre de&nbsp; la semaine contre l&rsquo;illettrisme ! Des \u00e9l\u00e8ves se sont port\u00e9s volontaires pour intervenir dans les classes tout au long [&hellip;]<!-- AddThis Advanced Settings generic via filter on get_the_excerpt --><!-- AddThis Share Buttons generic via filter on get_the_excerpt --><\/p>\n","protected":false},"author":1545,"featured_media":0,"comment_status":"closed","ping_status":"closed","sticky":false,"template":"","format":"standard","meta":{"_et_pb_use_builder":"off","_et_pb_old_content":"","_et_gb_content_width":"","footnotes":"","_links_to":"","_links_to_target":""},"categories":[13],"tags":[],"class_list":["post-11830","post","type-post","status-publish","format-standard","hentry","category-les-dernieres-informations"],"_links":{"self":[{"href":"https:\/\/etab.ac-reunion.fr\/clg-les-aigrettes\/wp-json\/wp\/v2\/posts\/11830","targetHints":{"allow":["GET"]}}],"collection":[{"href":"https:\/\/etab.ac-reunion.fr\/clg-les-aigrettes\/wp-json\/wp\/v2\/posts"}],"about":[{"href":"https:\/\/etab.ac-reunion.fr\/clg-les-aigrettes\/wp-json\/wp\/v2\/types\/post"}],"author":[{"embeddable":true,"href":"https:\/\/etab.ac-reunion.fr\/clg-les-aigrettes\/wp-json\/wp\/v2\/users\/1545"}],"replies":[{"embeddable":true,"href":"https:\/\/etab.ac-reunion.fr\/clg-les-aigrettes\/wp-json\/wp\/v2\/comments?post=11830"}],"version-history":[{"count":7,"href":"https:\/\/etab.ac-reunion.fr\/clg-les-aigrettes\/wp-json\/wp\/v2\/posts\/11830\/revisions"}],"predecessor-version":[{"id":11842,"href":"https:\/\/etab.ac-reunion.fr\/clg-les-aigrettes\/wp-json\/wp\/v2\/posts\/11830\/revisions\/11842"}],"wp:attachment":[{"href":"https:\/\/etab.ac-reunion.fr\/clg-les-aigrettes\/wp-json\/wp\/v2\/media?parent=11830"}],"wp:term":[{"taxonomy":"category","embeddable":true,"href":"https:\/\/etab.ac-reunion.fr\/clg-les-aigrettes\/wp-json\/wp\/v2\/categories?post=11830"},{"taxonomy":"post_tag","embeddable":true,"href":"https:\/\/etab.ac-reunion.fr\/clg-les-aigrettes\/wp-json\/wp\/v2\/tags?post=11830"}],"curies":[{"name":"wp","href":"https:\/\/api.w.org\/{rel}","templated":true}]}}