{"id":11909,"date":"2022-09-29T16:27:12","date_gmt":"2022-09-29T12:27:12","guid":{"rendered":"https:\/\/etab.ac-reunion.fr\/clg-les-aigrettes\/?p=11909"},"modified":"2022-09-29T16:27:12","modified_gmt":"2022-09-29T12:27:12","slug":"inauguration-des-kiosques-a-livres","status":"publish","type":"post","link":"https:\/\/etab.ac-reunion.fr\/clg-les-aigrettes\/inauguration-des-kiosques-a-livres\/","title":{"rendered":"Inauguration des kiosques \u00e0 Livres"},"content":{"rendered":"\r\n<h3 style=\"text-align: left\">Le jeudi 15\/09\/2022, pendant la semaine de lutte contre l\u2019illettrisme, les repr\u00e9sentants de<img loading=\"lazy\" decoding=\"async\" class=\" wp-image-11914 alignleft\" src=\"https:\/\/etab.ac-reunion.fr\/clg-les-aigrettes\/wp-content\/uploads\/sites\/96\/2022\/09\/IMG_2991-225x300.jpg\" alt=\"\" width=\"253\" height=\"337\" srcset=\"https:\/\/etab.ac-reunion.fr\/clg-les-aigrettes\/wp-content\/uploads\/sites\/96\/2022\/09\/IMG_2991-225x300.jpg 225w, https:\/\/etab.ac-reunion.fr\/clg-les-aigrettes\/wp-content\/uploads\/sites\/96\/2022\/09\/IMG_2991-rotated.jpg 240w\" sizes=\"(max-width: 253px) 100vw, 253px\" \/>s \u00e9l\u00e8ves de chaque classe du coll\u00e8ge ont inaugur\u00e9 les trois kiosques \u00e0 livres du coll\u00e8ge en pr\u00e9sence de la direction, du directeur de SEGPA, de la\u00a0 professeure documentaliste et des professeurs de Fran\u00e7ais. A cette occasion, les \u00e9l\u00e8ves, la documentaliste et le principal adjoint ont lu un extrait d&rsquo;un livre avant qu&rsquo;ils soient d\u00e9pos\u00e9s sur les \u00e9tag\u00e8res des kiosques \u00e0 la disposition de tous.<\/h3>\r\n<h3>Merci \u00e0 tous pour ce moment de plaisir.<\/h3>\r\n<p>&nbsp;<\/p>\r\n<p>&nbsp;<\/p>\r\n<h4>Le Principal Adjoint<\/h4>\r\n<!-- AddThis Advanced Settings generic via filter on the_content --><!-- AddThis Share Buttons generic via filter on the_content -->","protected":false},"excerpt":{"rendered":"<p>Le jeudi 15\/09\/2022, pendant la semaine de lutte contre l\u2019illettrisme, les repr\u00e9sentants des \u00e9l\u00e8ves de chaque classe du coll\u00e8ge ont inaugur\u00e9 les trois kiosques \u00e0 livres du coll\u00e8ge en pr\u00e9sence [&hellip;]<!-- AddThis Advanced Settings generic via filter on get_the_excerpt --><!-- AddThis Share Buttons generic via filter on get_the_excerpt --><\/p>\n","protected":false},"author":20029,"featured_media":0,"comment_status":"closed","ping_status":"closed","sticky":false,"template":"","format":"standard","meta":{"_et_pb_use_builder":"","_et_pb_old_content":"","_et_gb_content_width":"","footnotes":"","_links_to":"","_links_to_target":""},"categories":[13],"tags":[],"class_list":["post-11909","post","type-post","status-publish","format-standard","hentry","category-les-dernieres-informations"],"_links":{"self":[{"href":"https:\/\/etab.ac-reunion.fr\/clg-les-aigrettes\/wp-json\/wp\/v2\/posts\/11909","targetHints":{"allow":["GET"]}}],"collection":[{"href":"https:\/\/etab.ac-reunion.fr\/clg-les-aigrettes\/wp-json\/wp\/v2\/posts"}],"about":[{"href":"https:\/\/etab.ac-reunion.fr\/clg-les-aigrettes\/wp-json\/wp\/v2\/types\/post"}],"author":[{"embeddable":true,"href":"https:\/\/etab.ac-reunion.fr\/clg-les-aigrettes\/wp-json\/wp\/v2\/users\/20029"}],"replies":[{"embeddable":true,"href":"https:\/\/etab.ac-reunion.fr\/clg-les-aigrettes\/wp-json\/wp\/v2\/comments?post=11909"}],"version-history":[{"count":8,"href":"https:\/\/etab.ac-reunion.fr\/clg-les-aigrettes\/wp-json\/wp\/v2\/posts\/11909\/revisions"}],"predecessor-version":[{"id":11920,"href":"https:\/\/etab.ac-reunion.fr\/clg-les-aigrettes\/wp-json\/wp\/v2\/posts\/11909\/revisions\/11920"}],"wp:attachment":[{"href":"https:\/\/etab.ac-reunion.fr\/clg-les-aigrettes\/wp-json\/wp\/v2\/media?parent=11909"}],"wp:term":[{"taxonomy":"category","embeddable":true,"href":"https:\/\/etab.ac-reunion.fr\/clg-les-aigrettes\/wp-json\/wp\/v2\/categories?post=11909"},{"taxonomy":"post_tag","embeddable":true,"href":"https:\/\/etab.ac-reunion.fr\/clg-les-aigrettes\/wp-json\/wp\/v2\/tags?post=11909"}],"curies":[{"name":"wp","href":"https:\/\/api.w.org\/{rel}","templated":true}]}}