{"id":11921,"date":"2022-09-30T12:04:59","date_gmt":"2022-09-30T08:04:59","guid":{"rendered":"https:\/\/etab.ac-reunion.fr\/clg-les-aigrettes\/?p=11921"},"modified":"2022-09-30T12:04:59","modified_gmt":"2022-09-30T08:04:59","slug":"les-collegiens-et-les-arbres-a-livres","status":"publish","type":"post","link":"https:\/\/etab.ac-reunion.fr\/clg-les-aigrettes\/les-collegiens-et-les-arbres-a-livres\/","title":{"rendered":"Les coll\u00e9giens et les arbres \u00e0 livres"},"content":{"rendered":"<h1 align=\"justify\"><span style=\"font-family: Malgun Gothic, sans-serif\"><span style=\"font-size: small\"><span style=\"color: #202124\">Du 8 a<\/span><\/span><\/span><span style=\"font-family: Malgun Gothic, sans-serif\"><span style=\"font-size: small\"><span style=\"color: #202124\">u <\/span><\/span><\/span><span style=\"font-family: Malgun Gothic, sans-serif\"><span style=\"font-size: small\"><span style=\"color: #202124\">15 sept<\/span><\/span><\/span><span style=\"font-family: Malgun Gothic, sans-serif\"><span style=\"font-size: small\"><span style=\"color: #202124\">embre 2022, <\/span><span style=\"color: #202124\">s\u2019est d\u00e9roul\u00e9e <\/span><span style=\"color: #202124\">l<\/span><span style=\"color: #202124\">a<\/span> <span style=\"color: #202124\">9\u00b0<\/span><span style=\"color: #202124\">\u00e8me \u00e9dition de<\/span><\/span><\/span><span style=\"font-family: Malgun Gothic, sans-serif\"><span style=\"font-size: small\"><span style=\"color: #202124\">s Journ\u00e9es Nationales d&rsquo;Action contre l&rsquo;Illettrisme (JNAI<\/span><span style=\"color: #000000\">). <\/span><span style=\"color: #000000\">Le coll\u00e8ge des Aigrettes n\u2019\u00e9tait pas en reste puisque de nombreuses actions ont \u00e9t\u00e9 men\u00e9es. Parmi elles, l\u2019inauguration des \u00ab\u00a0arbres \u00e0 livres\u00a0\u00bb.<\/span><\/span><\/span><\/h1>\n<h1 align=\"justify\"><span style=\"font-family: Malgun Gothic, sans-serif\"><span style=\"font-size: small\">Ces \u00ab\u00a0arbres \u00e0 livres\u00a0\u00bb sont situ\u00e9s sous la pergola \u00e0 c\u00f4t\u00e9 du CDI et pr\u00e8s des sanitaires des filles. De nombreux livres y ont \u00e9t\u00e9 install\u00e9s et ils sont ouverts \u00e0 tous. Tout le monde peut emprunter et lire les ouvrages, mais aussi en ramener de chez soi. <\/span><\/span><\/h1>\n<h1 align=\"justify\"><span style=\"font-family: Malgun Gothic, sans-serif\"><span style=\"font-size: small\">L\u2019objectif de ces \u00ab\u00a0Arbres \u00e0 livres\u00a0\u00bb c\u2019est de faire d\u00e9couvrir des nouveaux livres, de donner envie de lire, de permettre \u00e0 tout le monde d\u2019avoir acc\u00e8s, gratuitement, \u00e0 la lecture. <\/span><\/span><\/h1>\n<h1 align=\"justify\"><span style=\"font-family: Malgun Gothic, sans-serif\"><span style=\"font-size: small\">Quelques \u00e9l\u00e8ves ont d\u00e9j\u00e0 un avis sur ces installations\u00a0:<\/span><\/span><\/h1>\n<h1 align=\"justify\"><span style=\"font-family: Malgun Gothic, sans-serif\"><span style=\"font-size: small\">Manoa\u00a0: \u00ab\u00a0<i>Personnellement, je trouve que cette initiative est tr\u00e8s belle car on peut lire pendant les r\u00e9cr\u00e9s, on peut se poser tranquillement dans un coin. On peut ramener des livres de chez nous et ainsi faire d\u00e9couvrir des livres qu\u2019on a nous-m\u00eames lus.<\/i>\u00a0\u00bb<\/span><\/span><\/h1>\n<h1 align=\"justify\"><span style=\"font-family: Malgun Gothic, sans-serif\"><span style=\"font-size: small\">Louise\u00a0: \u00ab\u00a0<i>Je trouv<\/i><\/span><\/span><span style=\"font-family: Malgun Gothic, sans-serif\"><span style=\"font-size: small\"><i>e vraiment bien ces arbres car lorsque le CDI est ferm\u00e9, on peut quand m\u00eame emprunter des livres.<\/i>\u00a0\u00bb<\/span><\/span><\/h1>\n<h1 align=\"justify\"><span style=\"font-family: Malgun Gothic, sans-serif\"><span style=\"font-size: small\">Amy\u00a0: \u00ab<i> C\u2019est super car cela permet \u00e0 tout le monde de lire, m\u00eame \u00e0 ceux qui n\u2019ont pas les moyens d\u2019acheter r\u00e9guli\u00e8rement des livres. La gratuit\u00e9 est un point positif. <\/i>\u00bb<\/span><\/span><\/h1>\n<h1 align=\"justify\"><span style=\"font-family: Malgun Gothic, sans-serif\"><span style=\"font-size: small\">Et la tr\u00e8s belle synth\u00e8se revient \u00e0 L\u00e9o qui trouve que \u00ab\u00a0<i>Les arbres \u00e0 lire, <\/i><i>c\u2019est bien parce que \u00e7a<\/i><i> repr\u00e9se<\/i><i>nte<\/i><i> le partage<\/i>.\u00a0\u00bb<\/span><\/span><\/h1>\n<h1 align=\"justify\"><span style=\"font-family: Malgun Gothic, sans-serif\"><span style=\"font-size: small\"><span style=\"color: #000000\"><img loading=\"lazy\" decoding=\"async\" class=\"alignnone wp-image-11922\" src=\"https:\/\/etab.ac-reunion.fr\/clg-les-aigrettes\/wp-content\/uploads\/sites\/96\/2022\/09\/P9880787-300x169.jpg\" alt=\"\" width=\"476\" height=\"268\" \/><\/span><\/span><\/span><\/h1>\n<!-- AddThis Advanced Settings generic via filter on the_content --><!-- AddThis Share Buttons generic via filter on the_content -->","protected":false},"excerpt":{"rendered":"<p>Du 8 au 15 septembre 2022, s\u2019est d\u00e9roul\u00e9e la 9\u00b0\u00e8me \u00e9dition des Journ\u00e9es Nationales d&rsquo;Action contre l&rsquo;Illettrisme (JNAI). Le coll\u00e8ge des Aigrettes n\u2019\u00e9tait pas en reste puisque de nombreuses actions [&hellip;]<!-- AddThis Advanced Settings generic via filter on get_the_excerpt --><!-- AddThis Share Buttons generic via filter on get_the_excerpt --><\/p>\n","protected":false},"author":20029,"featured_media":0,"comment_status":"closed","ping_status":"closed","sticky":false,"template":"","format":"standard","meta":{"_et_pb_use_builder":"","_et_pb_old_content":"","_et_gb_content_width":"","footnotes":"","_links_to":"","_links_to_target":""},"categories":[13],"tags":[],"class_list":["post-11921","post","type-post","status-publish","format-standard","hentry","category-les-dernieres-informations"],"_links":{"self":[{"href":"https:\/\/etab.ac-reunion.fr\/clg-les-aigrettes\/wp-json\/wp\/v2\/posts\/11921","targetHints":{"allow":["GET"]}}],"collection":[{"href":"https:\/\/etab.ac-reunion.fr\/clg-les-aigrettes\/wp-json\/wp\/v2\/posts"}],"about":[{"href":"https:\/\/etab.ac-reunion.fr\/clg-les-aigrettes\/wp-json\/wp\/v2\/types\/post"}],"author":[{"embeddable":true,"href":"https:\/\/etab.ac-reunion.fr\/clg-les-aigrettes\/wp-json\/wp\/v2\/users\/20029"}],"replies":[{"embeddable":true,"href":"https:\/\/etab.ac-reunion.fr\/clg-les-aigrettes\/wp-json\/wp\/v2\/comments?post=11921"}],"version-history":[{"count":2,"href":"https:\/\/etab.ac-reunion.fr\/clg-les-aigrettes\/wp-json\/wp\/v2\/posts\/11921\/revisions"}],"predecessor-version":[{"id":11924,"href":"https:\/\/etab.ac-reunion.fr\/clg-les-aigrettes\/wp-json\/wp\/v2\/posts\/11921\/revisions\/11924"}],"wp:attachment":[{"href":"https:\/\/etab.ac-reunion.fr\/clg-les-aigrettes\/wp-json\/wp\/v2\/media?parent=11921"}],"wp:term":[{"taxonomy":"category","embeddable":true,"href":"https:\/\/etab.ac-reunion.fr\/clg-les-aigrettes\/wp-json\/wp\/v2\/categories?post=11921"},{"taxonomy":"post_tag","embeddable":true,"href":"https:\/\/etab.ac-reunion.fr\/clg-les-aigrettes\/wp-json\/wp\/v2\/tags?post=11921"}],"curies":[{"name":"wp","href":"https:\/\/api.w.org\/{rel}","templated":true}]}}