{"id":11958,"date":"2022-10-24T11:45:38","date_gmt":"2022-10-24T07:45:38","guid":{"rendered":"https:\/\/etab.ac-reunion.fr\/clg-les-aigrettes\/?p=11958"},"modified":"2024-06-28T11:42:22","modified_gmt":"2024-06-28T07:42:22","slug":"le-cross-du-college-04-octobre-2022","status":"publish","type":"post","link":"https:\/\/etab.ac-reunion.fr\/clg-les-aigrettes\/le-cross-du-college-04-octobre-2022\/","title":{"rendered":"Le CROSS du coll\u00e8ge 04 octobre 2022"},"content":{"rendered":"<p>&nbsp;<\/p>\n<p>Le CROSS du coll\u00e8ge s&rsquo;est d\u00e9roul\u00e9 un mardi ( le 04 octobre) afin que les \u00e9l\u00e8ves de CM2 puissent participer \u00e0 l&rsquo;\u00e9v\u00e8nement.<\/p>\n<p><img loading=\"lazy\" decoding=\"async\" class=\"alignnone wp-image-12011 size-large\" src=\"https:\/\/etab.ac-reunion.fr\/clg-les-aigrettes\/wp-content\/uploads\/sites\/96\/2022\/10\/CROSS-3-1024x665.png\" alt=\"\" width=\"1024\" height=\"665\" srcset=\"https:\/\/etab.ac-reunion.fr\/clg-les-aigrettes\/wp-content\/uploads\/sites\/96\/2022\/10\/CROSS-3-980x636.png 980w, https:\/\/etab.ac-reunion.fr\/clg-les-aigrettes\/wp-content\/uploads\/sites\/96\/2022\/10\/CROSS-3-480x312.png 480w\" sizes=\"(min-width: 0px) and (max-width: 480px) 480px, (min-width: 481px) and (max-width: 980px) 980px, (min-width: 981px) 1024px, 100vw\" \/> <img loading=\"lazy\" decoding=\"async\" class=\"alignnone wp-image-12012 size-large\" src=\"https:\/\/etab.ac-reunion.fr\/clg-les-aigrettes\/wp-content\/uploads\/sites\/96\/2022\/10\/CROSS-2-1024x685.png\" alt=\"\" width=\"1024\" height=\"685\" srcset=\"https:\/\/etab.ac-reunion.fr\/clg-les-aigrettes\/wp-content\/uploads\/sites\/96\/2022\/10\/CROSS-2-980x656.png 980w, https:\/\/etab.ac-reunion.fr\/clg-les-aigrettes\/wp-content\/uploads\/sites\/96\/2022\/10\/CROSS-2-480x321.png 480w\" sizes=\"(min-width: 0px) and (max-width: 480px) 480px, (min-width: 481px) and (max-width: 980px) 980px, (min-width: 981px) 1024px, 100vw\" \/><\/p>\n<p>Le diaporama est disponible ici<\/p>\n<p><a href=\"https:\/\/tube-institutionnel.apps.education.fr\/w\/js8HDcstUAg6A7UPteg2Ve\">https:\/\/tube-institutionnel.apps.education.fr\/w\/js8HDcstUAg6A7UPteg2Ve<\/a><\/p>\n<!-- AddThis Advanced Settings generic via filter on the_content --><!-- AddThis Share Buttons generic via filter on the_content -->","protected":false},"excerpt":{"rendered":"<p>&nbsp; Le CROSS du coll\u00e8ge s&rsquo;est d\u00e9roul\u00e9 un mardi ( le 04 octobre) afin que les \u00e9l\u00e8ves de CM2 puissent participer \u00e0 l&rsquo;\u00e9v\u00e8nement. Le diaporama est disponible ici https:\/\/tube-institutionnel.apps.education.fr\/w\/js8HDcstUAg6A7UPteg2Ve<!-- AddThis Advanced Settings generic via filter on get_the_excerpt --><!-- AddThis Share Buttons generic via filter on get_the_excerpt --><\/p>\n","protected":false},"author":7942,"featured_media":0,"comment_status":"closed","ping_status":"closed","sticky":false,"template":"","format":"standard","meta":{"_et_pb_use_builder":"","_et_pb_old_content":"","_et_gb_content_width":"","footnotes":"","_links_to":"","_links_to_target":""},"categories":[59,13],"tags":[],"class_list":["post-11958","post","type-post","status-publish","format-standard","hentry","category-section-sportive-unss","category-les-dernieres-informations"],"_links":{"self":[{"href":"https:\/\/etab.ac-reunion.fr\/clg-les-aigrettes\/wp-json\/wp\/v2\/posts\/11958","targetHints":{"allow":["GET"]}}],"collection":[{"href":"https:\/\/etab.ac-reunion.fr\/clg-les-aigrettes\/wp-json\/wp\/v2\/posts"}],"about":[{"href":"https:\/\/etab.ac-reunion.fr\/clg-les-aigrettes\/wp-json\/wp\/v2\/types\/post"}],"author":[{"embeddable":true,"href":"https:\/\/etab.ac-reunion.fr\/clg-les-aigrettes\/wp-json\/wp\/v2\/users\/7942"}],"replies":[{"embeddable":true,"href":"https:\/\/etab.ac-reunion.fr\/clg-les-aigrettes\/wp-json\/wp\/v2\/comments?post=11958"}],"version-history":[{"count":7,"href":"https:\/\/etab.ac-reunion.fr\/clg-les-aigrettes\/wp-json\/wp\/v2\/posts\/11958\/revisions"}],"predecessor-version":[{"id":12646,"href":"https:\/\/etab.ac-reunion.fr\/clg-les-aigrettes\/wp-json\/wp\/v2\/posts\/11958\/revisions\/12646"}],"wp:attachment":[{"href":"https:\/\/etab.ac-reunion.fr\/clg-les-aigrettes\/wp-json\/wp\/v2\/media?parent=11958"}],"wp:term":[{"taxonomy":"category","embeddable":true,"href":"https:\/\/etab.ac-reunion.fr\/clg-les-aigrettes\/wp-json\/wp\/v2\/categories?post=11958"},{"taxonomy":"post_tag","embeddable":true,"href":"https:\/\/etab.ac-reunion.fr\/clg-les-aigrettes\/wp-json\/wp\/v2\/tags?post=11958"}],"curies":[{"name":"wp","href":"https:\/\/api.w.org\/{rel}","templated":true}]}}