{"id":12068,"date":"2023-03-09T10:29:08","date_gmt":"2023-03-09T06:29:08","guid":{"rendered":"https:\/\/etab.ac-reunion.fr\/clg-les-aigrettes\/?p=12068"},"modified":"2024-06-28T11:40:39","modified_gmt":"2024-06-28T07:40:39","slug":"sortie-de-lorchestre-et-de-la-chorale-a-la-cite-des-arts","status":"publish","type":"post","link":"https:\/\/etab.ac-reunion.fr\/clg-les-aigrettes\/sortie-de-lorchestre-et-de-la-chorale-a-la-cite-des-arts\/","title":{"rendered":"La cit\u00e9 des Arts (r\u00e9p\u00e9tition publique de l\u2019op\u00e9ra de Gl\u00fcck)"},"content":{"rendered":"<h1 style=\"text-align: center\">Sortie avec M. GUEROLD et M. HULAIN<\/h1>\n<p style=\"text-align: center\"><img loading=\"lazy\" decoding=\"async\" class=\"alignnone wp-image-12075 size-full\" src=\"https:\/\/etab.ac-reunion.fr\/clg-les-aigrettes\/wp-content\/uploads\/sites\/96\/2023\/03\/Opera-Orphee-et-Eurydice4.jpg\" alt=\"\" width=\"719\" height=\"1280\" srcset=\"https:\/\/etab.ac-reunion.fr\/clg-les-aigrettes\/wp-content\/uploads\/sites\/96\/2023\/03\/Opera-Orphee-et-Eurydice4.jpg 719w, https:\/\/etab.ac-reunion.fr\/clg-les-aigrettes\/wp-content\/uploads\/sites\/96\/2023\/03\/Opera-Orphee-et-Eurydice4-480x855.jpg 480w\" sizes=\"(min-width: 0px) and (max-width: 480px) 480px, (min-width: 481px) 719px, 100vw\" \/><\/p>\n<p style=\"text-align: center\">\u00c0 l\u2019invitation de H\u00e9l\u00e8ne COQUILLAUD responsable culturelle \u00e0 la Cit\u00e9 des arts \ud83c\udfad, une r\u00e9p\u00e9tition publique de l\u2019op\u00e9ra de Gl\u00fcck a \u00e9t\u00e9 propos\u00e9e aux \u00e9l\u00e8ves de coll\u00e8ges et classes primaires le vendredi 3 mars 2023. Le coll\u00e8ge des Aigrettes a r\u00e9pondu pr\u00e9sent et M.GUEROLD professeur de musique \ud83c\udfb6 a organis\u00e9 le d\u00e9placement de l\u2019orchestre du coll\u00e8ge et de la chorale de Mme GOMEZ, accompagn\u00e9 par M. HULAIN. Sous forme de r\u00e9p\u00e9tition \u00ab participative \u00bb, les \u00e9l\u00e8ves pr\u00e9sents ont \u00e9t\u00e9 acteurs de ce spectacle (<a href=\"https:\/\/tube-institutionnel.apps.education.fr\/w\/j9huCKcm3KzZtUFZBAQKgM\">Vid\u00e9o de la sortie ici<\/a> et <a href=\"https:\/\/tube-institutionnel.apps.education.fr\/w\/8NRp3gBEox7RpqTV4Lzm75\">la suite de la vid\u00e9o est ici\u00a0<\/a>)<\/p>\n<p>Belle journ\u00e9e artistique, merci \u00e0 la Cit\u00e9 des Arts \u00a0!<\/p>\n<p>&nbsp;<\/p>\n<p><img loading=\"lazy\" decoding=\"async\" class=\"alignnone wp-image-12074 size-large\" src=\"https:\/\/etab.ac-reunion.fr\/clg-les-aigrettes\/wp-content\/uploads\/sites\/96\/2023\/03\/Opera-Orphee-et-Eurydice3-1024x575.jpg\" alt=\"\" width=\"1024\" height=\"575\" srcset=\"https:\/\/etab.ac-reunion.fr\/clg-les-aigrettes\/wp-content\/uploads\/sites\/96\/2023\/03\/Opera-Orphee-et-Eurydice3-1024x575.jpg 1024w, https:\/\/etab.ac-reunion.fr\/clg-les-aigrettes\/wp-content\/uploads\/sites\/96\/2023\/03\/Opera-Orphee-et-Eurydice3-980x550.jpg 980w, https:\/\/etab.ac-reunion.fr\/clg-les-aigrettes\/wp-content\/uploads\/sites\/96\/2023\/03\/Opera-Orphee-et-Eurydice3-480x270.jpg 480w\" sizes=\"(min-width: 0px) and (max-width: 480px) 480px, (min-width: 481px) and (max-width: 980px) 980px, (min-width: 981px) 1024px, 100vw\" \/> <img loading=\"lazy\" decoding=\"async\" class=\"alignnone wp-image-12073 size-large\" src=\"https:\/\/etab.ac-reunion.fr\/clg-les-aigrettes\/wp-content\/uploads\/sites\/96\/2023\/03\/Opera-Orphee-et-Eurydice2-1024x575.jpg\" alt=\"\" width=\"1024\" height=\"575\" srcset=\"https:\/\/etab.ac-reunion.fr\/clg-les-aigrettes\/wp-content\/uploads\/sites\/96\/2023\/03\/Opera-Orphee-et-Eurydice2-1024x575.jpg 1024w, https:\/\/etab.ac-reunion.fr\/clg-les-aigrettes\/wp-content\/uploads\/sites\/96\/2023\/03\/Opera-Orphee-et-Eurydice2-980x550.jpg 980w, https:\/\/etab.ac-reunion.fr\/clg-les-aigrettes\/wp-content\/uploads\/sites\/96\/2023\/03\/Opera-Orphee-et-Eurydice2-480x270.jpg 480w\" sizes=\"(min-width: 0px) and (max-width: 480px) 480px, (min-width: 481px) and (max-width: 980px) 980px, (min-width: 981px) 1024px, 100vw\" \/> <img loading=\"lazy\" decoding=\"async\" class=\"alignnone wp-image-12072 size-large\" src=\"https:\/\/etab.ac-reunion.fr\/clg-les-aigrettes\/wp-content\/uploads\/sites\/96\/2023\/03\/Opera-Orphee-et-Eurydice1-1024x768.jpg\" alt=\"\" width=\"1024\" height=\"768\" srcset=\"https:\/\/etab.ac-reunion.fr\/clg-les-aigrettes\/wp-content\/uploads\/sites\/96\/2023\/03\/Opera-Orphee-et-Eurydice1-1024x768.jpg 1024w, https:\/\/etab.ac-reunion.fr\/clg-les-aigrettes\/wp-content\/uploads\/sites\/96\/2023\/03\/Opera-Orphee-et-Eurydice1-980x735.jpg 980w, https:\/\/etab.ac-reunion.fr\/clg-les-aigrettes\/wp-content\/uploads\/sites\/96\/2023\/03\/Opera-Orphee-et-Eurydice1-480x360.jpg 480w\" sizes=\"(min-width: 0px) and (max-width: 480px) 480px, (min-width: 481px) and (max-width: 980px) 980px, (min-width: 981px) 1024px, 100vw\" \/> <img loading=\"lazy\" decoding=\"async\" class=\"alignnone wp-image-12071 size-large\" src=\"https:\/\/etab.ac-reunion.fr\/clg-les-aigrettes\/wp-content\/uploads\/sites\/96\/2023\/03\/Opera-Orphee-et-Eurydice-1024x768.jpg\" alt=\"\" width=\"1024\" height=\"768\" srcset=\"https:\/\/etab.ac-reunion.fr\/clg-les-aigrettes\/wp-content\/uploads\/sites\/96\/2023\/03\/Opera-Orphee-et-Eurydice-980x735.jpg 980w, https:\/\/etab.ac-reunion.fr\/clg-les-aigrettes\/wp-content\/uploads\/sites\/96\/2023\/03\/Opera-Orphee-et-Eurydice-480x360.jpg 480w\" sizes=\"(min-width: 0px) and (max-width: 480px) 480px, (min-width: 481px) and (max-width: 980px) 980px, (min-width: 981px) 1024px, 100vw\" \/> <img loading=\"lazy\" decoding=\"async\" class=\"alignnone wp-image-12070 size-large\" src=\"https:\/\/etab.ac-reunion.fr\/clg-les-aigrettes\/wp-content\/uploads\/sites\/96\/2023\/03\/Opera-Orphee-et-Eurydice-3-575x1024.jpg\" alt=\"\" width=\"575\" height=\"1024\" srcset=\"https:\/\/etab.ac-reunion.fr\/clg-les-aigrettes\/wp-content\/uploads\/sites\/96\/2023\/03\/Opera-Orphee-et-Eurydice-3-575x1024.jpg 575w, https:\/\/etab.ac-reunion.fr\/clg-les-aigrettes\/wp-content\/uploads\/sites\/96\/2023\/03\/Opera-Orphee-et-Eurydice-3-480x855.jpg 480w\" sizes=\"(min-width: 0px) and (max-width: 480px) 480px, (min-width: 481px) 575px, 100vw\" \/> <img loading=\"lazy\" decoding=\"async\" class=\"alignnone wp-image-12069 size-large\" src=\"https:\/\/etab.ac-reunion.fr\/clg-les-aigrettes\/wp-content\/uploads\/sites\/96\/2023\/03\/Opera-Orphee-et-Eurydice-2-768x1024.jpg\" alt=\"\" width=\"768\" height=\"1024\" \/><\/p>\n<!-- AddThis Advanced Settings generic via filter on the_content --><!-- AddThis Share Buttons generic via filter on the_content -->","protected":false},"excerpt":{"rendered":"<p>Sortie avec M. GUEROLD et M. HULAIN \u00c0 l\u2019invitation de H\u00e9l\u00e8ne COQUILLAUD responsable culturelle \u00e0 la Cit\u00e9 des arts \ud83c\udfad, une r\u00e9p\u00e9tition publique de l\u2019op\u00e9ra de Gl\u00fcck a \u00e9t\u00e9 propos\u00e9e [&hellip;]<!-- AddThis Advanced Settings generic via filter on get_the_excerpt --><!-- AddThis Share Buttons generic via filter on get_the_excerpt --><\/p>\n","protected":false},"author":7942,"featured_media":0,"comment_status":"closed","ping_status":"closed","sticky":false,"template":"","format":"standard","meta":{"_et_pb_use_builder":"","_et_pb_old_content":"","_et_gb_content_width":"","footnotes":"","_links_to":"","_links_to_target":""},"categories":[68,41,13,216],"tags":[],"class_list":["post-12068","post","type-post","status-publish","format-standard","hentry","category-disciplines-artistiques","category-histoire-des-arts","category-les-dernieres-informations","category-videos"],"_links":{"self":[{"href":"https:\/\/etab.ac-reunion.fr\/clg-les-aigrettes\/wp-json\/wp\/v2\/posts\/12068","targetHints":{"allow":["GET"]}}],"collection":[{"href":"https:\/\/etab.ac-reunion.fr\/clg-les-aigrettes\/wp-json\/wp\/v2\/posts"}],"about":[{"href":"https:\/\/etab.ac-reunion.fr\/clg-les-aigrettes\/wp-json\/wp\/v2\/types\/post"}],"author":[{"embeddable":true,"href":"https:\/\/etab.ac-reunion.fr\/clg-les-aigrettes\/wp-json\/wp\/v2\/users\/7942"}],"replies":[{"embeddable":true,"href":"https:\/\/etab.ac-reunion.fr\/clg-les-aigrettes\/wp-json\/wp\/v2\/comments?post=12068"}],"version-history":[{"count":9,"href":"https:\/\/etab.ac-reunion.fr\/clg-les-aigrettes\/wp-json\/wp\/v2\/posts\/12068\/revisions"}],"predecessor-version":[{"id":12641,"href":"https:\/\/etab.ac-reunion.fr\/clg-les-aigrettes\/wp-json\/wp\/v2\/posts\/12068\/revisions\/12641"}],"wp:attachment":[{"href":"https:\/\/etab.ac-reunion.fr\/clg-les-aigrettes\/wp-json\/wp\/v2\/media?parent=12068"}],"wp:term":[{"taxonomy":"category","embeddable":true,"href":"https:\/\/etab.ac-reunion.fr\/clg-les-aigrettes\/wp-json\/wp\/v2\/categories?post=12068"},{"taxonomy":"post_tag","embeddable":true,"href":"https:\/\/etab.ac-reunion.fr\/clg-les-aigrettes\/wp-json\/wp\/v2\/tags?post=12068"}],"curies":[{"name":"wp","href":"https:\/\/api.w.org\/{rel}","templated":true}]}}