{"id":12132,"date":"2023-04-07T08:57:35","date_gmt":"2023-04-07T04:57:35","guid":{"rendered":"https:\/\/etab.ac-reunion.fr\/clg-les-aigrettes\/?p=12132"},"modified":"2024-06-28T11:38:11","modified_gmt":"2024-06-28T07:38:11","slug":"journee-porte-ouverte-lycee-vue-belle","status":"publish","type":"post","link":"https:\/\/etab.ac-reunion.fr\/clg-les-aigrettes\/journee-porte-ouverte-lycee-vue-belle\/","title":{"rendered":"Journ\u00e9e porte ouverte Lyc\u00e9e Vue Belle"},"content":{"rendered":"<p><img loading=\"lazy\" decoding=\"async\" class=\"alignnone wp-image-12133 size-large\" src=\"https:\/\/etab.ac-reunion.fr\/clg-les-aigrettes\/wp-content\/uploads\/sites\/96\/2023\/04\/IMG20230406144026-1024x576.jpg\" alt=\"\" width=\"1024\" height=\"576\" srcset=\"https:\/\/etab.ac-reunion.fr\/clg-les-aigrettes\/wp-content\/uploads\/sites\/96\/2023\/04\/IMG20230406144026-980x551.jpg 980w, https:\/\/etab.ac-reunion.fr\/clg-les-aigrettes\/wp-content\/uploads\/sites\/96\/2023\/04\/IMG20230406144026-480x270.jpg 480w\" sizes=\"(min-width: 0px) and (max-width: 480px) 480px, (min-width: 481px) and (max-width: 980px) 980px, (min-width: 981px) 1024px, 100vw\" \/><\/p>\n<p>Un groupe d&rsquo;\u00e9l\u00e8ves du coll\u00e8ge ont pu d\u00e9couvrir les diff\u00e9rentes sections propos\u00e9es au Lyc\u00e9e de Vue Belle lors de la belle journ\u00e9e porte ouverte Lyc\u00e9e Vue Belle du 06\/04\/23<\/p>\n<p>BAC PRO AGORA (Assistance \u00e0 gestion des organisations et de leurs activit\u00e9s)<\/p>\n<p>BAC Pro ASSP (Accompagnement soins et services \u00e0 la personne)<\/p>\n<p>CAP AEPE (Accompagnement \u00e9ducatif petite enfance)<\/p>\n<p>BAC PRO MCV (M\u00e9tiers du commerce et de la vente)<\/p>\n<p>et bien d&rsquo;autres formations sont propos\u00e9es <a href=\"https:\/\/etab.ac-reunion.fr\/lyc-vue-belle\/\">https:\/\/etab.ac-reunion.fr\/lyc-vue-belle\/<\/a><\/p>\n<p>&nbsp;<\/p>\n<p>&nbsp;<\/p>\n<!-- AddThis Advanced Settings generic via filter on the_content --><!-- AddThis Share Buttons generic via filter on the_content -->","protected":false},"excerpt":{"rendered":"<p>Un groupe d&rsquo;\u00e9l\u00e8ves du coll\u00e8ge ont pu d\u00e9couvrir les diff\u00e9rentes sections propos\u00e9es au Lyc\u00e9e de Vue Belle lors de la belle journ\u00e9e porte ouverte Lyc\u00e9e Vue Belle du 06\/04\/23 BAC [&hellip;]<!-- AddThis Advanced Settings generic via filter on get_the_excerpt --><!-- AddThis Share Buttons generic via filter on get_the_excerpt --><\/p>\n","protected":false},"author":7942,"featured_media":0,"comment_status":"closed","ping_status":"closed","sticky":false,"template":"","format":"standard","meta":{"_et_pb_use_builder":"","_et_pb_old_content":"","_et_gb_content_width":"","footnotes":"","_links_to":"","_links_to_target":""},"categories":[29,13],"tags":[],"class_list":["post-12132","post","type-post","status-publish","format-standard","hentry","category-lorientation","category-les-dernieres-informations"],"_links":{"self":[{"href":"https:\/\/etab.ac-reunion.fr\/clg-les-aigrettes\/wp-json\/wp\/v2\/posts\/12132","targetHints":{"allow":["GET"]}}],"collection":[{"href":"https:\/\/etab.ac-reunion.fr\/clg-les-aigrettes\/wp-json\/wp\/v2\/posts"}],"about":[{"href":"https:\/\/etab.ac-reunion.fr\/clg-les-aigrettes\/wp-json\/wp\/v2\/types\/post"}],"author":[{"embeddable":true,"href":"https:\/\/etab.ac-reunion.fr\/clg-les-aigrettes\/wp-json\/wp\/v2\/users\/7942"}],"replies":[{"embeddable":true,"href":"https:\/\/etab.ac-reunion.fr\/clg-les-aigrettes\/wp-json\/wp\/v2\/comments?post=12132"}],"version-history":[{"count":7,"href":"https:\/\/etab.ac-reunion.fr\/clg-les-aigrettes\/wp-json\/wp\/v2\/posts\/12132\/revisions"}],"predecessor-version":[{"id":12634,"href":"https:\/\/etab.ac-reunion.fr\/clg-les-aigrettes\/wp-json\/wp\/v2\/posts\/12132\/revisions\/12634"}],"wp:attachment":[{"href":"https:\/\/etab.ac-reunion.fr\/clg-les-aigrettes\/wp-json\/wp\/v2\/media?parent=12132"}],"wp:term":[{"taxonomy":"category","embeddable":true,"href":"https:\/\/etab.ac-reunion.fr\/clg-les-aigrettes\/wp-json\/wp\/v2\/categories?post=12132"},{"taxonomy":"post_tag","embeddable":true,"href":"https:\/\/etab.ac-reunion.fr\/clg-les-aigrettes\/wp-json\/wp\/v2\/tags?post=12132"}],"curies":[{"name":"wp","href":"https:\/\/api.w.org\/{rel}","templated":true}]}}