{"id":12243,"date":"2023-12-14T15:31:33","date_gmt":"2023-12-14T11:31:33","guid":{"rendered":"https:\/\/etab.ac-reunion.fr\/clg-les-aigrettes\/?p=12243"},"modified":"2023-12-19T07:14:43","modified_gmt":"2023-12-19T03:14:43","slug":"kiosques-a-livres","status":"publish","type":"post","link":"https:\/\/etab.ac-reunion.fr\/clg-les-aigrettes\/kiosques-a-livres\/","title":{"rendered":"Kiosques \u00e0 livres"},"content":{"rendered":"<div>\n<div>Jeudi 23 novembre 2023, les \u00e9l\u00e8ves du groupe 1 de la 602 ont install\u00e9 plus de 400 romans dans les quatre kiosques \u00e0 livres du coll\u00e8ge, accompagn\u00e9s de leur professeur de fran\u00e7ais Mme Michel-Siegwalt et de la documentaliste Mme Bedin, juste avant la r\u00e9cr\u00e9ation de 10h.<\/div>\n<div><\/div>\n<div>Les livres proviennent tous de dons faits au coll\u00e8ge par les familles depuis le d\u00e9but de l&rsquo;ann\u00e9e scolaire. Quelques romans issus du d\u00e9sherbage du CDI lors de l&rsquo;inventaire de juin dernier sont venus compl\u00e9ter l&rsquo;ensemble.<\/div>\n<div><\/div>\n<div>\n<p>Trois kiosques sont situ\u00e9s sur le parvis du CDI, devant les salles 122 et 123 et le quatri\u00e8me est install\u00e9 sous le pr\u00e9au du bas, pr\u00e8s des sanitaires des filles.<\/p>\n<\/div>\n<div><\/div>\n<div>Ces livres sont \u00e0 destination de tous les \u00e9l\u00e8ves du coll\u00e8ge, des professeurs et de tous les membres de la communaut\u00e9 \u00e9ducative. On peut donc les lire sur place, les emprunter, les rapporter, les partager, les \u00e9changer, en prendre plusieurs \u00e9ventuellement, afin de faire du Coll\u00e8ge Les Aigrettes un coll\u00e8ge de la lecture.<\/div>\n<div><\/div>\n<div>Pendant pr\u00e8s d&rsquo;une heure, les \u00e9l\u00e8ves ont rempli les \u00e9tag\u00e8res avec beaucoup de soin, de patience et de motivation, en essayant d&rsquo;\u00e9quilibrer chaque arbre fabriqu\u00e9 par les agents du coll\u00e8ge au cours de l&rsquo;ann\u00e9e derni\u00e8re. Ils ont fait preuve d&rsquo;une belle \u00e9nergie au cours de cette activit\u00e9 originale et n&rsquo;ont pas h\u00e9sit\u00e9 \u00e0 s&rsquo;entraider pour prouver la coh\u00e9sion du groupe.<\/div>\n<div><\/div>\n<div>Nous ne pouvons qu&rsquo;\u00eatre tr\u00e8s fiers d&rsquo;eux et les remercier pour leur effort en faveur de la lecture au sein du coll\u00e8ge.<\/div>\n<div><\/div>\n<p>Mme Bedin et Mme Michel<\/p>\n<\/div>\n<div><\/div>\n<div><\/div>\n<div>\n<div id=\"attachment_12263\" style=\"width: 1034px\" class=\"wp-caption alignleft\"><a href=\"https:\/\/etab.ac-reunion.fr\/clg-les-aigrettes\/wp-content\/uploads\/sites\/96\/2023\/12\/20231123_0916181-scaled.jpg\"><img loading=\"lazy\" decoding=\"async\" aria-describedby=\"caption-attachment-12263\" class=\"wp-image-12263 size-large\" src=\"https:\/\/etab.ac-reunion.fr\/clg-les-aigrettes\/wp-content\/uploads\/sites\/96\/2023\/12\/20231123_0916181-1024x536.jpg\" alt=\"\" width=\"1024\" height=\"536\" srcset=\"https:\/\/etab.ac-reunion.fr\/clg-les-aigrettes\/wp-content\/uploads\/sites\/96\/2023\/12\/20231123_0916181-980x513.jpg 980w, https:\/\/etab.ac-reunion.fr\/clg-les-aigrettes\/wp-content\/uploads\/sites\/96\/2023\/12\/20231123_0916181-480x251.jpg 480w\" sizes=\"(min-width: 0px) and (max-width: 480px) 480px, (min-width: 481px) and (max-width: 980px) 980px, (min-width: 981px) 1024px, 100vw\" \/><\/a><p id=\"caption-attachment-12263\" class=\"wp-caption-text\">Les \u00e9l\u00e8ves se r\u00e9partissent les 16 cartons de la r\u00e9serve du CDI.<\/p><\/div>\n<\/div>\n<div><\/div>\n<div><\/div>\n<div style=\"text-align: left\">\n<div id=\"attachment_12265\" style=\"width: 1034px\" class=\"wp-caption alignnone\"><a style=\"font-weight: bold\" href=\"https:\/\/etab.ac-reunion.fr\/clg-les-aigrettes\/wp-content\/uploads\/sites\/96\/2023\/12\/20231123_091910.jpg\"><img loading=\"lazy\" decoding=\"async\" aria-describedby=\"caption-attachment-12265\" class=\"wp-image-12265 size-large\" src=\"https:\/\/etab.ac-reunion.fr\/clg-les-aigrettes\/wp-content\/uploads\/sites\/96\/2023\/12\/20231123_091910-1024x759.jpg\" alt=\"\" width=\"1024\" height=\"759\" srcset=\"https:\/\/etab.ac-reunion.fr\/clg-les-aigrettes\/wp-content\/uploads\/sites\/96\/2023\/12\/20231123_091910-980x726.jpg 980w, https:\/\/etab.ac-reunion.fr\/clg-les-aigrettes\/wp-content\/uploads\/sites\/96\/2023\/12\/20231123_091910-480x356.jpg 480w\" sizes=\"(min-width: 0px) and (max-width: 480px) 480px, (min-width: 481px) and (max-width: 980px) 980px, (min-width: 981px) 1024px, 100vw\" \/><\/a><p id=\"caption-attachment-12265\" class=\"wp-caption-text\">R\u00e9partition des cartons autour des quatre kiosques \u00e0 livres.<\/p><\/div>\n<\/div>\n<div><\/div>\n<div>\n<div id=\"attachment_12266\" style=\"width: 471px\" class=\"wp-caption alignnone\"><a href=\"https:\/\/etab.ac-reunion.fr\/clg-les-aigrettes\/wp-content\/uploads\/sites\/96\/2023\/12\/20231123_092745-scaled.jpg\"><img loading=\"lazy\" decoding=\"async\" aria-describedby=\"caption-attachment-12266\" class=\"wp-image-12266 size-large\" src=\"https:\/\/etab.ac-reunion.fr\/clg-les-aigrettes\/wp-content\/uploads\/sites\/96\/2023\/12\/20231123_092745-461x1024.jpg\" alt=\"\" width=\"461\" height=\"1024\" \/><\/a><p id=\"caption-attachment-12266\" class=\"wp-caption-text\">La distribution commence !<\/p><\/div>\n<\/div>\n<div style=\"text-align: left\">\n<div id=\"attachment_12270\" style=\"width: 566px\" class=\"wp-caption alignnone\"><a href=\"https:\/\/etab.ac-reunion.fr\/clg-les-aigrettes\/wp-content\/uploads\/sites\/96\/2023\/12\/20231123_093656-scaled.jpg\"><img loading=\"lazy\" decoding=\"async\" aria-describedby=\"caption-attachment-12270\" class=\"wp-image-12270 size-large\" src=\"https:\/\/etab.ac-reunion.fr\/clg-les-aigrettes\/wp-content\/uploads\/sites\/96\/2023\/12\/20231123_093656-556x1024.jpg\" alt=\"\" width=\"556\" height=\"1024\" \/><\/a><p id=\"caption-attachment-12270\" class=\"wp-caption-text\">On a toujours besoin d&rsquo;un plus petit que soi !<\/p><\/div>\n<\/div>\n<div><\/div>\n<div>\n<div id=\"attachment_12271\" style=\"width: 1034px\" class=\"wp-caption alignnone\"><a href=\"https:\/\/etab.ac-reunion.fr\/clg-les-aigrettes\/wp-content\/uploads\/sites\/96\/2023\/12\/20231123_093931.jpg\"><img loading=\"lazy\" decoding=\"async\" aria-describedby=\"caption-attachment-12271\" class=\"wp-image-12271 size-large\" src=\"https:\/\/etab.ac-reunion.fr\/clg-les-aigrettes\/wp-content\/uploads\/sites\/96\/2023\/12\/20231123_093931-1024x732.jpg\" alt=\"\" width=\"1024\" height=\"732\" srcset=\"https:\/\/etab.ac-reunion.fr\/clg-les-aigrettes\/wp-content\/uploads\/sites\/96\/2023\/12\/20231123_093931-980x700.jpg 980w, https:\/\/etab.ac-reunion.fr\/clg-les-aigrettes\/wp-content\/uploads\/sites\/96\/2023\/12\/20231123_093931-480x343.jpg 480w\" sizes=\"(min-width: 0px) and (max-width: 480px) 480px, (min-width: 481px) and (max-width: 980px) 980px, (min-width: 981px) 1024px, 100vw\" \/><\/a><p id=\"caption-attachment-12271\" class=\"wp-caption-text\">Merci et BRAVO les \u00e9l\u00e8ves !<\/p><\/div>\n<\/div>\n<div style=\"text-align: center\"><\/div>\n<div>\n<div id=\"attachment_12272\" style=\"width: 675px\" class=\"wp-caption alignnone\"><a href=\"https:\/\/etab.ac-reunion.fr\/clg-les-aigrettes\/wp-content\/uploads\/sites\/96\/2023\/12\/20231123_093837-scaled.jpg\"><img loading=\"lazy\" decoding=\"async\" aria-describedby=\"caption-attachment-12272\" class=\"wp-image-12272 size-large\" src=\"https:\/\/etab.ac-reunion.fr\/clg-les-aigrettes\/wp-content\/uploads\/sites\/96\/2023\/12\/20231123_093837-665x1024.jpg\" alt=\"\" width=\"665\" height=\"1024\" \/><\/a><p id=\"caption-attachment-12272\" class=\"wp-caption-text\">Et maintenant lisons !<\/p><\/div>\n<\/div>\n<div><\/div>\n<div style=\"text-align: center\"><\/div>\n<!-- AddThis Advanced Settings generic via filter on the_content --><!-- AddThis Share Buttons generic via filter on the_content -->","protected":false},"excerpt":{"rendered":"<p>Jeudi 23 novembre 2023, les \u00e9l\u00e8ves du groupe 1 de la 602 ont install\u00e9 plus de 400 romans dans les quatre kiosques \u00e0 livres du coll\u00e8ge, accompagn\u00e9s de leur professeur [&hellip;]<!-- AddThis Advanced Settings generic via filter on get_the_excerpt --><!-- AddThis Share Buttons generic via filter on get_the_excerpt --><\/p>\n","protected":false},"author":24673,"featured_media":12266,"comment_status":"closed","ping_status":"closed","sticky":false,"template":"","format":"standard","meta":{"_et_pb_use_builder":"","_et_pb_old_content":"","_et_gb_content_width":"","footnotes":"","_links_to":"","_links_to_target":""},"categories":[13],"tags":[],"class_list":["post-12243","post","type-post","status-publish","format-standard","has-post-thumbnail","hentry","category-les-dernieres-informations"],"_links":{"self":[{"href":"https:\/\/etab.ac-reunion.fr\/clg-les-aigrettes\/wp-json\/wp\/v2\/posts\/12243","targetHints":{"allow":["GET"]}}],"collection":[{"href":"https:\/\/etab.ac-reunion.fr\/clg-les-aigrettes\/wp-json\/wp\/v2\/posts"}],"about":[{"href":"https:\/\/etab.ac-reunion.fr\/clg-les-aigrettes\/wp-json\/wp\/v2\/types\/post"}],"author":[{"embeddable":true,"href":"https:\/\/etab.ac-reunion.fr\/clg-les-aigrettes\/wp-json\/wp\/v2\/users\/24673"}],"replies":[{"embeddable":true,"href":"https:\/\/etab.ac-reunion.fr\/clg-les-aigrettes\/wp-json\/wp\/v2\/comments?post=12243"}],"version-history":[{"count":17,"href":"https:\/\/etab.ac-reunion.fr\/clg-les-aigrettes\/wp-json\/wp\/v2\/posts\/12243\/revisions"}],"predecessor-version":[{"id":12273,"href":"https:\/\/etab.ac-reunion.fr\/clg-les-aigrettes\/wp-json\/wp\/v2\/posts\/12243\/revisions\/12273"}],"wp:featuredmedia":[{"embeddable":true,"href":"https:\/\/etab.ac-reunion.fr\/clg-les-aigrettes\/wp-json\/wp\/v2\/media\/12266"}],"wp:attachment":[{"href":"https:\/\/etab.ac-reunion.fr\/clg-les-aigrettes\/wp-json\/wp\/v2\/media?parent=12243"}],"wp:term":[{"taxonomy":"category","embeddable":true,"href":"https:\/\/etab.ac-reunion.fr\/clg-les-aigrettes\/wp-json\/wp\/v2\/categories?post=12243"},{"taxonomy":"post_tag","embeddable":true,"href":"https:\/\/etab.ac-reunion.fr\/clg-les-aigrettes\/wp-json\/wp\/v2\/tags?post=12243"}],"curies":[{"name":"wp","href":"https:\/\/api.w.org\/{rel}","templated":true}]}}