{"id":12308,"date":"2024-02-22T07:16:59","date_gmt":"2024-02-22T03:16:59","guid":{"rendered":"https:\/\/etab.ac-reunion.fr\/clg-les-aigrettes\/?p=12308"},"modified":"2024-02-22T07:16:59","modified_gmt":"2024-02-22T03:16:59","slug":"nouvel-an-chinois","status":"publish","type":"post","link":"https:\/\/etab.ac-reunion.fr\/clg-les-aigrettes\/nouvel-an-chinois\/","title":{"rendered":"Nouvel an Chinois"},"content":{"rendered":"<div><b><i>A l&rsquo;occasion du Nouvel An Chinois, c\u00e9l\u00e9br\u00e9 cette ann\u00e9e le samedi 10 f\u00e9vrier, des \u00e9l\u00e8ves des classes 504 et 403 sont venus au CDI installer leurs productions ainsi que celles des \u00e9l\u00e8ves de 307 et 308 autour d&rsquo;une table d\u00e9di\u00e9e pr\u00e9par\u00e9e par la documentaliste.<br \/>\n<\/i><\/b><\/div>\n<div><a href=\"https:\/\/etab.ac-reunion.fr\/clg-les-aigrettes\/wp-content\/uploads\/sites\/96\/2024\/02\/20240212_160347-scaled.jpg\"><img loading=\"lazy\" decoding=\"async\" class=\"alignnone wp-image-12309 size-large\" src=\"https:\/\/etab.ac-reunion.fr\/clg-les-aigrettes\/wp-content\/uploads\/sites\/96\/2024\/02\/20240212_160347-1024x461.jpg\" alt=\"\" width=\"1024\" height=\"461\" srcset=\"https:\/\/etab.ac-reunion.fr\/clg-les-aigrettes\/wp-content\/uploads\/sites\/96\/2024\/02\/20240212_160347-980x441.jpg 980w, https:\/\/etab.ac-reunion.fr\/clg-les-aigrettes\/wp-content\/uploads\/sites\/96\/2024\/02\/20240212_160347-480x216.jpg 480w\" sizes=\"(min-width: 0px) and (max-width: 480px) 480px, (min-width: 481px) and (max-width: 980px) 980px, (min-width: 981px) 1024px, 100vw\" \/><\/a><\/div>\n<div><b><i>De nombreuse lanternes de toute taille, des dessins, des collages et des pliages sont venus colorer et compl\u00e9ter la s\u00e9lection th\u00e9matique mise \u00e0 la disposition du public.<br \/>\n<\/i><\/b><\/div>\n<div><b><i>Des \u00e9l\u00e8ves de l&rsquo;atelier chinois de 603 et 604 ont \u00e9galement r\u00e9alis\u00e9 des panneaux qu&rsquo;ils ont eu plaisir \u00e0 faire.<\/i><\/b><\/div>\n<div><a href=\"https:\/\/etab.ac-reunion.fr\/clg-les-aigrettes\/wp-content\/uploads\/sites\/96\/2024\/02\/IMG-20240212-WA0006.jpg\"><img loading=\"lazy\" decoding=\"async\" class=\"alignnone wp-image-12310 size-large\" src=\"https:\/\/etab.ac-reunion.fr\/clg-les-aigrettes\/wp-content\/uploads\/sites\/96\/2024\/02\/IMG-20240212-WA0006-1024x768.jpg\" alt=\"\" width=\"1024\" height=\"768\" srcset=\"https:\/\/etab.ac-reunion.fr\/clg-les-aigrettes\/wp-content\/uploads\/sites\/96\/2024\/02\/IMG-20240212-WA0006-980x735.jpg 980w, https:\/\/etab.ac-reunion.fr\/clg-les-aigrettes\/wp-content\/uploads\/sites\/96\/2024\/02\/IMG-20240212-WA0006-480x360.jpg 480w\" sizes=\"(min-width: 0px) and (max-width: 480px) 480px, (min-width: 481px) and (max-width: 980px) 980px, (min-width: 981px) 1024px, 100vw\" \/><\/a><\/div>\n<div><b><i>Chacun a pu mettre son travail en valeur afin de marquer le d\u00e9but des c\u00e9l\u00e9brations de l&rsquo;ann\u00e9e du Dragon de bois.<\/i><\/b><\/div>\n<div><b><i>Apr\u00e8s environ une heure d\u2019installation, tous ont pu appr\u00e9cier le r\u00e9sultat de leurs efforts et contempler le travail r\u00e9alis\u00e9, dont ils peuvent \u00eatre fiers.<br \/>\n<\/i><\/b><\/div>\n<div><a href=\"https:\/\/etab.ac-reunion.fr\/clg-les-aigrettes\/wp-content\/uploads\/sites\/96\/2024\/02\/20240212_084218-scaled.jpg\"><img loading=\"lazy\" decoding=\"async\" class=\"alignnone wp-image-12311 size-large\" src=\"https:\/\/etab.ac-reunion.fr\/clg-les-aigrettes\/wp-content\/uploads\/sites\/96\/2024\/02\/20240212_084218-1024x461.jpg\" alt=\"\" width=\"1024\" height=\"461\" srcset=\"https:\/\/etab.ac-reunion.fr\/clg-les-aigrettes\/wp-content\/uploads\/sites\/96\/2024\/02\/20240212_084218-980x441.jpg 980w, https:\/\/etab.ac-reunion.fr\/clg-les-aigrettes\/wp-content\/uploads\/sites\/96\/2024\/02\/20240212_084218-480x216.jpg 480w\" sizes=\"(min-width: 0px) and (max-width: 480px) 480px, (min-width: 481px) and (max-width: 980px) 980px, (min-width: 981px) 1024px, 100vw\" \/><\/a><\/div>\n<div><b><i>Nous pouvons les remercier, ainsi que leur professeur, Mme Ramirez, pour cette touche de lumi\u00e8re et de gait\u00e9 dont tout le monde pourra b\u00e9n\u00e9ficier au sein du centre de ressources jusqu&rsquo;\u00e0 la F\u00eate des Lanternes.<br \/>\n<\/i><\/b><\/div>\n<p><b><i>Nous souhaitons une tr\u00e8s bonne ann\u00e9e \u00e0 tous les membres de la communaut\u00e9 chinoise !<\/i><\/b><\/p>\n<p>&nbsp;<\/p>\n<!-- AddThis Advanced Settings generic via filter on the_content --><!-- AddThis Share Buttons generic via filter on the_content -->","protected":false},"excerpt":{"rendered":"<p>A l&rsquo;occasion du Nouvel An Chinois, c\u00e9l\u00e9br\u00e9 cette ann\u00e9e le samedi 10 f\u00e9vrier, des \u00e9l\u00e8ves des classes 504 et 403 sont venus au CDI installer leurs productions ainsi que celles [&hellip;]<!-- AddThis Advanced Settings generic via filter on get_the_excerpt --><!-- AddThis Share Buttons generic via filter on get_the_excerpt --><\/p>\n","protected":false},"author":24673,"featured_media":0,"comment_status":"closed","ping_status":"closed","sticky":false,"template":"","format":"standard","meta":{"_et_pb_use_builder":"","_et_pb_old_content":"","_et_gb_content_width":"","footnotes":"","_links_to":"","_links_to_target":""},"categories":[13],"tags":[],"class_list":["post-12308","post","type-post","status-publish","format-standard","hentry","category-les-dernieres-informations"],"_links":{"self":[{"href":"https:\/\/etab.ac-reunion.fr\/clg-les-aigrettes\/wp-json\/wp\/v2\/posts\/12308","targetHints":{"allow":["GET"]}}],"collection":[{"href":"https:\/\/etab.ac-reunion.fr\/clg-les-aigrettes\/wp-json\/wp\/v2\/posts"}],"about":[{"href":"https:\/\/etab.ac-reunion.fr\/clg-les-aigrettes\/wp-json\/wp\/v2\/types\/post"}],"author":[{"embeddable":true,"href":"https:\/\/etab.ac-reunion.fr\/clg-les-aigrettes\/wp-json\/wp\/v2\/users\/24673"}],"replies":[{"embeddable":true,"href":"https:\/\/etab.ac-reunion.fr\/clg-les-aigrettes\/wp-json\/wp\/v2\/comments?post=12308"}],"version-history":[{"count":1,"href":"https:\/\/etab.ac-reunion.fr\/clg-les-aigrettes\/wp-json\/wp\/v2\/posts\/12308\/revisions"}],"predecessor-version":[{"id":12312,"href":"https:\/\/etab.ac-reunion.fr\/clg-les-aigrettes\/wp-json\/wp\/v2\/posts\/12308\/revisions\/12312"}],"wp:attachment":[{"href":"https:\/\/etab.ac-reunion.fr\/clg-les-aigrettes\/wp-json\/wp\/v2\/media?parent=12308"}],"wp:term":[{"taxonomy":"category","embeddable":true,"href":"https:\/\/etab.ac-reunion.fr\/clg-les-aigrettes\/wp-json\/wp\/v2\/categories?post=12308"},{"taxonomy":"post_tag","embeddable":true,"href":"https:\/\/etab.ac-reunion.fr\/clg-les-aigrettes\/wp-json\/wp\/v2\/tags?post=12308"}],"curies":[{"name":"wp","href":"https:\/\/api.w.org\/{rel}","templated":true}]}}