{"id":12377,"date":"2024-06-15T16:55:27","date_gmt":"2024-06-15T12:55:27","guid":{"rendered":"https:\/\/etab.ac-reunion.fr\/clg-les-aigrettes\/?p=12377"},"modified":"2024-06-15T18:09:50","modified_gmt":"2024-06-15T14:09:50","slug":"semaine-des-langues-au-cdi","status":"publish","type":"post","link":"https:\/\/etab.ac-reunion.fr\/clg-les-aigrettes\/semaine-des-langues-au-cdi\/","title":{"rendered":"Semaine des Langues au CDI : l&rsquo;espagnol \u00e0 l&rsquo;honneur !"},"content":{"rendered":"<p>La Semaine des Langues a eu lieu du 22 avril au 26 avril 2024 et dans ce cadre, les \u00e9l\u00e8ves ont pu exposer les nombreuses \u0153uvres qu&rsquo;ils avaient r\u00e9alis\u00e9es avec leurs professeurs.<\/p>\r\n<p><img loading=\"lazy\" decoding=\"async\" class=\"alignnone size-medium wp-image-12453\" src=\"https:\/\/etab.ac-reunion.fr\/clg-les-aigrettes\/wp-content\/uploads\/sites\/96\/2024\/06\/ESPAGNE-1-1-300x135.jpg\" alt=\"\" width=\"300\" height=\"135\" \/><\/p>\r\n<div id=\"attachment_12455\" style=\"width: 314px\" class=\"wp-caption alignleft\"><img loading=\"lazy\" decoding=\"async\" aria-describedby=\"caption-attachment-12455\" class=\" wp-image-12455\" src=\"https:\/\/etab.ac-reunion.fr\/clg-les-aigrettes\/wp-content\/uploads\/sites\/96\/2024\/06\/Espagne-4-300x225.jpg\" alt=\"\" width=\"304\" height=\"228\" \/><p id=\"caption-attachment-12455\" class=\"wp-caption-text\">Les mosa\u00efques (1)<\/p><\/div>\r\n<div id=\"attachment_12456\" style=\"width: 310px\" class=\"wp-caption alignnone\"><img loading=\"lazy\" decoding=\"async\" aria-describedby=\"caption-attachment-12456\" class=\"size-medium wp-image-12456\" src=\"https:\/\/etab.ac-reunion.fr\/clg-les-aigrettes\/wp-content\/uploads\/sites\/96\/2024\/06\/Espagne-5-300x225.jpg\" alt=\"\" width=\"300\" height=\"225\" \/><p id=\"caption-attachment-12456\" class=\"wp-caption-text\">Les mosa\u00efques (2)<\/p><\/div>\r\n<p>Le jeudi 25 avril \u00e9tait consacr\u00e9 \u00e0 l&rsquo;espagnol et les classes de 304-305 euro-espagnol de Mme SPASIC ont pr\u00e9par\u00e9 des panneaux consacr\u00e9s \u00e0 leur voyage \u00e0 Barcelone, effectu\u00e9 pendant les vacances de mars 2024. On pouvait y lire leurs t\u00e9moignages, mais ils avaient \u00e9galement pr\u00e9par\u00e9 une mosa\u00efque de photos et diff\u00e9rents jeux-d\u00e9fis (r\u00e9bus, devinettes, mots crois\u00e9s, mots m\u00eal\u00e9s) pour animer des s\u00e9ances lors de visites au CDI. Ainsi, les classes de 304 LV2, 505, 310 et 305 LV2 sont venues d\u00e9couvrir leur travail et jouer en \u00e9quipes afin de relever les d\u00e9fis pr\u00e9par\u00e9s par la classe euro-espagnol.<\/p>\r\n<div id=\"attachment_12454\" style=\"width: 235px\" class=\"wp-caption alignnone\"><img loading=\"lazy\" decoding=\"async\" aria-describedby=\"caption-attachment-12454\" class=\"size-medium wp-image-12454\" src=\"https:\/\/etab.ac-reunion.fr\/clg-les-aigrettes\/wp-content\/uploads\/sites\/96\/2024\/06\/Espagne-3-225x300.jpg\" alt=\"\" width=\"225\" height=\"300\" \/><p id=\"caption-attachment-12454\" class=\"wp-caption-text\">Les t\u00e9moignages<\/p><\/div>\r\n<p>&nbsp;<\/p>\r\n<p><img loading=\"lazy\" decoding=\"async\" class=\"alignnone size-medium wp-image-12462\" src=\"https:\/\/etab.ac-reunion.fr\/clg-les-aigrettes\/wp-content\/uploads\/sites\/96\/2024\/06\/Espagne-7-300x135.jpg\" alt=\"\" width=\"300\" height=\"135\" \/><\/p>\r\n<p><img loading=\"lazy\" decoding=\"async\" class=\"alignnone size-medium wp-image-12464\" src=\"https:\/\/etab.ac-reunion.fr\/clg-les-aigrettes\/wp-content\/uploads\/sites\/96\/2024\/06\/Espagne-8-300x135.jpg\" alt=\"\" width=\"300\" height=\"135\" \/><\/p>\r\n<!-- AddThis Advanced Settings generic via filter on the_content --><!-- AddThis Share Buttons generic via filter on the_content -->","protected":false},"excerpt":{"rendered":"<p>La Semaine des Langues a eu lieu du 22 avril au 26 avril 2024 et dans ce cadre, les \u00e9l\u00e8ves ont pu exposer les nombreuses \u0153uvres qu&rsquo;ils avaient r\u00e9alis\u00e9es avec [&hellip;]<!-- AddThis Advanced Settings generic via filter on get_the_excerpt --><!-- AddThis Share Buttons generic via filter on get_the_excerpt --><\/p>\n","protected":false},"author":17452,"featured_media":0,"comment_status":"closed","ping_status":"closed","sticky":false,"template":"","format":"standard","meta":{"_et_pb_use_builder":"","_et_pb_old_content":"","_et_gb_content_width":"","footnotes":"","_links_to":"","_links_to_target":""},"categories":[13],"tags":[],"class_list":["post-12377","post","type-post","status-publish","format-standard","hentry","category-les-dernieres-informations"],"_links":{"self":[{"href":"https:\/\/etab.ac-reunion.fr\/clg-les-aigrettes\/wp-json\/wp\/v2\/posts\/12377","targetHints":{"allow":["GET"]}}],"collection":[{"href":"https:\/\/etab.ac-reunion.fr\/clg-les-aigrettes\/wp-json\/wp\/v2\/posts"}],"about":[{"href":"https:\/\/etab.ac-reunion.fr\/clg-les-aigrettes\/wp-json\/wp\/v2\/types\/post"}],"author":[{"embeddable":true,"href":"https:\/\/etab.ac-reunion.fr\/clg-les-aigrettes\/wp-json\/wp\/v2\/users\/17452"}],"replies":[{"embeddable":true,"href":"https:\/\/etab.ac-reunion.fr\/clg-les-aigrettes\/wp-json\/wp\/v2\/comments?post=12377"}],"version-history":[{"count":10,"href":"https:\/\/etab.ac-reunion.fr\/clg-les-aigrettes\/wp-json\/wp\/v2\/posts\/12377\/revisions"}],"predecessor-version":[{"id":12620,"href":"https:\/\/etab.ac-reunion.fr\/clg-les-aigrettes\/wp-json\/wp\/v2\/posts\/12377\/revisions\/12620"}],"wp:attachment":[{"href":"https:\/\/etab.ac-reunion.fr\/clg-les-aigrettes\/wp-json\/wp\/v2\/media?parent=12377"}],"wp:term":[{"taxonomy":"category","embeddable":true,"href":"https:\/\/etab.ac-reunion.fr\/clg-les-aigrettes\/wp-json\/wp\/v2\/categories?post=12377"},{"taxonomy":"post_tag","embeddable":true,"href":"https:\/\/etab.ac-reunion.fr\/clg-les-aigrettes\/wp-json\/wp\/v2\/tags?post=12377"}],"curies":[{"name":"wp","href":"https:\/\/api.w.org\/{rel}","templated":true}]}}