{"id":12504,"date":"2024-06-16T11:15:19","date_gmt":"2024-06-16T07:15:19","guid":{"rendered":"https:\/\/etab.ac-reunion.fr\/clg-les-aigrettes\/?p=12504"},"modified":"2024-06-28T11:15:21","modified_gmt":"2024-06-28T07:15:21","slug":"tournoi-dechecs-les-eleves-recompenses","status":"publish","type":"post","link":"https:\/\/etab.ac-reunion.fr\/clg-les-aigrettes\/tournoi-dechecs-les-eleves-recompenses\/","title":{"rendered":"Tournoi d&rsquo;\u00e9checs : les \u00e9l\u00e8ves r\u00e9compens\u00e9s"},"content":{"rendered":"<p>La remise des r\u00e9compenses a eu lieu au CDI le vendredi 3 mai 2024, juste avant les vacances.<\/p>\n<div id=\"attachment_12511\" style=\"width: 1034px\" class=\"wp-caption alignnone\"><img loading=\"lazy\" decoding=\"async\" aria-describedby=\"caption-attachment-12511\" class=\"wp-image-12511 size-large\" src=\"https:\/\/etab.ac-reunion.fr\/clg-les-aigrettes\/wp-content\/uploads\/sites\/96\/2024\/06\/Recompense-tournoi-echecs-1024x527.jpg\" alt=\"\" width=\"1024\" height=\"527\" srcset=\"https:\/\/etab.ac-reunion.fr\/clg-les-aigrettes\/wp-content\/uploads\/sites\/96\/2024\/06\/Recompense-tournoi-echecs-980x505.jpg 980w, https:\/\/etab.ac-reunion.fr\/clg-les-aigrettes\/wp-content\/uploads\/sites\/96\/2024\/06\/Recompense-tournoi-echecs-480x247.jpg 480w\" sizes=\"(min-width: 0px) and (max-width: 480px) 480px, (min-width: 481px) and (max-width: 980px) 980px, (min-width: 981px) 1024px, 100vw\" \/><p id=\"caption-attachment-12511\" class=\"wp-caption-text\">Les laur\u00e9ats et Mme NOLF, professeur de math\u00e9matiques et organisatrice du tournoi.<\/p><\/div>\n<p>Tous les lundis midis, Mme NOLF a propos\u00e9 un club d&rsquo;\u00e9checs au coll\u00e8ge sur la pause m\u00e9ridienne. Apr\u00e8s le tournoi qu&rsquo;elle a organis\u00e9, les participants ont \u00e9t\u00e9 f\u00e9licit\u00e9s par M. VALLON, principal du coll\u00e8ge, et Mme CRAB\u00c9, principale-adjointe.<\/p>\n<div id=\"attachment_12507\" style=\"width: 1034px\" class=\"wp-caption alignnone\"><img loading=\"lazy\" decoding=\"async\" aria-describedby=\"caption-attachment-12507\" class=\"wp-image-12507 size-large\" src=\"https:\/\/etab.ac-reunion.fr\/clg-les-aigrettes\/wp-content\/uploads\/sites\/96\/2024\/06\/Le-principal-felicite-les-participants-du-club-dechecs-1024x471.jpg\" alt=\"\" width=\"1024\" height=\"471\" srcset=\"https:\/\/etab.ac-reunion.fr\/clg-les-aigrettes\/wp-content\/uploads\/sites\/96\/2024\/06\/Le-principal-felicite-les-participants-du-club-dechecs-980x450.jpg 980w, https:\/\/etab.ac-reunion.fr\/clg-les-aigrettes\/wp-content\/uploads\/sites\/96\/2024\/06\/Le-principal-felicite-les-participants-du-club-dechecs-480x221.jpg 480w\" sizes=\"(min-width: 0px) and (max-width: 480px) 480px, (min-width: 481px) and (max-width: 980px) 980px, (min-width: 981px) 1024px, 100vw\" \/><p id=\"caption-attachment-12507\" class=\"wp-caption-text\">Le principal f\u00e9licite les participants du club d&rsquo;\u00e9checs.<\/p><\/div>\n<p>Les gagnants ont re\u00e7u chacun un dipl\u00f4me et une place de cin\u00e9ma.<\/p>\n<p>F\u00e9licitations \u00e0 tous les comp\u00e9titeurs !!!<\/p>\n<!-- AddThis Advanced Settings generic via filter on the_content --><!-- AddThis Share Buttons generic via filter on the_content -->","protected":false},"excerpt":{"rendered":"<p>La remise des r\u00e9compenses a eu lieu au CDI le vendredi 3 mai 2024, juste avant les vacances. Tous les lundis midis, Mme NOLF a propos\u00e9 un club d&rsquo;\u00e9checs au [&hellip;]<!-- AddThis Advanced Settings generic via filter on get_the_excerpt --><!-- AddThis Share Buttons generic via filter on get_the_excerpt --><\/p>\n","protected":false},"author":17452,"featured_media":0,"comment_status":"closed","ping_status":"closed","sticky":false,"template":"","format":"standard","meta":{"_et_pb_use_builder":"","_et_pb_old_content":"","_et_gb_content_width":"","footnotes":"","_links_to":"","_links_to_target":""},"categories":[13],"tags":[],"class_list":["post-12504","post","type-post","status-publish","format-standard","hentry","category-les-dernieres-informations"],"_links":{"self":[{"href":"https:\/\/etab.ac-reunion.fr\/clg-les-aigrettes\/wp-json\/wp\/v2\/posts\/12504","targetHints":{"allow":["GET"]}}],"collection":[{"href":"https:\/\/etab.ac-reunion.fr\/clg-les-aigrettes\/wp-json\/wp\/v2\/posts"}],"about":[{"href":"https:\/\/etab.ac-reunion.fr\/clg-les-aigrettes\/wp-json\/wp\/v2\/types\/post"}],"author":[{"embeddable":true,"href":"https:\/\/etab.ac-reunion.fr\/clg-les-aigrettes\/wp-json\/wp\/v2\/users\/17452"}],"replies":[{"embeddable":true,"href":"https:\/\/etab.ac-reunion.fr\/clg-les-aigrettes\/wp-json\/wp\/v2\/comments?post=12504"}],"version-history":[{"count":7,"href":"https:\/\/etab.ac-reunion.fr\/clg-les-aigrettes\/wp-json\/wp\/v2\/posts\/12504\/revisions"}],"predecessor-version":[{"id":12612,"href":"https:\/\/etab.ac-reunion.fr\/clg-les-aigrettes\/wp-json\/wp\/v2\/posts\/12504\/revisions\/12612"}],"wp:attachment":[{"href":"https:\/\/etab.ac-reunion.fr\/clg-les-aigrettes\/wp-json\/wp\/v2\/media?parent=12504"}],"wp:term":[{"taxonomy":"category","embeddable":true,"href":"https:\/\/etab.ac-reunion.fr\/clg-les-aigrettes\/wp-json\/wp\/v2\/categories?post=12504"},{"taxonomy":"post_tag","embeddable":true,"href":"https:\/\/etab.ac-reunion.fr\/clg-les-aigrettes\/wp-json\/wp\/v2\/tags?post=12504"}],"curies":[{"name":"wp","href":"https:\/\/api.w.org\/{rel}","templated":true}]}}