{"id":12576,"date":"2024-06-21T13:34:43","date_gmt":"2024-06-21T09:34:43","guid":{"rendered":"https:\/\/etab.ac-reunion.fr\/clg-les-aigrettes\/?p=12576"},"modified":"2024-06-28T11:31:27","modified_gmt":"2024-06-28T07:31:27","slug":"plurilingue-2023-2024","status":"publish","type":"post","link":"https:\/\/etab.ac-reunion.fr\/clg-les-aigrettes\/plurilingue-2023-2024\/","title":{"rendered":"Plurilingue 2023\/2024"},"content":{"rendered":"<div class=\"video-info-description-html\">\n<p><img loading=\"lazy\" decoding=\"async\" class=\"aligncenter wp-image-12577 size-large\" src=\"https:\/\/etab.ac-reunion.fr\/clg-les-aigrettes\/wp-content\/uploads\/sites\/96\/2024\/06\/Premiere-page-1024x575.png\" alt=\"\" width=\"1024\" height=\"575\" srcset=\"https:\/\/etab.ac-reunion.fr\/clg-les-aigrettes\/wp-content\/uploads\/sites\/96\/2024\/06\/Premiere-page-1024x575.png 1024w, https:\/\/etab.ac-reunion.fr\/clg-les-aigrettes\/wp-content\/uploads\/sites\/96\/2024\/06\/Premiere-page-980x551.png 980w, https:\/\/etab.ac-reunion.fr\/clg-les-aigrettes\/wp-content\/uploads\/sites\/96\/2024\/06\/Premiere-page-480x270.png 480w\" sizes=\"(min-width: 0px) and (max-width: 480px) 480px, (min-width: 481px) and (max-width: 980px) 980px, (min-width: 981px) 1024px, 100vw\" \/><\/p>\n<p>Projet plurilingue 2023\/2024 avec comme th\u00e8me l&rsquo;inclusion scolaire.<\/p>\n<p>R\u00e9alisation:<\/p>\n<ul>\n<li>Panneaux directionnels plurilingue<\/li>\n<li>Annamorphose en plusieurs langues<\/li>\n<li>Acceuil des CM2 avec les \u00e9l\u00e8ves des classes plurilingues.<\/li>\n<\/ul>\n<p style=\"text-align: center\"><iframe loading=\"lazy\" class=\"wp-embedded-content\" sandbox=\"allow-scripts\" security=\"restricted\" title=\"Le projet plurilingue 2023-2024\" width=\"560\" height=\"315\" src=\"https:\/\/tube-institutionnel.apps.education.fr\/videos\/embed\/d64883fc-ce87-452c-99ca-0bbde8f4bd79#?secret=xaiGB3AUyC\" data-secret=\"xaiGB3AUyC\" frameborder=\"0\"><\/iframe><\/p>\n<p>&nbsp;<\/p>\n<\/div>\n<!-- AddThis Advanced Settings generic via filter on the_content --><!-- AddThis Share Buttons generic via filter on the_content -->","protected":false},"excerpt":{"rendered":"<p>Projet plurilingue 2023\/2024 avec comme th\u00e8me l&rsquo;inclusion scolaire. R\u00e9alisation: Panneaux directionnels plurilingue Annamorphose en plusieurs langues Acceuil des CM2 avec les \u00e9l\u00e8ves des classes plurilingues. &nbsp;<!-- AddThis Advanced Settings generic via filter on get_the_excerpt --><!-- AddThis Share Buttons generic via filter on get_the_excerpt --><\/p>\n","protected":false},"author":7942,"featured_media":0,"comment_status":"closed","ping_status":"closed","sticky":false,"template":"","format":"standard","meta":{"_et_pb_use_builder":"","_et_pb_old_content":"","_et_gb_content_width":"","footnotes":"","_links_to":"","_links_to_target":""},"categories":[13],"tags":[],"class_list":["post-12576","post","type-post","status-publish","format-standard","hentry","category-les-dernieres-informations"],"_links":{"self":[{"href":"https:\/\/etab.ac-reunion.fr\/clg-les-aigrettes\/wp-json\/wp\/v2\/posts\/12576","targetHints":{"allow":["GET"]}}],"collection":[{"href":"https:\/\/etab.ac-reunion.fr\/clg-les-aigrettes\/wp-json\/wp\/v2\/posts"}],"about":[{"href":"https:\/\/etab.ac-reunion.fr\/clg-les-aigrettes\/wp-json\/wp\/v2\/types\/post"}],"author":[{"embeddable":true,"href":"https:\/\/etab.ac-reunion.fr\/clg-les-aigrettes\/wp-json\/wp\/v2\/users\/7942"}],"replies":[{"embeddable":true,"href":"https:\/\/etab.ac-reunion.fr\/clg-les-aigrettes\/wp-json\/wp\/v2\/comments?post=12576"}],"version-history":[{"count":4,"href":"https:\/\/etab.ac-reunion.fr\/clg-les-aigrettes\/wp-json\/wp\/v2\/posts\/12576\/revisions"}],"predecessor-version":[{"id":12621,"href":"https:\/\/etab.ac-reunion.fr\/clg-les-aigrettes\/wp-json\/wp\/v2\/posts\/12576\/revisions\/12621"}],"wp:attachment":[{"href":"https:\/\/etab.ac-reunion.fr\/clg-les-aigrettes\/wp-json\/wp\/v2\/media?parent=12576"}],"wp:term":[{"taxonomy":"category","embeddable":true,"href":"https:\/\/etab.ac-reunion.fr\/clg-les-aigrettes\/wp-json\/wp\/v2\/categories?post=12576"},{"taxonomy":"post_tag","embeddable":true,"href":"https:\/\/etab.ac-reunion.fr\/clg-les-aigrettes\/wp-json\/wp\/v2\/tags?post=12576"}],"curies":[{"name":"wp","href":"https:\/\/api.w.org\/{rel}","templated":true}]}}