{"id":12581,"date":"2024-06-26T18:26:30","date_gmt":"2024-06-26T14:26:30","guid":{"rendered":"https:\/\/etab.ac-reunion.fr\/clg-les-aigrettes\/?p=12581"},"modified":"2024-06-28T13:38:42","modified_gmt":"2024-06-28T09:38:42","slug":"defi-lecture-au-cdi-avec-les-3eme-segpa","status":"publish","type":"post","link":"https:\/\/etab.ac-reunion.fr\/clg-les-aigrettes\/defi-lecture-au-cdi-avec-les-3eme-segpa\/","title":{"rendered":"D\u00e9fi-lecture au CDI avec les 3\u00e8me Segpa"},"content":{"rendered":"<div id=\"attachment_12572\" style=\"width: 410px\" class=\"wp-caption aligncenter\"><img loading=\"lazy\" decoding=\"async\" aria-describedby=\"caption-attachment-12572\" class=\"wp-image-12572 size-full\" src=\"https:\/\/etab.ac-reunion.fr\/clg-les-aigrettes\/wp-content\/uploads\/sites\/96\/2024\/06\/Un-prince-a-croquer1.jpg\" alt=\"\" width=\"400\" height=\"527\" srcset=\"https:\/\/etab.ac-reunion.fr\/clg-les-aigrettes\/wp-content\/uploads\/sites\/96\/2024\/06\/Un-prince-a-croquer1.jpg 400w, https:\/\/etab.ac-reunion.fr\/clg-les-aigrettes\/wp-content\/uploads\/sites\/96\/2024\/06\/Un-prince-a-croquer1-228x300.jpg 228w\" sizes=\"(max-width: 400px) 100vw, 400px\" \/><p id=\"caption-attachment-12572\" class=\"wp-caption-text\">Tome 1 : Entr\u00e9e<\/p><\/div>\n<div id=\"attachment_12573\" style=\"width: 245px\" class=\"wp-caption aligncenter\"><img loading=\"lazy\" decoding=\"async\" aria-describedby=\"caption-attachment-12573\" class=\"wp-image-12573 size-medium\" src=\"https:\/\/etab.ac-reunion.fr\/clg-les-aigrettes\/wp-content\/uploads\/sites\/96\/2024\/06\/Un-prince-a-croquer2_-235x300.jpg\" alt=\"\" width=\"235\" height=\"300\" \/><p id=\"caption-attachment-12573\" class=\"wp-caption-text\">Tome 2 : Plat<\/p><\/div>\n<div id=\"attachment_12574\" style=\"width: 275px\" class=\"wp-caption aligncenter\"><img loading=\"lazy\" decoding=\"async\" aria-describedby=\"caption-attachment-12574\" class=\"wp-image-12574 size-full\" src=\"https:\/\/etab.ac-reunion.fr\/clg-les-aigrettes\/wp-content\/uploads\/sites\/96\/2024\/06\/Un-prince-a-croquer-3.jpg\" alt=\"\" width=\"265\" height=\"348\" srcset=\"https:\/\/etab.ac-reunion.fr\/clg-les-aigrettes\/wp-content\/uploads\/sites\/96\/2024\/06\/Un-prince-a-croquer-3.jpg 265w, https:\/\/etab.ac-reunion.fr\/clg-les-aigrettes\/wp-content\/uploads\/sites\/96\/2024\/06\/Un-prince-a-croquer-3-228x300.jpg 228w\" sizes=\"(max-width: 265px) 100vw, 265px\" \/><p id=\"caption-attachment-12574\" class=\"wp-caption-text\">Tome 3 : Entremets<\/p><\/div>\n<div id=\"attachment_12575\" style=\"width: 275px\" class=\"wp-caption aligncenter\"><img loading=\"lazy\" decoding=\"async\" aria-describedby=\"caption-attachment-12575\" class=\"wp-image-12575 size-full\" src=\"https:\/\/etab.ac-reunion.fr\/clg-les-aigrettes\/wp-content\/uploads\/sites\/96\/2024\/06\/Un-prince-a-croquer-4.jpeg\" alt=\"\" width=\"265\" height=\"351\" srcset=\"https:\/\/etab.ac-reunion.fr\/clg-les-aigrettes\/wp-content\/uploads\/sites\/96\/2024\/06\/Un-prince-a-croquer-4.jpeg 265w, https:\/\/etab.ac-reunion.fr\/clg-les-aigrettes\/wp-content\/uploads\/sites\/96\/2024\/06\/Un-prince-a-croquer-4-226x300.jpeg 226w\" sizes=\"(max-width: 265px) 100vw, 265px\" \/><p id=\"caption-attachment-12575\" class=\"wp-caption-text\">Tome 4 : Dessert<\/p><\/div>\n<p>Apr\u00e8s avoir travaill\u00e9 toute l&rsquo;ann\u00e9e sur la bande dessin\u00e9e en 4 tomes <strong><em>Un Prince \u00e0 croquer<\/em><\/strong> de Patricia LYFUNG, la classe de 301 s&rsquo;est retrouv\u00e9e au CDI lundi 17 juin 2024 de 8h \u00e0 10h pour s&rsquo;affronter et se lancer des d\u00e9fis.<\/p>\n<p>Mme Bolusset, professeur de la classe, Mme Payet, AESH, et Mme Bedin, professeur documentaliste, ont encadr\u00e9 le tout petit groupe d&rsquo;\u00e9l\u00e8ves venu jouer autour d&rsquo;un plateau de jeu de l&rsquo;oie fabriqu\u00e9 par leur professeur.<\/p>\n<div id=\"attachment_12513\" style=\"width: 654px\" class=\"wp-caption aligncenter\"><img loading=\"lazy\" decoding=\"async\" aria-describedby=\"caption-attachment-12513\" class=\"wp-image-12513 size-large\" src=\"https:\/\/etab.ac-reunion.fr\/clg-les-aigrettes\/wp-content\/uploads\/sites\/96\/2024\/06\/Defi-lecture-644x1024.jpg\" alt=\"\" width=\"644\" height=\"1024\" \/><p id=\"caption-attachment-12513\" class=\"wp-caption-text\">Le fameux plateau de jeu de l&rsquo;oie<\/p><\/div>\n<p>Les questions avaient \u00e9t\u00e9 \u00e9labor\u00e9es au CDI durant l&rsquo;ann\u00e9e et Kendra, Florian, K\u00e9ran et Larry ont disput\u00e9 le match pendant une heure, autour de QCM, questions ouvertes, devinettes, messages cod\u00e9s, questions vrai-faux ainsi que plusieurs obstacles. Toutes ces questions ont ponctu\u00e9 le parcours de chaque \u00e9quipe jusqu&rsquo;\u00e0 la fameuse case finale num\u00e9rot\u00e9e 63 sur laquelle il fallait tomber parfaitement !&#8230;<\/p>\n<div id=\"attachment_12600\" style=\"width: 1034px\" class=\"wp-caption aligncenter\"><img loading=\"lazy\" decoding=\"async\" aria-describedby=\"caption-attachment-12600\" class=\"wp-image-12600 size-large\" src=\"https:\/\/etab.ac-reunion.fr\/clg-les-aigrettes\/wp-content\/uploads\/sites\/96\/2024\/06\/Lequipe-de-choc-des-301-1024x461.jpg\" alt=\"\" width=\"1024\" height=\"461\" srcset=\"https:\/\/etab.ac-reunion.fr\/clg-les-aigrettes\/wp-content\/uploads\/sites\/96\/2024\/06\/Lequipe-de-choc-des-301-980x441.jpg 980w, https:\/\/etab.ac-reunion.fr\/clg-les-aigrettes\/wp-content\/uploads\/sites\/96\/2024\/06\/Lequipe-de-choc-des-301-480x216.jpg 480w\" sizes=\"(min-width: 0px) and (max-width: 480px) 480px, (min-width: 481px) and (max-width: 980px) 980px, (min-width: 981px) 1024px, 100vw\" \/><p id=\"caption-attachment-12600\" class=\"wp-caption-text\">L&rsquo;\u00e9quipe de choc des 301<\/p><\/div>\n<p>La rencontre s&rsquo;est ensuite cl\u00f4tur\u00e9e par un petit go\u00fbter et une r\u00e9compense.<\/p>\n<p>Tous les participants ont \u00e9t\u00e9 f\u00e9licit\u00e9s et r\u00e9compens\u00e9s de leurs efforts : ils ont chacun re\u00e7u des places de cin\u00e9ma qu&rsquo;ils pourront utiliser d\u00e8s le d\u00e9but des vacances scolaires, qui pour eux ne vont pas tarder, apr\u00e8s le conseil de classe et le CFG.<\/p>\n<p>F\u00e9licitations \u00e0 tous les participants pr\u00e9sents et bonne continuation dans leur future vie de lyc\u00e9ens !<\/p>\n<!-- AddThis Advanced Settings generic via filter on the_content --><!-- AddThis Share Buttons generic via filter on the_content -->","protected":false},"excerpt":{"rendered":"<p>Apr\u00e8s avoir travaill\u00e9 toute l&rsquo;ann\u00e9e sur la bande dessin\u00e9e en 4 tomes Un Prince \u00e0 croquer de Patricia LYFUNG, la classe de 301 s&rsquo;est retrouv\u00e9e au CDI lundi 17 juin [&hellip;]<!-- AddThis Advanced Settings generic via filter on get_the_excerpt --><!-- AddThis Share Buttons generic via filter on get_the_excerpt --><\/p>\n","protected":false},"author":17452,"featured_media":0,"comment_status":"closed","ping_status":"closed","sticky":false,"template":"","format":"standard","meta":{"_et_pb_use_builder":"","_et_pb_old_content":"","_et_gb_content_width":"","footnotes":"","_links_to":"","_links_to_target":""},"categories":[13],"tags":[],"class_list":["post-12581","post","type-post","status-publish","format-standard","hentry","category-les-dernieres-informations"],"_links":{"self":[{"href":"https:\/\/etab.ac-reunion.fr\/clg-les-aigrettes\/wp-json\/wp\/v2\/posts\/12581","targetHints":{"allow":["GET"]}}],"collection":[{"href":"https:\/\/etab.ac-reunion.fr\/clg-les-aigrettes\/wp-json\/wp\/v2\/posts"}],"about":[{"href":"https:\/\/etab.ac-reunion.fr\/clg-les-aigrettes\/wp-json\/wp\/v2\/types\/post"}],"author":[{"embeddable":true,"href":"https:\/\/etab.ac-reunion.fr\/clg-les-aigrettes\/wp-json\/wp\/v2\/users\/17452"}],"replies":[{"embeddable":true,"href":"https:\/\/etab.ac-reunion.fr\/clg-les-aigrettes\/wp-json\/wp\/v2\/comments?post=12581"}],"version-history":[{"count":8,"href":"https:\/\/etab.ac-reunion.fr\/clg-les-aigrettes\/wp-json\/wp\/v2\/posts\/12581\/revisions"}],"predecessor-version":[{"id":12651,"href":"https:\/\/etab.ac-reunion.fr\/clg-les-aigrettes\/wp-json\/wp\/v2\/posts\/12581\/revisions\/12651"}],"wp:attachment":[{"href":"https:\/\/etab.ac-reunion.fr\/clg-les-aigrettes\/wp-json\/wp\/v2\/media?parent=12581"}],"wp:term":[{"taxonomy":"category","embeddable":true,"href":"https:\/\/etab.ac-reunion.fr\/clg-les-aigrettes\/wp-json\/wp\/v2\/categories?post=12581"},{"taxonomy":"post_tag","embeddable":true,"href":"https:\/\/etab.ac-reunion.fr\/clg-les-aigrettes\/wp-json\/wp\/v2\/tags?post=12581"}],"curies":[{"name":"wp","href":"https:\/\/api.w.org\/{rel}","templated":true}]}}